{"id":3580,"date":"2026-05-03T13:19:36","date_gmt":"2026-05-03T11:19:36","guid":{"rendered":"https:\/\/www.macedoniapress.com\/?p=3580"},"modified":"2026-05-03T13:19:36","modified_gmt":"2026-05-03T11:19:36","slug":"60-mije-ulese-per-koncertin-e-kanye-west-tirana-do-dridhet-me-11-korrik","status":"publish","type":"post","link":"https:\/\/www.macedoniapress.com\/?p=3580","title":{"rendered":"\u201c60 mij\u00eb ul\u00ebse p\u00ebr koncertin e Kanye West\u201d, Tirana do dridhet m\u00eb 11 korrik"},"content":{"rendered":"<p><strong>madh q\u00eb artisti me fam\u00eb bot\u00ebrore, Kanye West do t\u00eb mbaj\u00eb n\u00eb Tiran\u00eb m\u00eb 11 korrik.<\/strong><\/p>\n<p>Ai tha se pritet t\u00eb nd\u00ebrtohet nj\u00eb stadium q\u00eb do t\u00eb pres\u00eb deri n\u00eb 60 mij\u00eb persona, nd\u00ebrsa nd\u00ebrtimi i tij pritet t\u00eb zgjas\u00eb deri n\u00eb gjasht\u00eb jav\u00eb, transmeton Klankosova.tv.<br \/>\nGazetari thot\u00eb se pas performanc\u00ebs s\u00eb West, ky stadium do t\u00eb \u00e7montohet plot\u00ebsisht, pasi \u00ebsht\u00eb i dedikuar ekskluzivisht artisti.<\/p>\n<p class=\" aBigClassNameToAvoidCollision2\">&#8220;Biletat do t\u00eb fillojn\u00eb t\u00eb shiten nga dita e mart\u00eb. 99 euro \u00ebsht\u00eb p\u00ebr publikun e thjesht\u00eb, nd\u00ebrsa p\u00ebr zonat VIP biletat shiten edhe m\u00eb shtrenjt\u00eb\u201d, tha ai.<\/p>\n<p>&nbsp;<\/p>\n","protected":false},"excerpt":{"rendered":"<p>madh q\u00eb artisti me fam\u00eb bot\u00ebrore, Kanye West do t\u00eb mbaj\u00eb n\u00eb Tiran\u00eb m\u00eb 11 korrik. Ai tha se pritet t\u00eb nd\u00ebrtohet nj\u00eb stadium q\u00eb do t\u00eb pres\u00eb deri n\u00eb 60 mij\u00eb persona, nd\u00ebrsa nd\u00ebrtimi i tij pritet t\u00eb zgjas\u00eb deri n\u00eb gjasht\u00eb jav\u00eb, transmeton Klankosova.tv. Gazetari thot\u00eb se pas performanc\u00ebs s\u00eb West, ky stadium&#8230;<\/p>\n","protected":false},"author":2,"featured_media":3581,"comment_status":"closed","ping_status":"open","sticky":false,"template":"","format":"standard","meta":{"footnotes":""},"categories":[8],"tags":[],"class_list":["post-3580","post","type-post","status-publish","format-standard","has-post-thumbnail","hentry","category-showbizz"],"yoast_head":"<!-- This site is optimized with the Yoast SEO plugin v27.2 - https:\/\/yoast.com\/product\/yoast-seo-wordpress\/ -->\n<title>\u201c60 mij\u00eb ul\u00ebse p\u00ebr koncertin e Kanye West\u201d, Tirana do dridhet m\u00eb 11 korrik - Macedonia Press<\/title>\n<meta name=\"robots\" content=\"index, follow, max-snippet:-1, max-image-preview:large, max-video-preview:-1\" \/>\n<link rel=\"canonical\" href=\"https:\/\/www.macedoniapress.com\/?p=3580\" \/>\n<meta property=\"og:locale\" content=\"en_US\" \/>\n<meta property=\"og:type\" content=\"article\" \/>\n<meta property=\"og:title\" content=\"\u201c60 mij\u00eb ul\u00ebse p\u00ebr koncertin e Kanye West\u201d, Tirana do dridhet m\u00eb 11 korrik - Macedonia Press\" \/>\n<meta property=\"og:description\" content=\"madh q\u00eb artisti me fam\u00eb bot\u00ebrore, Kanye West do t\u00eb mbaj\u00eb n\u00eb Tiran\u00eb m\u00eb 11 korrik. Ai tha se pritet t\u00eb nd\u00ebrtohet nj\u00eb stadium q\u00eb do t\u00eb pres\u00eb deri n\u00eb 60 mij\u00eb persona, nd\u00ebrsa nd\u00ebrtimi i tij pritet t\u00eb zgjas\u00eb deri n\u00eb gjasht\u00eb jav\u00eb, transmeton Klankosova.tv. Gazetari thot\u00eb se pas performanc\u00ebs s\u00eb West, ky stadium...\" \/>\n<meta property=\"og:url\" content=\"https:\/\/www.macedoniapress.com\/?p=3580\" \/>\n<meta property=\"og:site_name\" content=\"Macedonia Press\" \/>\n<meta property=\"article:published_time\" content=\"2026-05-03T11:19:36+00:00\" \/>\n<meta property=\"og:image\" content=\"https:\/\/www.macedoniapress.com\/wp-content\/uploads\/2026\/05\/IMG_3098.png\" \/>\n\t<meta property=\"og:image:width\" content=\"724\" \/>\n\t<meta property=\"og:image:height\" content=\"543\" \/>\n\t<meta property=\"og:image:type\" content=\"image\/png\" \/>\n<meta name=\"author\" content=\"Macedonia Press\" \/>\n<meta name=\"twitter:card\" content=\"summary_large_image\" \/>\n<meta name=\"twitter:label1\" content=\"Written by\" \/>\n\t<meta name=\"twitter:data1\" content=\"Macedonia Press\" \/>\n\t<meta name=\"twitter:label2\" content=\"Est. reading time\" \/>\n\t<meta name=\"twitter:data2\" content=\"1 minute\" \/>\n<script type=\"application\/ld+json\" class=\"yoast-schema-graph\">{\"@context\":\"https:\/\/schema.org\",\"@graph\":[{\"@type\":\"Article\",\"@id\":\"https:\/\/www.macedoniapress.com\/?p=3580#article\",\"isPartOf\":{\"@id\":\"https:\/\/www.macedoniapress.com\/?p=3580\"},\"author\":{\"name\":\"Macedonia Press\",\"@id\":\"https:\/\/www.macedoniapress.com\/#\/schema\/person\/060101f54fa08b58b8847d6f8536f977\"},\"headline\":\"\u201c60 mij\u00eb ul\u00ebse p\u00ebr koncertin e Kanye West\u201d, Tirana do dridhet m\u00eb 11 korrik\",\"datePublished\":\"2026-05-03T11:19:36+00:00\",\"mainEntityOfPage\":{\"@id\":\"https:\/\/www.macedoniapress.com\/?p=3580\"},\"wordCount\":115,\"publisher\":{\"@id\":\"https:\/\/www.macedoniapress.com\/#organization\"},\"image\":{\"@id\":\"https:\/\/www.macedoniapress.com\/?p=3580#primaryimage\"},\"thumbnailUrl\":\"https:\/\/www.macedoniapress.com\/wp-content\/uploads\/2026\/05\/IMG_3098.png\",\"articleSection\":[\"SHOWBIZZ\"],\"inLanguage\":\"en-US\"},{\"@type\":\"WebPage\",\"@id\":\"https:\/\/www.macedoniapress.com\/?p=3580\",\"url\":\"https:\/\/www.macedoniapress.com\/?p=3580\",\"name\":\"\u201c60 mij\u00eb ul\u00ebse p\u00ebr koncertin e Kanye West\u201d, Tirana do dridhet m\u00eb 11 korrik - Macedonia Press\",\"isPartOf\":{\"@id\":\"https:\/\/www.macedoniapress.com\/#website\"},\"primaryImageOfPage\":{\"@id\":\"https:\/\/www.macedoniapress.com\/?p=3580#primaryimage\"},\"image\":{\"@id\":\"https:\/\/www.macedoniapress.com\/?p=3580#primaryimage\"},\"thumbnailUrl\":\"https:\/\/www.macedoniapress.com\/wp-content\/uploads\/2026\/05\/IMG_3098.png\",\"datePublished\":\"2026-05-03T11:19:36+00:00\",\"breadcrumb\":{\"@id\":\"https:\/\/www.macedoniapress.com\/?p=3580#breadcrumb\"},\"inLanguage\":\"en-US\",\"potentialAction\":[{\"@type\":\"ReadAction\",\"target\":[\"https:\/\/www.macedoniapress.com\/?p=3580\"]}]},{\"@type\":\"ImageObject\",\"inLanguage\":\"en-US\",\"@id\":\"https:\/\/www.macedoniapress.com\/?p=3580#primaryimage\",\"url\":\"https:\/\/www.macedoniapress.com\/wp-content\/uploads\/2026\/05\/IMG_3098.png\",\"contentUrl\":\"https:\/\/www.macedoniapress.com\/wp-content\/uploads\/2026\/05\/IMG_3098.png\",\"width\":724,\"height\":543},{\"@type\":\"BreadcrumbList\",\"@id\":\"https:\/\/www.macedoniapress.com\/?p=3580#breadcrumb\",\"itemListElement\":[{\"@type\":\"ListItem\",\"position\":1,\"name\":\"Home\",\"item\":\"https:\/\/www.macedoniapress.com\/\"},{\"@type\":\"ListItem\",\"position\":2,\"name\":\"\u201c60 mij\u00eb ul\u00ebse p\u00ebr koncertin e Kanye West\u201d, Tirana do dridhet m\u00eb 11 korrik\"}]},{\"@type\":\"WebSite\",\"@id\":\"https:\/\/www.macedoniapress.com\/#website\",\"url\":\"https:\/\/www.macedoniapress.com\/\",\"name\":\"Macedonia Press\",\"description\":\"macedoniapress.com\",\"publisher\":{\"@id\":\"https:\/\/www.macedoniapress.com\/#organization\"},\"potentialAction\":[{\"@type\":\"SearchAction\",\"target\":{\"@type\":\"EntryPoint\",\"urlTemplate\":\"https:\/\/www.macedoniapress.com\/?s={search_term_string}\"},\"query-input\":{\"@type\":\"PropertyValueSpecification\",\"valueRequired\":true,\"valueName\":\"search_term_string\"}}],\"inLanguage\":\"en-US\"},{\"@type\":\"Organization\",\"@id\":\"https:\/\/www.macedoniapress.com\/#organization\",\"name\":\"Macedonia Press\",\"url\":\"https:\/\/www.macedoniapress.com\/\",\"logo\":{\"@type\":\"ImageObject\",\"inLanguage\":\"en-US\",\"@id\":\"https:\/\/www.macedoniapress.com\/#\/schema\/logo\/image\/\",\"url\":\"https:\/\/www.macedoniapress.com\/wp-content\/uploads\/2025\/09\/21440B89-8EAC-4476-9403-469F5CA0CDC8.png\",\"contentUrl\":\"https:\/\/www.macedoniapress.com\/wp-content\/uploads\/2025\/09\/21440B89-8EAC-4476-9403-469F5CA0CDC8.png\",\"width\":1536,\"height\":1024,\"caption\":\"Macedonia Press\"},\"image\":{\"@id\":\"https:\/\/www.macedoniapress.com\/#\/schema\/logo\/image\/\"}},{\"@type\":\"Person\",\"@id\":\"https:\/\/www.macedoniapress.com\/#\/schema\/person\/060101f54fa08b58b8847d6f8536f977\",\"name\":\"Macedonia Press\",\"url\":\"https:\/\/www.macedoniapress.com\/?author=2\"}]}<\/script>\n<!-- \/ Yoast SEO plugin. -->","yoast_head_json":{"title":"\u201c60 mij\u00eb ul\u00ebse p\u00ebr koncertin e Kanye West\u201d, Tirana do dridhet m\u00eb 11 korrik - Macedonia Press","robots":{"index":"index","follow":"follow","max-snippet":"max-snippet:-1","max-image-preview":"max-image-preview:large","max-video-preview":"max-video-preview:-1"},"canonical":"https:\/\/www.macedoniapress.com\/?p=3580","og_locale":"en_US","og_type":"article","og_title":"\u201c60 mij\u00eb ul\u00ebse p\u00ebr koncertin e Kanye West\u201d, Tirana do dridhet m\u00eb 11 korrik - Macedonia Press","og_description":"madh q\u00eb artisti me fam\u00eb bot\u00ebrore, Kanye West do t\u00eb mbaj\u00eb n\u00eb Tiran\u00eb m\u00eb 11 korrik. Ai tha se pritet t\u00eb nd\u00ebrtohet nj\u00eb stadium q\u00eb do t\u00eb pres\u00eb deri n\u00eb 60 mij\u00eb persona, nd\u00ebrsa nd\u00ebrtimi i tij pritet t\u00eb zgjas\u00eb deri n\u00eb gjasht\u00eb jav\u00eb, transmeton Klankosova.tv. Gazetari thot\u00eb se pas performanc\u00ebs s\u00eb West, ky stadium...","og_url":"https:\/\/www.macedoniapress.com\/?p=3580","og_site_name":"Macedonia Press","article_published_time":"2026-05-03T11:19:36+00:00","og_image":[{"width":724,"height":543,"url":"https:\/\/www.macedoniapress.com\/wp-content\/uploads\/2026\/05\/IMG_3098.png","type":"image\/png"}],"author":"Macedonia Press","twitter_card":"summary_large_image","twitter_misc":{"Written by":"Macedonia Press","Est. reading time":"1 minute"},"schema":{"@context":"https:\/\/schema.org","@graph":[{"@type":"Article","@id":"https:\/\/www.macedoniapress.com\/?p=3580#article","isPartOf":{"@id":"https:\/\/www.macedoniapress.com\/?p=3580"},"author":{"name":"Macedonia Press","@id":"https:\/\/www.macedoniapress.com\/#\/schema\/person\/060101f54fa08b58b8847d6f8536f977"},"headline":"\u201c60 mij\u00eb ul\u00ebse p\u00ebr koncertin e Kanye West\u201d, Tirana do dridhet m\u00eb 11 korrik","datePublished":"2026-05-03T11:19:36+00:00","mainEntityOfPage":{"@id":"https:\/\/www.macedoniapress.com\/?p=3580"},"wordCount":115,"publisher":{"@id":"https:\/\/www.macedoniapress.com\/#organization"},"image":{"@id":"https:\/\/www.macedoniapress.com\/?p=3580#primaryimage"},"thumbnailUrl":"https:\/\/www.macedoniapress.com\/wp-content\/uploads\/2026\/05\/IMG_3098.png","articleSection":["SHOWBIZZ"],"inLanguage":"en-US"},{"@type":"WebPage","@id":"https:\/\/www.macedoniapress.com\/?p=3580","url":"https:\/\/www.macedoniapress.com\/?p=3580","name":"\u201c60 mij\u00eb ul\u00ebse p\u00ebr koncertin e Kanye West\u201d, Tirana do dridhet m\u00eb 11 korrik - Macedonia Press","isPartOf":{"@id":"https:\/\/www.macedoniapress.com\/#website"},"primaryImageOfPage":{"@id":"https:\/\/www.macedoniapress.com\/?p=3580#primaryimage"},"image":{"@id":"https:\/\/www.macedoniapress.com\/?p=3580#primaryimage"},"thumbnailUrl":"https:\/\/www.macedoniapress.com\/wp-content\/uploads\/2026\/05\/IMG_3098.png","datePublished":"2026-05-03T11:19:36+00:00","breadcrumb":{"@id":"https:\/\/www.macedoniapress.com\/?p=3580#breadcrumb"},"inLanguage":"en-US","potentialAction":[{"@type":"ReadAction","target":["https:\/\/www.macedoniapress.com\/?p=3580"]}]},{"@type":"ImageObject","inLanguage":"en-US","@id":"https:\/\/www.macedoniapress.com\/?p=3580#primaryimage","url":"https:\/\/www.macedoniapress.com\/wp-content\/uploads\/2026\/05\/IMG_3098.png","contentUrl":"https:\/\/www.macedoniapress.com\/wp-content\/uploads\/2026\/05\/IMG_3098.png","width":724,"height":543},{"@type":"BreadcrumbList","@id":"https:\/\/www.macedoniapress.com\/?p=3580#breadcrumb","itemListElement":[{"@type":"ListItem","position":1,"name":"Home","item":"https:\/\/www.macedoniapress.com\/"},{"@type":"ListItem","position":2,"name":"\u201c60 mij\u00eb ul\u00ebse p\u00ebr koncertin e Kanye West\u201d, Tirana do dridhet m\u00eb 11 korrik"}]},{"@type":"WebSite","@id":"https:\/\/www.macedoniapress.com\/#website","url":"https:\/\/www.macedoniapress.com\/","name":"Macedonia Press","description":"macedoniapress.com","publisher":{"@id":"https:\/\/www.macedoniapress.com\/#organization"},"potentialAction":[{"@type":"SearchAction","target":{"@type":"EntryPoint","urlTemplate":"https:\/\/www.macedoniapress.com\/?s={search_term_string}"},"query-input":{"@type":"PropertyValueSpecification","valueRequired":true,"valueName":"search_term_string"}}],"inLanguage":"en-US"},{"@type":"Organization","@id":"https:\/\/www.macedoniapress.com\/#organization","name":"Macedonia Press","url":"https:\/\/www.macedoniapress.com\/","logo":{"@type":"ImageObject","inLanguage":"en-US","@id":"https:\/\/www.macedoniapress.com\/#\/schema\/logo\/image\/","url":"https:\/\/www.macedoniapress.com\/wp-content\/uploads\/2025\/09\/21440B89-8EAC-4476-9403-469F5CA0CDC8.png","contentUrl":"https:\/\/www.macedoniapress.com\/wp-content\/uploads\/2025\/09\/21440B89-8EAC-4476-9403-469F5CA0CDC8.png","width":1536,"height":1024,"caption":"Macedonia Press"},"image":{"@id":"https:\/\/www.macedoniapress.com\/#\/schema\/logo\/image\/"}},{"@type":"Person","@id":"https:\/\/www.macedoniapress.com\/#\/schema\/person\/060101f54fa08b58b8847d6f8536f977","name":"Macedonia Press","url":"https:\/\/www.macedoniapress.com\/?author=2"}]}},"_links":{"self":[{"href":"https:\/\/www.macedoniapress.com\/index.php?rest_route=\/wp\/v2\/posts\/3580","targetHints":{"allow":["GET"]}}],"collection":[{"href":"https:\/\/www.macedoniapress.com\/index.php?rest_route=\/wp\/v2\/posts"}],"about":[{"href":"https:\/\/www.macedoniapress.com\/index.php?rest_route=\/wp\/v2\/types\/post"}],"author":[{"embeddable":true,"href":"https:\/\/www.macedoniapress.com\/index.php?rest_route=\/wp\/v2\/users\/2"}],"replies":[{"embeddable":true,"href":"https:\/\/www.macedoniapress.com\/index.php?rest_route=%2Fwp%2Fv2%2Fcomments&post=3580"}],"version-history":[{"count":1,"href":"https:\/\/www.macedoniapress.com\/index.php?rest_route=\/wp\/v2\/posts\/3580\/revisions"}],"predecessor-version":[{"id":3582,"href":"https:\/\/www.macedoniapress.com\/index.php?rest_route=\/wp\/v2\/posts\/3580\/revisions\/3582"}],"wp:featuredmedia":[{"embeddable":true,"href":"https:\/\/www.macedoniapress.com\/index.php?rest_route=\/wp\/v2\/media\/3581"}],"wp:attachment":[{"href":"https:\/\/www.macedoniapress.com\/index.php?rest_route=%2Fwp%2Fv2%2Fmedia&parent=3580"}],"wp:term":[{"taxonomy":"category","embeddable":true,"href":"https:\/\/www.macedoniapress.com\/index.php?rest_route=%2Fwp%2Fv2%2Fcategories&post=3580"},{"taxonomy":"post_tag","embeddable":true,"href":"https:\/\/www.macedoniapress.com\/index.php?rest_route=%2Fwp%2Fv2%2Ftags&post=3580"}],"curies":[{"name":"wp","href":"https:\/\/api.w.org\/{rel}","templated":true}]}}