{"id":3577,"date":"2026-05-03T09:18:52","date_gmt":"2026-05-03T07:18:52","guid":{"rendered":"https:\/\/www.macedoniapress.com\/?p=3577"},"modified":"2026-05-03T09:18:52","modified_gmt":"2026-05-03T07:18:52","slug":"do-ta-shqyrtoj-planin-e-ri-qe-na-ka-derguar-irani-trump-nuk-mendoj-se-do-jete-i-pranueshem","status":"publish","type":"post","link":"https:\/\/www.macedoniapress.com\/?p=3577","title":{"rendered":"\u201cDo ta shqyrtoj planin e ri q\u00eb na ka d\u00ebrguar Irani\u201d, Trump: Nuk mendoj se do jet\u00eb i pranuesh\u00ebm"},"content":{"rendered":"<p>Presidenti i SHBA-s\u00eb, Donald Trump, tha t\u00eb shtun\u00ebn n\u00eb mbr\u00ebmje se s\u00eb shpejti do t\u00eb shqyrtoj\u00eb nj\u00eb plan t\u00eb ri nga Irani, por se \u201cnuk mund ta imagjinoj\u00eb se do t\u00eb ishte i pranuesh\u00ebm\u201d.<\/p>\n<p><em>\u201cAta m\u00eb treguan p\u00ebr konceptin e marr\u00ebveshjes. Tani do t\u00eb m\u00eb japin formulimin e sakt\u00eb\u201d<\/em>, u tha ai gazetar\u00ebve nd\u00ebrsa hipte n\u00eb Air Force One n\u00eb Florida.<\/p>\n<p>Irani paraqiti nj\u00eb p\u00ebrgjigje prej 14 pikash ndaj nj\u00eb propozimi nga SHBA-ja, raportoi t\u00eb shtun\u00ebn agjencia iraniane e lajmeve Tasnim, e lidhur me Korpusin e Gard\u00ebs Revolucionare Islamike t\u00eb Iranit.<\/p>\n<div class=\"adGroupWrapper\">\n<div class=\"adGroupWrapperInner\" data-max-slots=\"2\">\n<div class=\"oneAdBlock\">\n<div id=\"div-gpt-ad-1508427039785-2\" class=\"abd\" data-google-query-id=\"CPS_odTJnJQDFW3REQgdHywscw\">\n<p>Tasnim raportoi se SHBA-ja propozoi nj\u00eb arm\u00ebpushim dy-mujor, por se Irani beson \u201cse \u00e7\u00ebshtjet duhet t\u00eb zgjidhen brenda 30 dit\u00ebve\u201d dhe se negociatat duhet t\u00eb p\u00ebrqendrohen n\u00eb \u201cp\u00ebrfundimin e luft\u00ebs\u201d n\u00eb vend t\u00eb zgjatjes s\u00eb nj\u00eb arm\u00ebpushimi.<\/p>\n<p>Zyrtar\u00ebt iranian\u00eb ende nuk kan\u00eb komentuar publikisht mbi detajet e p\u00ebrgjigjes s\u00eb raportuar.<\/p>\n<p>Presidenti gjithashtu kund\u00ebrshtoi v\u00ebrejtjet q\u00eb b\u00ebri t\u00eb premten n\u00eb mbr\u00ebmje, kur tha: <em>\u201cSinqerisht, ndoshta \u00ebsht\u00eb m\u00eb mir\u00eb t\u00eb mos b\u00ebjm\u00eb fare nj\u00eb marr\u00ebveshje. A doni ta dini t\u00eb v\u00ebrtet\u00ebn? Sepse nuk mund ta l\u00ebm\u00eb k\u00ebt\u00eb gj\u00eb t\u00eb vazhdoj\u00eb\u201d.<\/em><\/p>\n<p><em>\u201cNuk e thash\u00eb k\u00ebt\u00eb\u201d<\/em>, tha Trump t\u00eb shtun\u00ebn.<\/p>\n<p><em>\u201cThash\u00eb se n\u00ebse largohemi tani, do t\u2019u duheshin 20 vjet p\u00ebr ta rind\u00ebrtuar. Por ne nuk po largohemi tani\u201d<\/em>, u tha ai gazetar\u00ebve.<\/p>\n<\/div>\n<\/div>\n<\/div>\n<\/div>\n","protected":false},"excerpt":{"rendered":"<p>Presidenti i SHBA-s\u00eb, Donald Trump, tha t\u00eb shtun\u00ebn n\u00eb mbr\u00ebmje se s\u00eb shpejti do t\u00eb shqyrtoj\u00eb nj\u00eb plan t\u00eb ri nga Irani, por se \u201cnuk mund ta imagjinoj\u00eb se do t\u00eb ishte i pranuesh\u00ebm\u201d. \u201cAta m\u00eb treguan p\u00ebr konceptin e marr\u00ebveshjes. Tani do t\u00eb m\u00eb japin formulimin e sakt\u00eb\u201d, u tha ai gazetar\u00ebve nd\u00ebrsa hipte&#8230;<\/p>\n","protected":false},"author":2,"featured_media":3578,"comment_status":"closed","ping_status":"open","sticky":false,"template":"","format":"standard","meta":{"footnotes":""},"categories":[6],"tags":[],"class_list":["post-3577","post","type-post","status-publish","format-standard","has-post-thumbnail","hentry","category-bota"],"yoast_head":"<!-- This site is optimized with the Yoast SEO plugin v27.2 - https:\/\/yoast.com\/product\/yoast-seo-wordpress\/ -->\n<title>\u201cDo ta shqyrtoj planin e ri q\u00eb na ka d\u00ebrguar Irani\u201d, Trump: Nuk mendoj se do jet\u00eb i pranuesh\u00ebm - Macedonia Press<\/title>\n<meta name=\"robots\" content=\"index, follow, max-snippet:-1, max-image-preview:large, max-video-preview:-1\" \/>\n<link rel=\"canonical\" href=\"https:\/\/www.macedoniapress.com\/?p=3577\" \/>\n<meta property=\"og:locale\" content=\"en_US\" \/>\n<meta property=\"og:type\" content=\"article\" \/>\n<meta property=\"og:title\" content=\"\u201cDo ta shqyrtoj planin e ri q\u00eb na ka d\u00ebrguar Irani\u201d, Trump: Nuk mendoj se do jet\u00eb i pranuesh\u00ebm - Macedonia Press\" \/>\n<meta property=\"og:description\" content=\"Presidenti i SHBA-s\u00eb, Donald Trump, tha t\u00eb shtun\u00ebn n\u00eb mbr\u00ebmje se s\u00eb shpejti do t\u00eb shqyrtoj\u00eb nj\u00eb plan t\u00eb ri nga Irani, por se \u201cnuk mund ta imagjinoj\u00eb se do t\u00eb ishte i pranuesh\u00ebm\u201d. \u201cAta m\u00eb treguan p\u00ebr konceptin e marr\u00ebveshjes. Tani do t\u00eb m\u00eb japin formulimin e sakt\u00eb\u201d, u tha ai gazetar\u00ebve nd\u00ebrsa hipte...\" \/>\n<meta property=\"og:url\" content=\"https:\/\/www.macedoniapress.com\/?p=3577\" \/>\n<meta property=\"og:site_name\" content=\"Macedonia Press\" \/>\n<meta property=\"article:published_time\" content=\"2026-05-03T07:18:52+00:00\" \/>\n<meta property=\"og:image\" content=\"https:\/\/www.macedoniapress.com\/wp-content\/uploads\/2026\/05\/IMG_3092.webp\" \/>\n\t<meta property=\"og:image:width\" content=\"1920\" \/>\n\t<meta property=\"og:image:height\" content=\"1080\" \/>\n\t<meta property=\"og:image:type\" content=\"image\/webp\" \/>\n<meta name=\"author\" content=\"Macedonia Press\" \/>\n<meta name=\"twitter:card\" content=\"summary_large_image\" \/>\n<meta name=\"twitter:label1\" content=\"Written by\" \/>\n\t<meta name=\"twitter:data1\" content=\"Macedonia Press\" \/>\n\t<meta name=\"twitter:label2\" content=\"Est. reading time\" \/>\n\t<meta name=\"twitter:data2\" content=\"1 minute\" \/>\n<script type=\"application\/ld+json\" class=\"yoast-schema-graph\">{\"@context\":\"https:\/\/schema.org\",\"@graph\":[{\"@type\":\"Article\",\"@id\":\"https:\/\/www.macedoniapress.com\/?p=3577#article\",\"isPartOf\":{\"@id\":\"https:\/\/www.macedoniapress.com\/?p=3577\"},\"author\":{\"name\":\"Macedonia Press\",\"@id\":\"https:\/\/www.macedoniapress.com\/#\/schema\/person\/060101f54fa08b58b8847d6f8536f977\"},\"headline\":\"\u201cDo ta shqyrtoj planin e ri q\u00eb na ka d\u00ebrguar Irani\u201d, Trump: Nuk mendoj se do jet\u00eb i pranuesh\u00ebm\",\"datePublished\":\"2026-05-03T07:18:52+00:00\",\"mainEntityOfPage\":{\"@id\":\"https:\/\/www.macedoniapress.com\/?p=3577\"},\"wordCount\":263,\"publisher\":{\"@id\":\"https:\/\/www.macedoniapress.com\/#organization\"},\"image\":{\"@id\":\"https:\/\/www.macedoniapress.com\/?p=3577#primaryimage\"},\"thumbnailUrl\":\"https:\/\/www.macedoniapress.com\/wp-content\/uploads\/2026\/05\/IMG_3092.webp\",\"articleSection\":[\"BOTA\"],\"inLanguage\":\"en-US\"},{\"@type\":\"WebPage\",\"@id\":\"https:\/\/www.macedoniapress.com\/?p=3577\",\"url\":\"https:\/\/www.macedoniapress.com\/?p=3577\",\"name\":\"\u201cDo ta shqyrtoj planin e ri q\u00eb na ka d\u00ebrguar Irani\u201d, Trump: Nuk mendoj se do jet\u00eb i pranuesh\u00ebm - Macedonia Press\",\"isPartOf\":{\"@id\":\"https:\/\/www.macedoniapress.com\/#website\"},\"primaryImageOfPage\":{\"@id\":\"https:\/\/www.macedoniapress.com\/?p=3577#primaryimage\"},\"image\":{\"@id\":\"https:\/\/www.macedoniapress.com\/?p=3577#primaryimage\"},\"thumbnailUrl\":\"https:\/\/www.macedoniapress.com\/wp-content\/uploads\/2026\/05\/IMG_3092.webp\",\"datePublished\":\"2026-05-03T07:18:52+00:00\",\"breadcrumb\":{\"@id\":\"https:\/\/www.macedoniapress.com\/?p=3577#breadcrumb\"},\"inLanguage\":\"en-US\",\"potentialAction\":[{\"@type\":\"ReadAction\",\"target\":[\"https:\/\/www.macedoniapress.com\/?p=3577\"]}]},{\"@type\":\"ImageObject\",\"inLanguage\":\"en-US\",\"@id\":\"https:\/\/www.macedoniapress.com\/?p=3577#primaryimage\",\"url\":\"https:\/\/www.macedoniapress.com\/wp-content\/uploads\/2026\/05\/IMG_3092.webp\",\"contentUrl\":\"https:\/\/www.macedoniapress.com\/wp-content\/uploads\/2026\/05\/IMG_3092.webp\",\"width\":1920,\"height\":1080},{\"@type\":\"BreadcrumbList\",\"@id\":\"https:\/\/www.macedoniapress.com\/?p=3577#breadcrumb\",\"itemListElement\":[{\"@type\":\"ListItem\",\"position\":1,\"name\":\"Home\",\"item\":\"https:\/\/www.macedoniapress.com\/\"},{\"@type\":\"ListItem\",\"position\":2,\"name\":\"\u201cDo ta shqyrtoj planin e ri q\u00eb na ka d\u00ebrguar Irani\u201d, Trump: Nuk mendoj se do jet\u00eb i pranuesh\u00ebm\"}]},{\"@type\":\"WebSite\",\"@id\":\"https:\/\/www.macedoniapress.com\/#website\",\"url\":\"https:\/\/www.macedoniapress.com\/\",\"name\":\"Macedonia Press\",\"description\":\"macedoniapress.com\",\"publisher\":{\"@id\":\"https:\/\/www.macedoniapress.com\/#organization\"},\"potentialAction\":[{\"@type\":\"SearchAction\",\"target\":{\"@type\":\"EntryPoint\",\"urlTemplate\":\"https:\/\/www.macedoniapress.com\/?s={search_term_string}\"},\"query-input\":{\"@type\":\"PropertyValueSpecification\",\"valueRequired\":true,\"valueName\":\"search_term_string\"}}],\"inLanguage\":\"en-US\"},{\"@type\":\"Organization\",\"@id\":\"https:\/\/www.macedoniapress.com\/#organization\",\"name\":\"Macedonia Press\",\"url\":\"https:\/\/www.macedoniapress.com\/\",\"logo\":{\"@type\":\"ImageObject\",\"inLanguage\":\"en-US\",\"@id\":\"https:\/\/www.macedoniapress.com\/#\/schema\/logo\/image\/\",\"url\":\"https:\/\/www.macedoniapress.com\/wp-content\/uploads\/2025\/09\/21440B89-8EAC-4476-9403-469F5CA0CDC8.png\",\"contentUrl\":\"https:\/\/www.macedoniapress.com\/wp-content\/uploads\/2025\/09\/21440B89-8EAC-4476-9403-469F5CA0CDC8.png\",\"width\":1536,\"height\":1024,\"caption\":\"Macedonia Press\"},\"image\":{\"@id\":\"https:\/\/www.macedoniapress.com\/#\/schema\/logo\/image\/\"}},{\"@type\":\"Person\",\"@id\":\"https:\/\/www.macedoniapress.com\/#\/schema\/person\/060101f54fa08b58b8847d6f8536f977\",\"name\":\"Macedonia Press\",\"url\":\"https:\/\/www.macedoniapress.com\/?author=2\"}]}<\/script>\n<!-- \/ Yoast SEO plugin. -->","yoast_head_json":{"title":"\u201cDo ta shqyrtoj planin e ri q\u00eb na ka d\u00ebrguar Irani\u201d, Trump: Nuk mendoj se do jet\u00eb i pranuesh\u00ebm - Macedonia Press","robots":{"index":"index","follow":"follow","max-snippet":"max-snippet:-1","max-image-preview":"max-image-preview:large","max-video-preview":"max-video-preview:-1"},"canonical":"https:\/\/www.macedoniapress.com\/?p=3577","og_locale":"en_US","og_type":"article","og_title":"\u201cDo ta shqyrtoj planin e ri q\u00eb na ka d\u00ebrguar Irani\u201d, Trump: Nuk mendoj se do jet\u00eb i pranuesh\u00ebm - Macedonia Press","og_description":"Presidenti i SHBA-s\u00eb, Donald Trump, tha t\u00eb shtun\u00ebn n\u00eb mbr\u00ebmje se s\u00eb shpejti do t\u00eb shqyrtoj\u00eb nj\u00eb plan t\u00eb ri nga Irani, por se \u201cnuk mund ta imagjinoj\u00eb se do t\u00eb ishte i pranuesh\u00ebm\u201d. \u201cAta m\u00eb treguan p\u00ebr konceptin e marr\u00ebveshjes. Tani do t\u00eb m\u00eb japin formulimin e sakt\u00eb\u201d, u tha ai gazetar\u00ebve nd\u00ebrsa hipte...","og_url":"https:\/\/www.macedoniapress.com\/?p=3577","og_site_name":"Macedonia Press","article_published_time":"2026-05-03T07:18:52+00:00","og_image":[{"width":1920,"height":1080,"url":"https:\/\/www.macedoniapress.com\/wp-content\/uploads\/2026\/05\/IMG_3092.webp","type":"image\/webp"}],"author":"Macedonia Press","twitter_card":"summary_large_image","twitter_misc":{"Written by":"Macedonia Press","Est. reading time":"1 minute"},"schema":{"@context":"https:\/\/schema.org","@graph":[{"@type":"Article","@id":"https:\/\/www.macedoniapress.com\/?p=3577#article","isPartOf":{"@id":"https:\/\/www.macedoniapress.com\/?p=3577"},"author":{"name":"Macedonia Press","@id":"https:\/\/www.macedoniapress.com\/#\/schema\/person\/060101f54fa08b58b8847d6f8536f977"},"headline":"\u201cDo ta shqyrtoj planin e ri q\u00eb na ka d\u00ebrguar Irani\u201d, Trump: Nuk mendoj se do jet\u00eb i pranuesh\u00ebm","datePublished":"2026-05-03T07:18:52+00:00","mainEntityOfPage":{"@id":"https:\/\/www.macedoniapress.com\/?p=3577"},"wordCount":263,"publisher":{"@id":"https:\/\/www.macedoniapress.com\/#organization"},"image":{"@id":"https:\/\/www.macedoniapress.com\/?p=3577#primaryimage"},"thumbnailUrl":"https:\/\/www.macedoniapress.com\/wp-content\/uploads\/2026\/05\/IMG_3092.webp","articleSection":["BOTA"],"inLanguage":"en-US"},{"@type":"WebPage","@id":"https:\/\/www.macedoniapress.com\/?p=3577","url":"https:\/\/www.macedoniapress.com\/?p=3577","name":"\u201cDo ta shqyrtoj planin e ri q\u00eb na ka d\u00ebrguar Irani\u201d, Trump: Nuk mendoj se do jet\u00eb i pranuesh\u00ebm - Macedonia Press","isPartOf":{"@id":"https:\/\/www.macedoniapress.com\/#website"},"primaryImageOfPage":{"@id":"https:\/\/www.macedoniapress.com\/?p=3577#primaryimage"},"image":{"@id":"https:\/\/www.macedoniapress.com\/?p=3577#primaryimage"},"thumbnailUrl":"https:\/\/www.macedoniapress.com\/wp-content\/uploads\/2026\/05\/IMG_3092.webp","datePublished":"2026-05-03T07:18:52+00:00","breadcrumb":{"@id":"https:\/\/www.macedoniapress.com\/?p=3577#breadcrumb"},"inLanguage":"en-US","potentialAction":[{"@type":"ReadAction","target":["https:\/\/www.macedoniapress.com\/?p=3577"]}]},{"@type":"ImageObject","inLanguage":"en-US","@id":"https:\/\/www.macedoniapress.com\/?p=3577#primaryimage","url":"https:\/\/www.macedoniapress.com\/wp-content\/uploads\/2026\/05\/IMG_3092.webp","contentUrl":"https:\/\/www.macedoniapress.com\/wp-content\/uploads\/2026\/05\/IMG_3092.webp","width":1920,"height":1080},{"@type":"BreadcrumbList","@id":"https:\/\/www.macedoniapress.com\/?p=3577#breadcrumb","itemListElement":[{"@type":"ListItem","position":1,"name":"Home","item":"https:\/\/www.macedoniapress.com\/"},{"@type":"ListItem","position":2,"name":"\u201cDo ta shqyrtoj planin e ri q\u00eb na ka d\u00ebrguar Irani\u201d, Trump: Nuk mendoj se do jet\u00eb i pranuesh\u00ebm"}]},{"@type":"WebSite","@id":"https:\/\/www.macedoniapress.com\/#website","url":"https:\/\/www.macedoniapress.com\/","name":"Macedonia Press","description":"macedoniapress.com","publisher":{"@id":"https:\/\/www.macedoniapress.com\/#organization"},"potentialAction":[{"@type":"SearchAction","target":{"@type":"EntryPoint","urlTemplate":"https:\/\/www.macedoniapress.com\/?s={search_term_string}"},"query-input":{"@type":"PropertyValueSpecification","valueRequired":true,"valueName":"search_term_string"}}],"inLanguage":"en-US"},{"@type":"Organization","@id":"https:\/\/www.macedoniapress.com\/#organization","name":"Macedonia Press","url":"https:\/\/www.macedoniapress.com\/","logo":{"@type":"ImageObject","inLanguage":"en-US","@id":"https:\/\/www.macedoniapress.com\/#\/schema\/logo\/image\/","url":"https:\/\/www.macedoniapress.com\/wp-content\/uploads\/2025\/09\/21440B89-8EAC-4476-9403-469F5CA0CDC8.png","contentUrl":"https:\/\/www.macedoniapress.com\/wp-content\/uploads\/2025\/09\/21440B89-8EAC-4476-9403-469F5CA0CDC8.png","width":1536,"height":1024,"caption":"Macedonia Press"},"image":{"@id":"https:\/\/www.macedoniapress.com\/#\/schema\/logo\/image\/"}},{"@type":"Person","@id":"https:\/\/www.macedoniapress.com\/#\/schema\/person\/060101f54fa08b58b8847d6f8536f977","name":"Macedonia Press","url":"https:\/\/www.macedoniapress.com\/?author=2"}]}},"_links":{"self":[{"href":"https:\/\/www.macedoniapress.com\/index.php?rest_route=\/wp\/v2\/posts\/3577","targetHints":{"allow":["GET"]}}],"collection":[{"href":"https:\/\/www.macedoniapress.com\/index.php?rest_route=\/wp\/v2\/posts"}],"about":[{"href":"https:\/\/www.macedoniapress.com\/index.php?rest_route=\/wp\/v2\/types\/post"}],"author":[{"embeddable":true,"href":"https:\/\/www.macedoniapress.com\/index.php?rest_route=\/wp\/v2\/users\/2"}],"replies":[{"embeddable":true,"href":"https:\/\/www.macedoniapress.com\/index.php?rest_route=%2Fwp%2Fv2%2Fcomments&post=3577"}],"version-history":[{"count":1,"href":"https:\/\/www.macedoniapress.com\/index.php?rest_route=\/wp\/v2\/posts\/3577\/revisions"}],"predecessor-version":[{"id":3579,"href":"https:\/\/www.macedoniapress.com\/index.php?rest_route=\/wp\/v2\/posts\/3577\/revisions\/3579"}],"wp:featuredmedia":[{"embeddable":true,"href":"https:\/\/www.macedoniapress.com\/index.php?rest_route=\/wp\/v2\/media\/3578"}],"wp:attachment":[{"href":"https:\/\/www.macedoniapress.com\/index.php?rest_route=%2Fwp%2Fv2%2Fmedia&parent=3577"}],"wp:term":[{"taxonomy":"category","embeddable":true,"href":"https:\/\/www.macedoniapress.com\/index.php?rest_route=%2Fwp%2Fv2%2Fcategories&post=3577"},{"taxonomy":"post_tag","embeddable":true,"href":"https:\/\/www.macedoniapress.com\/index.php?rest_route=%2Fwp%2Fv2%2Ftags&post=3577"}],"curies":[{"name":"wp","href":"https:\/\/api.w.org\/{rel}","templated":true}]}}