{"id":3573,"date":"2026-05-02T04:20:28","date_gmt":"2026-05-02T02:20:28","guid":{"rendered":"https:\/\/www.macedoniapress.com\/?p=3573"},"modified":"2026-05-02T04:20:28","modified_gmt":"2026-05-02T02:20:28","slug":"prinderit-diplomate-pjese-e-skandalit-vret-veten-i-riu-qe-epstein-i-la-5-milione-euro-ne-testament","status":"publish","type":"post","link":"https:\/\/www.macedoniapress.com\/?p=3573","title":{"rendered":"Prind\u00ebrit diplomat\u00eb pjes\u00eb e skandalit, vret veten i riu q\u00eb Epstein i la 5 milion\u00eb euro n\u00eb testament"},"content":{"rendered":"<p>Edward Juul Rod-Larsen, 25 vje\u00e7, u gjet i vdekur n\u00eb Oslo, n\u00eb nj\u00eb moment kur paralelisht po zhvillohet hetimi mbi kontaktet e dyshuara t\u00eb familjes s\u00eb tij me Jeffrey Epstein. Vdekja e tij ndodhi nd\u00ebrsa hetimet jan\u00eb duke u zhvilluar p\u00ebr prind\u00ebrit e tij, dy diplomat\u00eb t\u00eb njohur norvegjez\u00eb.<\/p>\n<p>Autoritetet norvegjeze, n\u00eb bashk\u00ebpunim me policin\u00eb franceze, po hetojn\u00eb aktivitetet e Terje Rod-Larsen dhe Mona Juul, pas raportimeve q\u00eb i lidhin ata me mjedisin e Epstein.<\/p>\n<p>Interesi i autoriteteve u intensifikua kur u zbulua se n\u00eb testamentin e tij, Epstein dyshohet se kishte siguruar 10 milion\u00eb dollar\u00eb p\u00ebr Edwardin dhe motr\u00ebn e tij binjake, Emma, \u200b\u200bnj\u00eb shum\u00eb e ngjashme me at\u00eb q\u00eb i atribuohet Ghislaine Maxwell.<\/p>\n<p>Familja pretendon se nuk ka marr\u00eb kurr\u00eb asnj\u00eb pjes\u00eb t\u00eb shum\u00ebs, duke v\u00ebn\u00eb n\u00eb dukje se m\u00ebsuan p\u00ebr ekzistenc\u00ebn e dispozit\u00ebs p\u00ebrkat\u00ebse ekskluzivisht p\u00ebrmes botimeve. N\u00eb t\u00eb nj\u00ebjt\u00ebn koh\u00eb, sqaron se dy f\u00ebmij\u00ebt nuk jan\u00eb p\u00ebrballur kurr\u00eb me ndonj\u00eb akuz\u00eb.<\/p>\n<p>Avokat\u00ebt e familjes, Thomas Skjelbred dhe John Christian Elden, konfirmuan vdekjen e 25-vje\u00e7arit, duke ia atribuar at\u00eb zhurm\u00ebs s\u00eb madhe mediatike \u00a0q\u00eb ishte krijuar n\u00eb muajt e fundit.<\/p>\n<p>Autoritetet norvegjeze po hetojn\u00eb mund\u00ebsin\u00eb e \u201ckorrupsionit serioz\u201d dhe bashk\u00ebpunimit t\u00eb mundsh\u00ebm, me prind\u00ebrit e t\u00eb ndjerit, q\u00eb mohojn\u00eb kategorikisht \u00e7do p\u00ebrfshirje.<\/p>\n<div class=\"twitter-tweet twitter-tweet-rendered\"><iframe id=\"twitter-widget-1\" class=\"\" title=\"X Post\" src=\"https:\/\/platform.twitter.com\/embed\/Tweet.html?creatorScreenName=topchanneltv&amp;dnt=false&amp;embedId=twitter-widget-1&amp;features=eyJ0ZndfdGltZWxpbmVfbGlzdCI6eyJidWNrZXQiOltdLCJ2ZXJzaW9uIjpudWxsfSwidGZ3X2ZvbGxvd2VyX2NvdW50X3N1bnNldCI6eyJidWNrZXQiOnRydWUsInZlcnNpb24iOm51bGx9LCJ0ZndfdHdlZXRfZWRpdF9iYWNrZW5kIjp7ImJ1Y2tldCI6Im9uIiwidmVyc2lvbiI6bnVsbH0sInRmd19yZWZzcmNfc2Vzc2lvbiI6eyJidWNrZXQiOiJvbiIsInZlcnNpb24iOm51bGx9LCJ0ZndfZm9zbnJfc29mdF9pbnRlcnZlbnRpb25zX2VuYWJsZWQiOnsiYnVja2V0Ijoib24iLCJ2ZXJzaW9uIjpudWxsfSwidGZ3X21peGVkX21lZGlhXzE1ODk3Ijp7ImJ1Y2tldCI6InRyZWF0bWVudCIsInZlcnNpb24iOm51bGx9LCJ0ZndfZXhwZXJpbWVudHNfY29va2llX2V4cGlyYXRpb24iOnsiYnVja2V0IjoxMjA5NjAwLCJ2ZXJzaW9uIjpudWxsfSwidGZ3X3Nob3dfYmlyZHdhdGNoX3Bpdm90c19lbmFibGVkIjp7ImJ1Y2tldCI6Im9uIiwidmVyc2lvbiI6bnVsbH0sInRmd19kdXBsaWNhdGVfc2NyaWJlc190b19zZXR0aW5ncyI6eyJidWNrZXQiOiJvbiIsInZlcnNpb24iOm51bGx9LCJ0ZndfdXNlX3Byb2ZpbGVfaW1hZ2Vfc2hhcGVfZW5hYmxlZCI6eyJidWNrZXQiOiJvbiIsInZlcnNpb24iOm51bGx9LCJ0ZndfdmlkZW9faGxzX2R5bmFtaWNfbWFuaWZlc3RzXzE1MDgyIjp7ImJ1Y2tldCI6InRydWVfYml0cmF0ZSIsInZlcnNpb24iOm51bGx9LCJ0ZndfbGVnYWN5X3RpbWVsaW5lX3N1bnNldCI6eyJidWNrZXQiOnRydWUsInZlcnNpb24iOm51bGx9LCJ0ZndfdHdlZXRfZWRpdF9mcm9udGVuZCI6eyJidWNrZXQiOiJvbiIsInZlcnNpb24iOm51bGx9fQ%3D%3D&amp;frame=false&amp;hideCard=false&amp;hideThread=false&amp;id=2050191380631232930&amp;lang=en&amp;maxWidth=560px&amp;origin=https%3A%2F%2Ftop-channel.tv%2F2026%2F05%2F01%2Fprinderit-diplomate-pjese-e-skandalit-vret-veten-i-riu-qe-epstein-i-la-5-milione-euro-ne-testament%2F&amp;sessionId=245d9662e30a33db57347962ae69db3f2a77d2b2&amp;siteScreenName=tchbreakingnews&amp;theme=light&amp;widgetsVersion=2615f7e52b7e0%3A1702314776716&amp;width=550px\" frameborder=\"0\" scrolling=\"no\" allowfullscreen=\"allowfullscreen\" data-tweet-id=\"2050191380631232930\" data-mce-fragment=\"1\"><\/iframe><\/div>\n<p>&nbsp;<\/p>\n<p>&nbsp;<\/p>\n<div class=\"adGroupWrapper\">\n<div class=\"adGroupWrapperInner\" data-max-slots=\"2\">\n<div class=\"oneAdBlock\">\n<div id=\"div-gpt-ad-1508427039785-4\" class=\"abd\" data-google-query-id=\"CJj_-JXDmZQDFdPaDQkd1sUvZA\">\n<div id=\"google_ads_iframe_\/52408802\/TOPCHHOME4_0__container__\"><\/div>\n<\/div>\n<\/div>\n<\/div>\n<\/div>\n<p>&nbsp;<\/p>\n","protected":false},"excerpt":{"rendered":"<p>Edward Juul Rod-Larsen, 25 vje\u00e7, u gjet i vdekur n\u00eb Oslo, n\u00eb nj\u00eb moment kur paralelisht po zhvillohet hetimi mbi kontaktet e dyshuara t\u00eb familjes s\u00eb tij me Jeffrey Epstein. Vdekja e tij ndodhi nd\u00ebrsa hetimet jan\u00eb duke u zhvilluar p\u00ebr prind\u00ebrit e tij, dy diplomat\u00eb t\u00eb njohur norvegjez\u00eb. Autoritetet norvegjeze, n\u00eb bashk\u00ebpunim me policin\u00eb&#8230;<\/p>\n","protected":false},"author":2,"featured_media":3574,"comment_status":"closed","ping_status":"open","sticky":false,"template":"","format":"standard","meta":{"footnotes":""},"categories":[6],"tags":[],"class_list":["post-3573","post","type-post","status-publish","format-standard","has-post-thumbnail","hentry","category-bota"],"yoast_head":"<!-- This site is optimized with the Yoast SEO plugin v27.2 - https:\/\/yoast.com\/product\/yoast-seo-wordpress\/ -->\n<title>Prind\u00ebrit diplomat\u00eb pjes\u00eb e skandalit, vret veten i riu q\u00eb Epstein i la 5 milion\u00eb euro n\u00eb testament - Macedonia Press<\/title>\n<meta name=\"robots\" content=\"index, follow, max-snippet:-1, max-image-preview:large, max-video-preview:-1\" \/>\n<link rel=\"canonical\" href=\"https:\/\/www.macedoniapress.com\/?p=3573\" \/>\n<meta property=\"og:locale\" content=\"en_US\" \/>\n<meta property=\"og:type\" content=\"article\" \/>\n<meta property=\"og:title\" content=\"Prind\u00ebrit diplomat\u00eb pjes\u00eb e skandalit, vret veten i riu q\u00eb Epstein i la 5 milion\u00eb euro n\u00eb testament - Macedonia Press\" \/>\n<meta property=\"og:description\" content=\"Edward Juul Rod-Larsen, 25 vje\u00e7, u gjet i vdekur n\u00eb Oslo, n\u00eb nj\u00eb moment kur paralelisht po zhvillohet hetimi mbi kontaktet e dyshuara t\u00eb familjes s\u00eb tij me Jeffrey Epstein. Vdekja e tij ndodhi nd\u00ebrsa hetimet jan\u00eb duke u zhvilluar p\u00ebr prind\u00ebrit e tij, dy diplomat\u00eb t\u00eb njohur norvegjez\u00eb. Autoritetet norvegjeze, n\u00eb bashk\u00ebpunim me policin\u00eb...\" \/>\n<meta property=\"og:url\" content=\"https:\/\/www.macedoniapress.com\/?p=3573\" \/>\n<meta property=\"og:site_name\" content=\"Macedonia Press\" \/>\n<meta property=\"article:published_time\" content=\"2026-05-02T02:20:28+00:00\" \/>\n<meta property=\"og:image\" content=\"https:\/\/www.macedoniapress.com\/wp-content\/uploads\/2026\/05\/IMG_3084.webp\" \/>\n\t<meta property=\"og:image:width\" content=\"1920\" \/>\n\t<meta property=\"og:image:height\" content=\"1080\" \/>\n\t<meta property=\"og:image:type\" content=\"image\/webp\" \/>\n<meta name=\"author\" content=\"Macedonia Press\" \/>\n<meta name=\"twitter:card\" content=\"summary_large_image\" \/>\n<meta name=\"twitter:label1\" content=\"Written by\" \/>\n\t<meta name=\"twitter:data1\" content=\"Macedonia Press\" \/>\n\t<meta name=\"twitter:label2\" content=\"Est. reading time\" \/>\n\t<meta name=\"twitter:data2\" content=\"2 minutes\" \/>\n<script type=\"application\/ld+json\" class=\"yoast-schema-graph\">{\"@context\":\"https:\/\/schema.org\",\"@graph\":[{\"@type\":\"Article\",\"@id\":\"https:\/\/www.macedoniapress.com\/?p=3573#article\",\"isPartOf\":{\"@id\":\"https:\/\/www.macedoniapress.com\/?p=3573\"},\"author\":{\"name\":\"Macedonia Press\",\"@id\":\"https:\/\/www.macedoniapress.com\/#\/schema\/person\/060101f54fa08b58b8847d6f8536f977\"},\"headline\":\"Prind\u00ebrit diplomat\u00eb pjes\u00eb e skandalit, vret veten i riu q\u00eb Epstein i la 5 milion\u00eb euro n\u00eb testament\",\"datePublished\":\"2026-05-02T02:20:28+00:00\",\"mainEntityOfPage\":{\"@id\":\"https:\/\/www.macedoniapress.com\/?p=3573\"},\"wordCount\":252,\"publisher\":{\"@id\":\"https:\/\/www.macedoniapress.com\/#organization\"},\"image\":{\"@id\":\"https:\/\/www.macedoniapress.com\/?p=3573#primaryimage\"},\"thumbnailUrl\":\"https:\/\/www.macedoniapress.com\/wp-content\/uploads\/2026\/05\/IMG_3084.webp\",\"articleSection\":[\"BOTA\"],\"inLanguage\":\"en-US\"},{\"@type\":\"WebPage\",\"@id\":\"https:\/\/www.macedoniapress.com\/?p=3573\",\"url\":\"https:\/\/www.macedoniapress.com\/?p=3573\",\"name\":\"Prind\u00ebrit diplomat\u00eb pjes\u00eb e skandalit, vret veten i riu q\u00eb Epstein i la 5 milion\u00eb euro n\u00eb testament - Macedonia Press\",\"isPartOf\":{\"@id\":\"https:\/\/www.macedoniapress.com\/#website\"},\"primaryImageOfPage\":{\"@id\":\"https:\/\/www.macedoniapress.com\/?p=3573#primaryimage\"},\"image\":{\"@id\":\"https:\/\/www.macedoniapress.com\/?p=3573#primaryimage\"},\"thumbnailUrl\":\"https:\/\/www.macedoniapress.com\/wp-content\/uploads\/2026\/05\/IMG_3084.webp\",\"datePublished\":\"2026-05-02T02:20:28+00:00\",\"breadcrumb\":{\"@id\":\"https:\/\/www.macedoniapress.com\/?p=3573#breadcrumb\"},\"inLanguage\":\"en-US\",\"potentialAction\":[{\"@type\":\"ReadAction\",\"target\":[\"https:\/\/www.macedoniapress.com\/?p=3573\"]}]},{\"@type\":\"ImageObject\",\"inLanguage\":\"en-US\",\"@id\":\"https:\/\/www.macedoniapress.com\/?p=3573#primaryimage\",\"url\":\"https:\/\/www.macedoniapress.com\/wp-content\/uploads\/2026\/05\/IMG_3084.webp\",\"contentUrl\":\"https:\/\/www.macedoniapress.com\/wp-content\/uploads\/2026\/05\/IMG_3084.webp\",\"width\":1920,\"height\":1080},{\"@type\":\"BreadcrumbList\",\"@id\":\"https:\/\/www.macedoniapress.com\/?p=3573#breadcrumb\",\"itemListElement\":[{\"@type\":\"ListItem\",\"position\":1,\"name\":\"Home\",\"item\":\"https:\/\/www.macedoniapress.com\/\"},{\"@type\":\"ListItem\",\"position\":2,\"name\":\"Prind\u00ebrit diplomat\u00eb pjes\u00eb e skandalit, vret veten i riu q\u00eb Epstein i la 5 milion\u00eb euro n\u00eb testament\"}]},{\"@type\":\"WebSite\",\"@id\":\"https:\/\/www.macedoniapress.com\/#website\",\"url\":\"https:\/\/www.macedoniapress.com\/\",\"name\":\"Macedonia Press\",\"description\":\"macedoniapress.com\",\"publisher\":{\"@id\":\"https:\/\/www.macedoniapress.com\/#organization\"},\"potentialAction\":[{\"@type\":\"SearchAction\",\"target\":{\"@type\":\"EntryPoint\",\"urlTemplate\":\"https:\/\/www.macedoniapress.com\/?s={search_term_string}\"},\"query-input\":{\"@type\":\"PropertyValueSpecification\",\"valueRequired\":true,\"valueName\":\"search_term_string\"}}],\"inLanguage\":\"en-US\"},{\"@type\":\"Organization\",\"@id\":\"https:\/\/www.macedoniapress.com\/#organization\",\"name\":\"Macedonia Press\",\"url\":\"https:\/\/www.macedoniapress.com\/\",\"logo\":{\"@type\":\"ImageObject\",\"inLanguage\":\"en-US\",\"@id\":\"https:\/\/www.macedoniapress.com\/#\/schema\/logo\/image\/\",\"url\":\"https:\/\/www.macedoniapress.com\/wp-content\/uploads\/2025\/09\/21440B89-8EAC-4476-9403-469F5CA0CDC8.png\",\"contentUrl\":\"https:\/\/www.macedoniapress.com\/wp-content\/uploads\/2025\/09\/21440B89-8EAC-4476-9403-469F5CA0CDC8.png\",\"width\":1536,\"height\":1024,\"caption\":\"Macedonia Press\"},\"image\":{\"@id\":\"https:\/\/www.macedoniapress.com\/#\/schema\/logo\/image\/\"}},{\"@type\":\"Person\",\"@id\":\"https:\/\/www.macedoniapress.com\/#\/schema\/person\/060101f54fa08b58b8847d6f8536f977\",\"name\":\"Macedonia Press\",\"url\":\"https:\/\/www.macedoniapress.com\/?author=2\"}]}<\/script>\n<!-- \/ Yoast SEO plugin. -->","yoast_head_json":{"title":"Prind\u00ebrit diplomat\u00eb pjes\u00eb e skandalit, vret veten i riu q\u00eb Epstein i la 5 milion\u00eb euro n\u00eb testament - Macedonia Press","robots":{"index":"index","follow":"follow","max-snippet":"max-snippet:-1","max-image-preview":"max-image-preview:large","max-video-preview":"max-video-preview:-1"},"canonical":"https:\/\/www.macedoniapress.com\/?p=3573","og_locale":"en_US","og_type":"article","og_title":"Prind\u00ebrit diplomat\u00eb pjes\u00eb e skandalit, vret veten i riu q\u00eb Epstein i la 5 milion\u00eb euro n\u00eb testament - Macedonia Press","og_description":"Edward Juul Rod-Larsen, 25 vje\u00e7, u gjet i vdekur n\u00eb Oslo, n\u00eb nj\u00eb moment kur paralelisht po zhvillohet hetimi mbi kontaktet e dyshuara t\u00eb familjes s\u00eb tij me Jeffrey Epstein. Vdekja e tij ndodhi nd\u00ebrsa hetimet jan\u00eb duke u zhvilluar p\u00ebr prind\u00ebrit e tij, dy diplomat\u00eb t\u00eb njohur norvegjez\u00eb. Autoritetet norvegjeze, n\u00eb bashk\u00ebpunim me policin\u00eb...","og_url":"https:\/\/www.macedoniapress.com\/?p=3573","og_site_name":"Macedonia Press","article_published_time":"2026-05-02T02:20:28+00:00","og_image":[{"width":1920,"height":1080,"url":"https:\/\/www.macedoniapress.com\/wp-content\/uploads\/2026\/05\/IMG_3084.webp","type":"image\/webp"}],"author":"Macedonia Press","twitter_card":"summary_large_image","twitter_misc":{"Written by":"Macedonia Press","Est. reading time":"2 minutes"},"schema":{"@context":"https:\/\/schema.org","@graph":[{"@type":"Article","@id":"https:\/\/www.macedoniapress.com\/?p=3573#article","isPartOf":{"@id":"https:\/\/www.macedoniapress.com\/?p=3573"},"author":{"name":"Macedonia Press","@id":"https:\/\/www.macedoniapress.com\/#\/schema\/person\/060101f54fa08b58b8847d6f8536f977"},"headline":"Prind\u00ebrit diplomat\u00eb pjes\u00eb e skandalit, vret veten i riu q\u00eb Epstein i la 5 milion\u00eb euro n\u00eb testament","datePublished":"2026-05-02T02:20:28+00:00","mainEntityOfPage":{"@id":"https:\/\/www.macedoniapress.com\/?p=3573"},"wordCount":252,"publisher":{"@id":"https:\/\/www.macedoniapress.com\/#organization"},"image":{"@id":"https:\/\/www.macedoniapress.com\/?p=3573#primaryimage"},"thumbnailUrl":"https:\/\/www.macedoniapress.com\/wp-content\/uploads\/2026\/05\/IMG_3084.webp","articleSection":["BOTA"],"inLanguage":"en-US"},{"@type":"WebPage","@id":"https:\/\/www.macedoniapress.com\/?p=3573","url":"https:\/\/www.macedoniapress.com\/?p=3573","name":"Prind\u00ebrit diplomat\u00eb pjes\u00eb e skandalit, vret veten i riu q\u00eb Epstein i la 5 milion\u00eb euro n\u00eb testament - Macedonia Press","isPartOf":{"@id":"https:\/\/www.macedoniapress.com\/#website"},"primaryImageOfPage":{"@id":"https:\/\/www.macedoniapress.com\/?p=3573#primaryimage"},"image":{"@id":"https:\/\/www.macedoniapress.com\/?p=3573#primaryimage"},"thumbnailUrl":"https:\/\/www.macedoniapress.com\/wp-content\/uploads\/2026\/05\/IMG_3084.webp","datePublished":"2026-05-02T02:20:28+00:00","breadcrumb":{"@id":"https:\/\/www.macedoniapress.com\/?p=3573#breadcrumb"},"inLanguage":"en-US","potentialAction":[{"@type":"ReadAction","target":["https:\/\/www.macedoniapress.com\/?p=3573"]}]},{"@type":"ImageObject","inLanguage":"en-US","@id":"https:\/\/www.macedoniapress.com\/?p=3573#primaryimage","url":"https:\/\/www.macedoniapress.com\/wp-content\/uploads\/2026\/05\/IMG_3084.webp","contentUrl":"https:\/\/www.macedoniapress.com\/wp-content\/uploads\/2026\/05\/IMG_3084.webp","width":1920,"height":1080},{"@type":"BreadcrumbList","@id":"https:\/\/www.macedoniapress.com\/?p=3573#breadcrumb","itemListElement":[{"@type":"ListItem","position":1,"name":"Home","item":"https:\/\/www.macedoniapress.com\/"},{"@type":"ListItem","position":2,"name":"Prind\u00ebrit diplomat\u00eb pjes\u00eb e skandalit, vret veten i riu q\u00eb Epstein i la 5 milion\u00eb euro n\u00eb testament"}]},{"@type":"WebSite","@id":"https:\/\/www.macedoniapress.com\/#website","url":"https:\/\/www.macedoniapress.com\/","name":"Macedonia Press","description":"macedoniapress.com","publisher":{"@id":"https:\/\/www.macedoniapress.com\/#organization"},"potentialAction":[{"@type":"SearchAction","target":{"@type":"EntryPoint","urlTemplate":"https:\/\/www.macedoniapress.com\/?s={search_term_string}"},"query-input":{"@type":"PropertyValueSpecification","valueRequired":true,"valueName":"search_term_string"}}],"inLanguage":"en-US"},{"@type":"Organization","@id":"https:\/\/www.macedoniapress.com\/#organization","name":"Macedonia Press","url":"https:\/\/www.macedoniapress.com\/","logo":{"@type":"ImageObject","inLanguage":"en-US","@id":"https:\/\/www.macedoniapress.com\/#\/schema\/logo\/image\/","url":"https:\/\/www.macedoniapress.com\/wp-content\/uploads\/2025\/09\/21440B89-8EAC-4476-9403-469F5CA0CDC8.png","contentUrl":"https:\/\/www.macedoniapress.com\/wp-content\/uploads\/2025\/09\/21440B89-8EAC-4476-9403-469F5CA0CDC8.png","width":1536,"height":1024,"caption":"Macedonia Press"},"image":{"@id":"https:\/\/www.macedoniapress.com\/#\/schema\/logo\/image\/"}},{"@type":"Person","@id":"https:\/\/www.macedoniapress.com\/#\/schema\/person\/060101f54fa08b58b8847d6f8536f977","name":"Macedonia Press","url":"https:\/\/www.macedoniapress.com\/?author=2"}]}},"_links":{"self":[{"href":"https:\/\/www.macedoniapress.com\/index.php?rest_route=\/wp\/v2\/posts\/3573","targetHints":{"allow":["GET"]}}],"collection":[{"href":"https:\/\/www.macedoniapress.com\/index.php?rest_route=\/wp\/v2\/posts"}],"about":[{"href":"https:\/\/www.macedoniapress.com\/index.php?rest_route=\/wp\/v2\/types\/post"}],"author":[{"embeddable":true,"href":"https:\/\/www.macedoniapress.com\/index.php?rest_route=\/wp\/v2\/users\/2"}],"replies":[{"embeddable":true,"href":"https:\/\/www.macedoniapress.com\/index.php?rest_route=%2Fwp%2Fv2%2Fcomments&post=3573"}],"version-history":[{"count":1,"href":"https:\/\/www.macedoniapress.com\/index.php?rest_route=\/wp\/v2\/posts\/3573\/revisions"}],"predecessor-version":[{"id":3575,"href":"https:\/\/www.macedoniapress.com\/index.php?rest_route=\/wp\/v2\/posts\/3573\/revisions\/3575"}],"wp:featuredmedia":[{"embeddable":true,"href":"https:\/\/www.macedoniapress.com\/index.php?rest_route=\/wp\/v2\/media\/3574"}],"wp:attachment":[{"href":"https:\/\/www.macedoniapress.com\/index.php?rest_route=%2Fwp%2Fv2%2Fmedia&parent=3573"}],"wp:term":[{"taxonomy":"category","embeddable":true,"href":"https:\/\/www.macedoniapress.com\/index.php?rest_route=%2Fwp%2Fv2%2Fcategories&post=3573"},{"taxonomy":"post_tag","embeddable":true,"href":"https:\/\/www.macedoniapress.com\/index.php?rest_route=%2Fwp%2Fv2%2Ftags&post=3573"}],"curies":[{"name":"wp","href":"https:\/\/api.w.org\/{rel}","templated":true}]}}