{"id":3569,"date":"2026-05-01T11:57:50","date_gmt":"2026-05-01T09:57:50","guid":{"rendered":"https:\/\/www.macedoniapress.com\/?p=3569"},"modified":"2026-05-01T11:57:56","modified_gmt":"2026-05-01T09:57:56","slug":"votim-i-detyruar-ne-kongres-qeveria-amerikane-lufta-me-iranin-ka-perfunduar","status":"publish","type":"post","link":"https:\/\/www.macedoniapress.com\/?p=3569","title":{"rendered":"Votim i detyruar n\u00eb Kongres, qeveria amerikane: Lufta me Iranin ka p\u00ebrfunduar"},"content":{"rendered":"<p>E gjendur p\u00ebrball\u00eb nj\u00eb votimi t\u00eb detyruesh\u00ebm me ligj n\u00eb Kongres, qeveria amerikane e konsideron t\u00eb p\u00ebrfunduar luft\u00ebn me Iranin, e pohuar kjo nga nj\u00eb p\u00ebrfaq\u00ebsues i saj.<\/p>\n<p>Ligji \u201cWar Powers Resolution\u201d i vitit 1973 parashikon q\u00eb nj\u00eb operacion ushtarak t\u00eb p\u00ebrfundoj\u00eb brenda 60 dit\u00ebsh; n\u00eb t\u00eb kund\u00ebrt, Shefit t\u00eb Sht\u00ebpis\u00eb i nevojitet miratimi i Kongresit. Afati prej 60 dit\u00ebsh p\u00ebr luft\u00ebn e Iranit p\u00ebrfundon sot. Por zyrtari n\u00eb fjal\u00eb pretendon se rrjedha e k\u00ebtij afati \u00ebsht\u00eb nd\u00ebrprer\u00eb nga arm\u00ebpushimi q\u00eb ka hyr\u00eb n\u00eb fuqi m\u00eb 7 prill.<\/p>\n<p>\u201cQ\u00eb nga e marta, nuk ka pasur shk\u00ebmbim zjarri midis forcave amerikane dhe Iranit,\u201d citohet ai nga mediat amerikane. Edhe ministri i Mbrojtjes, Pete Hegseth, iu referua arm\u00ebpushimit gjat\u00eb nj\u00eb d\u00ebgjimi n\u00eb Senat. Ai theksoi se qeveria mund ta vazhdoj\u00eb luft\u00ebn n\u00eb \u00e7do moment, pasi afati 60-ditor \u00ebsht\u00eb nd\u00ebrprer\u00eb nga marr\u00ebveshja e nd\u00ebrmjetme.<\/p>\n<p>Nd\u00ebrkoh\u00eb, tensionet vazhdojn\u00eb. Nj\u00eb p\u00ebrfaq\u00ebsues i lart\u00eb i Gard\u00ebs Revolucionare iraniane k\u00ebrc\u00ebnoi SHBA-n\u00eb me sulme t\u00eb gjata dhe t\u00eb dhimbshme ndaj bazave ushtarake amerikane dhe anijeve luftarake n\u00eb rajon, n\u00eb rast goditjesh t\u00eb reja nga SHBA, edhe n\u00ebse ato do t\u00eb jen\u00eb t\u00eb kufizuara.<\/p>\n<p>Protesta kund\u00ebr luft\u00ebs me Iranin vazhduan gjat\u00eb seancave d\u00ebgjimore n\u00eb Senat, duke reflektuar shqet\u00ebsimin e publikut p\u00ebr konfliktin dhe pasojat e tij n\u00eb rajon.<\/p>\n<p>&nbsp;<\/p>\n","protected":false},"excerpt":{"rendered":"<p>E gjendur p\u00ebrball\u00eb nj\u00eb votimi t\u00eb detyruesh\u00ebm me ligj n\u00eb Kongres, qeveria amerikane e konsideron t\u00eb p\u00ebrfunduar luft\u00ebn me Iranin, e pohuar kjo nga nj\u00eb p\u00ebrfaq\u00ebsues i saj. Ligji \u201cWar Powers Resolution\u201d i vitit 1973 parashikon q\u00eb nj\u00eb operacion ushtarak t\u00eb p\u00ebrfundoj\u00eb brenda 60 dit\u00ebsh; n\u00eb t\u00eb kund\u00ebrt, Shefit t\u00eb Sht\u00ebpis\u00eb i nevojitet miratimi i&#8230;<\/p>\n","protected":false},"author":2,"featured_media":3570,"comment_status":"closed","ping_status":"open","sticky":false,"template":"","format":"standard","meta":{"footnotes":""},"categories":[6],"tags":[],"class_list":["post-3569","post","type-post","status-publish","format-standard","has-post-thumbnail","hentry","category-bota"],"yoast_head":"<!-- This site is optimized with the Yoast SEO plugin v27.2 - https:\/\/yoast.com\/product\/yoast-seo-wordpress\/ -->\n<title>Votim i detyruar n\u00eb Kongres, qeveria amerikane: Lufta me Iranin ka p\u00ebrfunduar - Macedonia Press<\/title>\n<meta name=\"robots\" content=\"index, follow, max-snippet:-1, max-image-preview:large, max-video-preview:-1\" \/>\n<link rel=\"canonical\" href=\"https:\/\/www.macedoniapress.com\/?p=3569\" \/>\n<meta property=\"og:locale\" content=\"en_US\" \/>\n<meta property=\"og:type\" content=\"article\" \/>\n<meta property=\"og:title\" content=\"Votim i detyruar n\u00eb Kongres, qeveria amerikane: Lufta me Iranin ka p\u00ebrfunduar - Macedonia Press\" \/>\n<meta property=\"og:description\" content=\"E gjendur p\u00ebrball\u00eb nj\u00eb votimi t\u00eb detyruesh\u00ebm me ligj n\u00eb Kongres, qeveria amerikane e konsideron t\u00eb p\u00ebrfunduar luft\u00ebn me Iranin, e pohuar kjo nga nj\u00eb p\u00ebrfaq\u00ebsues i saj. Ligji \u201cWar Powers Resolution\u201d i vitit 1973 parashikon q\u00eb nj\u00eb operacion ushtarak t\u00eb p\u00ebrfundoj\u00eb brenda 60 dit\u00ebsh; n\u00eb t\u00eb kund\u00ebrt, Shefit t\u00eb Sht\u00ebpis\u00eb i nevojitet miratimi i...\" \/>\n<meta property=\"og:url\" content=\"https:\/\/www.macedoniapress.com\/?p=3569\" \/>\n<meta property=\"og:site_name\" content=\"Macedonia Press\" \/>\n<meta property=\"article:published_time\" content=\"2026-05-01T09:57:50+00:00\" \/>\n<meta property=\"article:modified_time\" content=\"2026-05-01T09:57:56+00:00\" \/>\n<meta property=\"og:image\" content=\"https:\/\/www.macedoniapress.com\/wp-content\/uploads\/2026\/05\/IMG_3075.webp\" \/>\n\t<meta property=\"og:image:width\" content=\"1280\" \/>\n\t<meta property=\"og:image:height\" content=\"720\" \/>\n\t<meta property=\"og:image:type\" content=\"image\/webp\" \/>\n<meta name=\"author\" content=\"Macedonia Press\" \/>\n<meta name=\"twitter:card\" content=\"summary_large_image\" \/>\n<meta name=\"twitter:label1\" content=\"Written by\" \/>\n\t<meta name=\"twitter:data1\" content=\"Macedonia Press\" \/>\n\t<meta name=\"twitter:label2\" content=\"Est. reading time\" \/>\n\t<meta name=\"twitter:data2\" content=\"2 minutes\" \/>\n<script type=\"application\/ld+json\" class=\"yoast-schema-graph\">{\"@context\":\"https:\/\/schema.org\",\"@graph\":[{\"@type\":\"Article\",\"@id\":\"https:\/\/www.macedoniapress.com\/?p=3569#article\",\"isPartOf\":{\"@id\":\"https:\/\/www.macedoniapress.com\/?p=3569\"},\"author\":{\"name\":\"Macedonia Press\",\"@id\":\"https:\/\/www.macedoniapress.com\/#\/schema\/person\/060101f54fa08b58b8847d6f8536f977\"},\"headline\":\"Votim i detyruar n\u00eb Kongres, qeveria amerikane: Lufta me Iranin ka p\u00ebrfunduar\",\"datePublished\":\"2026-05-01T09:57:50+00:00\",\"dateModified\":\"2026-05-01T09:57:56+00:00\",\"mainEntityOfPage\":{\"@id\":\"https:\/\/www.macedoniapress.com\/?p=3569\"},\"wordCount\":255,\"publisher\":{\"@id\":\"https:\/\/www.macedoniapress.com\/#organization\"},\"image\":{\"@id\":\"https:\/\/www.macedoniapress.com\/?p=3569#primaryimage\"},\"thumbnailUrl\":\"https:\/\/www.macedoniapress.com\/wp-content\/uploads\/2026\/05\/IMG_3075.webp\",\"articleSection\":[\"BOTA\"],\"inLanguage\":\"en-US\"},{\"@type\":\"WebPage\",\"@id\":\"https:\/\/www.macedoniapress.com\/?p=3569\",\"url\":\"https:\/\/www.macedoniapress.com\/?p=3569\",\"name\":\"Votim i detyruar n\u00eb Kongres, qeveria amerikane: Lufta me Iranin ka p\u00ebrfunduar - Macedonia Press\",\"isPartOf\":{\"@id\":\"https:\/\/www.macedoniapress.com\/#website\"},\"primaryImageOfPage\":{\"@id\":\"https:\/\/www.macedoniapress.com\/?p=3569#primaryimage\"},\"image\":{\"@id\":\"https:\/\/www.macedoniapress.com\/?p=3569#primaryimage\"},\"thumbnailUrl\":\"https:\/\/www.macedoniapress.com\/wp-content\/uploads\/2026\/05\/IMG_3075.webp\",\"datePublished\":\"2026-05-01T09:57:50+00:00\",\"dateModified\":\"2026-05-01T09:57:56+00:00\",\"breadcrumb\":{\"@id\":\"https:\/\/www.macedoniapress.com\/?p=3569#breadcrumb\"},\"inLanguage\":\"en-US\",\"potentialAction\":[{\"@type\":\"ReadAction\",\"target\":[\"https:\/\/www.macedoniapress.com\/?p=3569\"]}]},{\"@type\":\"ImageObject\",\"inLanguage\":\"en-US\",\"@id\":\"https:\/\/www.macedoniapress.com\/?p=3569#primaryimage\",\"url\":\"https:\/\/www.macedoniapress.com\/wp-content\/uploads\/2026\/05\/IMG_3075.webp\",\"contentUrl\":\"https:\/\/www.macedoniapress.com\/wp-content\/uploads\/2026\/05\/IMG_3075.webp\",\"width\":1280,\"height\":720},{\"@type\":\"BreadcrumbList\",\"@id\":\"https:\/\/www.macedoniapress.com\/?p=3569#breadcrumb\",\"itemListElement\":[{\"@type\":\"ListItem\",\"position\":1,\"name\":\"Home\",\"item\":\"https:\/\/www.macedoniapress.com\/\"},{\"@type\":\"ListItem\",\"position\":2,\"name\":\"Votim i detyruar n\u00eb Kongres, qeveria amerikane: Lufta me Iranin ka p\u00ebrfunduar\"}]},{\"@type\":\"WebSite\",\"@id\":\"https:\/\/www.macedoniapress.com\/#website\",\"url\":\"https:\/\/www.macedoniapress.com\/\",\"name\":\"Macedonia Press\",\"description\":\"macedoniapress.com\",\"publisher\":{\"@id\":\"https:\/\/www.macedoniapress.com\/#organization\"},\"potentialAction\":[{\"@type\":\"SearchAction\",\"target\":{\"@type\":\"EntryPoint\",\"urlTemplate\":\"https:\/\/www.macedoniapress.com\/?s={search_term_string}\"},\"query-input\":{\"@type\":\"PropertyValueSpecification\",\"valueRequired\":true,\"valueName\":\"search_term_string\"}}],\"inLanguage\":\"en-US\"},{\"@type\":\"Organization\",\"@id\":\"https:\/\/www.macedoniapress.com\/#organization\",\"name\":\"Macedonia Press\",\"url\":\"https:\/\/www.macedoniapress.com\/\",\"logo\":{\"@type\":\"ImageObject\",\"inLanguage\":\"en-US\",\"@id\":\"https:\/\/www.macedoniapress.com\/#\/schema\/logo\/image\/\",\"url\":\"https:\/\/www.macedoniapress.com\/wp-content\/uploads\/2025\/09\/21440B89-8EAC-4476-9403-469F5CA0CDC8.png\",\"contentUrl\":\"https:\/\/www.macedoniapress.com\/wp-content\/uploads\/2025\/09\/21440B89-8EAC-4476-9403-469F5CA0CDC8.png\",\"width\":1536,\"height\":1024,\"caption\":\"Macedonia Press\"},\"image\":{\"@id\":\"https:\/\/www.macedoniapress.com\/#\/schema\/logo\/image\/\"}},{\"@type\":\"Person\",\"@id\":\"https:\/\/www.macedoniapress.com\/#\/schema\/person\/060101f54fa08b58b8847d6f8536f977\",\"name\":\"Macedonia Press\",\"url\":\"https:\/\/www.macedoniapress.com\/?author=2\"}]}<\/script>\n<!-- \/ Yoast SEO plugin. -->","yoast_head_json":{"title":"Votim i detyruar n\u00eb Kongres, qeveria amerikane: Lufta me Iranin ka p\u00ebrfunduar - Macedonia Press","robots":{"index":"index","follow":"follow","max-snippet":"max-snippet:-1","max-image-preview":"max-image-preview:large","max-video-preview":"max-video-preview:-1"},"canonical":"https:\/\/www.macedoniapress.com\/?p=3569","og_locale":"en_US","og_type":"article","og_title":"Votim i detyruar n\u00eb Kongres, qeveria amerikane: Lufta me Iranin ka p\u00ebrfunduar - Macedonia Press","og_description":"E gjendur p\u00ebrball\u00eb nj\u00eb votimi t\u00eb detyruesh\u00ebm me ligj n\u00eb Kongres, qeveria amerikane e konsideron t\u00eb p\u00ebrfunduar luft\u00ebn me Iranin, e pohuar kjo nga nj\u00eb p\u00ebrfaq\u00ebsues i saj. Ligji \u201cWar Powers Resolution\u201d i vitit 1973 parashikon q\u00eb nj\u00eb operacion ushtarak t\u00eb p\u00ebrfundoj\u00eb brenda 60 dit\u00ebsh; n\u00eb t\u00eb kund\u00ebrt, Shefit t\u00eb Sht\u00ebpis\u00eb i nevojitet miratimi i...","og_url":"https:\/\/www.macedoniapress.com\/?p=3569","og_site_name":"Macedonia Press","article_published_time":"2026-05-01T09:57:50+00:00","article_modified_time":"2026-05-01T09:57:56+00:00","og_image":[{"width":1280,"height":720,"url":"https:\/\/www.macedoniapress.com\/wp-content\/uploads\/2026\/05\/IMG_3075.webp","type":"image\/webp"}],"author":"Macedonia Press","twitter_card":"summary_large_image","twitter_misc":{"Written by":"Macedonia Press","Est. reading time":"2 minutes"},"schema":{"@context":"https:\/\/schema.org","@graph":[{"@type":"Article","@id":"https:\/\/www.macedoniapress.com\/?p=3569#article","isPartOf":{"@id":"https:\/\/www.macedoniapress.com\/?p=3569"},"author":{"name":"Macedonia Press","@id":"https:\/\/www.macedoniapress.com\/#\/schema\/person\/060101f54fa08b58b8847d6f8536f977"},"headline":"Votim i detyruar n\u00eb Kongres, qeveria amerikane: Lufta me Iranin ka p\u00ebrfunduar","datePublished":"2026-05-01T09:57:50+00:00","dateModified":"2026-05-01T09:57:56+00:00","mainEntityOfPage":{"@id":"https:\/\/www.macedoniapress.com\/?p=3569"},"wordCount":255,"publisher":{"@id":"https:\/\/www.macedoniapress.com\/#organization"},"image":{"@id":"https:\/\/www.macedoniapress.com\/?p=3569#primaryimage"},"thumbnailUrl":"https:\/\/www.macedoniapress.com\/wp-content\/uploads\/2026\/05\/IMG_3075.webp","articleSection":["BOTA"],"inLanguage":"en-US"},{"@type":"WebPage","@id":"https:\/\/www.macedoniapress.com\/?p=3569","url":"https:\/\/www.macedoniapress.com\/?p=3569","name":"Votim i detyruar n\u00eb Kongres, qeveria amerikane: Lufta me Iranin ka p\u00ebrfunduar - Macedonia Press","isPartOf":{"@id":"https:\/\/www.macedoniapress.com\/#website"},"primaryImageOfPage":{"@id":"https:\/\/www.macedoniapress.com\/?p=3569#primaryimage"},"image":{"@id":"https:\/\/www.macedoniapress.com\/?p=3569#primaryimage"},"thumbnailUrl":"https:\/\/www.macedoniapress.com\/wp-content\/uploads\/2026\/05\/IMG_3075.webp","datePublished":"2026-05-01T09:57:50+00:00","dateModified":"2026-05-01T09:57:56+00:00","breadcrumb":{"@id":"https:\/\/www.macedoniapress.com\/?p=3569#breadcrumb"},"inLanguage":"en-US","potentialAction":[{"@type":"ReadAction","target":["https:\/\/www.macedoniapress.com\/?p=3569"]}]},{"@type":"ImageObject","inLanguage":"en-US","@id":"https:\/\/www.macedoniapress.com\/?p=3569#primaryimage","url":"https:\/\/www.macedoniapress.com\/wp-content\/uploads\/2026\/05\/IMG_3075.webp","contentUrl":"https:\/\/www.macedoniapress.com\/wp-content\/uploads\/2026\/05\/IMG_3075.webp","width":1280,"height":720},{"@type":"BreadcrumbList","@id":"https:\/\/www.macedoniapress.com\/?p=3569#breadcrumb","itemListElement":[{"@type":"ListItem","position":1,"name":"Home","item":"https:\/\/www.macedoniapress.com\/"},{"@type":"ListItem","position":2,"name":"Votim i detyruar n\u00eb Kongres, qeveria amerikane: Lufta me Iranin ka p\u00ebrfunduar"}]},{"@type":"WebSite","@id":"https:\/\/www.macedoniapress.com\/#website","url":"https:\/\/www.macedoniapress.com\/","name":"Macedonia Press","description":"macedoniapress.com","publisher":{"@id":"https:\/\/www.macedoniapress.com\/#organization"},"potentialAction":[{"@type":"SearchAction","target":{"@type":"EntryPoint","urlTemplate":"https:\/\/www.macedoniapress.com\/?s={search_term_string}"},"query-input":{"@type":"PropertyValueSpecification","valueRequired":true,"valueName":"search_term_string"}}],"inLanguage":"en-US"},{"@type":"Organization","@id":"https:\/\/www.macedoniapress.com\/#organization","name":"Macedonia Press","url":"https:\/\/www.macedoniapress.com\/","logo":{"@type":"ImageObject","inLanguage":"en-US","@id":"https:\/\/www.macedoniapress.com\/#\/schema\/logo\/image\/","url":"https:\/\/www.macedoniapress.com\/wp-content\/uploads\/2025\/09\/21440B89-8EAC-4476-9403-469F5CA0CDC8.png","contentUrl":"https:\/\/www.macedoniapress.com\/wp-content\/uploads\/2025\/09\/21440B89-8EAC-4476-9403-469F5CA0CDC8.png","width":1536,"height":1024,"caption":"Macedonia Press"},"image":{"@id":"https:\/\/www.macedoniapress.com\/#\/schema\/logo\/image\/"}},{"@type":"Person","@id":"https:\/\/www.macedoniapress.com\/#\/schema\/person\/060101f54fa08b58b8847d6f8536f977","name":"Macedonia Press","url":"https:\/\/www.macedoniapress.com\/?author=2"}]}},"_links":{"self":[{"href":"https:\/\/www.macedoniapress.com\/index.php?rest_route=\/wp\/v2\/posts\/3569","targetHints":{"allow":["GET"]}}],"collection":[{"href":"https:\/\/www.macedoniapress.com\/index.php?rest_route=\/wp\/v2\/posts"}],"about":[{"href":"https:\/\/www.macedoniapress.com\/index.php?rest_route=\/wp\/v2\/types\/post"}],"author":[{"embeddable":true,"href":"https:\/\/www.macedoniapress.com\/index.php?rest_route=\/wp\/v2\/users\/2"}],"replies":[{"embeddable":true,"href":"https:\/\/www.macedoniapress.com\/index.php?rest_route=%2Fwp%2Fv2%2Fcomments&post=3569"}],"version-history":[{"count":1,"href":"https:\/\/www.macedoniapress.com\/index.php?rest_route=\/wp\/v2\/posts\/3569\/revisions"}],"predecessor-version":[{"id":3571,"href":"https:\/\/www.macedoniapress.com\/index.php?rest_route=\/wp\/v2\/posts\/3569\/revisions\/3571"}],"wp:featuredmedia":[{"embeddable":true,"href":"https:\/\/www.macedoniapress.com\/index.php?rest_route=\/wp\/v2\/media\/3570"}],"wp:attachment":[{"href":"https:\/\/www.macedoniapress.com\/index.php?rest_route=%2Fwp%2Fv2%2Fmedia&parent=3569"}],"wp:term":[{"taxonomy":"category","embeddable":true,"href":"https:\/\/www.macedoniapress.com\/index.php?rest_route=%2Fwp%2Fv2%2Fcategories&post=3569"},{"taxonomy":"post_tag","embeddable":true,"href":"https:\/\/www.macedoniapress.com\/index.php?rest_route=%2Fwp%2Fv2%2Ftags&post=3569"}],"curies":[{"name":"wp","href":"https:\/\/api.w.org\/{rel}","templated":true}]}}