{"id":3566,"date":"2026-04-30T17:37:28","date_gmt":"2026-04-30T15:37:28","guid":{"rendered":"https:\/\/www.macedoniapress.com\/?p=3566"},"modified":"2026-04-30T17:37:28","modified_gmt":"2026-04-30T15:37:28","slug":"znam-me-nje-deputet-me-pak-ik-deputeti-cekov-i-cili-do-te-veproj-si-i-pavarur","status":"publish","type":"post","link":"https:\/\/www.macedoniapress.com\/?p=3566","title":{"rendered":"ZNAM me nj\u00eb deputet m\u00eb pak. Ik deputeti Cekov i cili do t\u00eb veproj si i pavarur"},"content":{"rendered":"<p><strong>Mile Cekov po largohet nga grupi parlamentar i ZNAM, i cili \u00ebsht\u00eb pjes\u00eb e shumic\u00ebs n\u00eb pushtet VMRO-DPMNE, dhe tani \u00ebsht\u00eb deputet i pavarur, konfirmon Cekov p\u00ebr<a href=\"https:\/\/24.mk\/details\/cekov-za-tv-24-ja-napushtam-pg-na-znam-i-vlasta-od-deneska-sum-nezavisen-pratenik?fbclid=IwY2xjawRgNI1leHRuA2FlbQIxMQBzcnRjBmFwcF9pZBAyMjIwMzkxNzg4MjAwODkyAAEeCyABY1aPYjYfzJcFc26JU05fOqe1Tup98eXM-Xzk5-gSc_e4DuMIy_6xO94_aem_dos8kKWM03zyGXCuRskkIQ\"> TV 24<\/a>. Ai thot\u00eb se hyri n\u00eb politik\u00eb p\u00ebr t\u00eb ndryshuar politik\u00ebn, jo veten, dhe se \u00ebsht\u00eb i pak\u00ebnaqur me shum\u00eb gj\u00ebra, gjegj\u00ebsisht q\u00eb ndryshimet q\u00eb ai dhe qytetar\u00ebt i kan\u00eb pritur nuk po ndodhin.<\/strong><\/p>\n<p>\u201cPas dy vitesh si pjes\u00eb e qeveris\u00eb, dua t\u00eb njoftoj qart\u00eb se q\u00eb nga ky moment do t\u00eb veproj si deputet i pavarur q\u00eb nuk \u00ebsht\u00eb pjes\u00eb e qeveris\u00eb. U b\u00ebra deputet dy vjet m\u00eb par\u00eb p\u00ebr t\u00eb provuar t\u00eb ndryshoj gj\u00ebrat, p\u00ebr t\u00eb k\u00ebrkuar llogari p\u00ebr krimin dhe korrupsionin, p\u00ebr t\u00eb luftuar p\u00ebr nj\u00eb ndryshim n\u00eb sistem, por edhe p\u00ebr t\u00eb treguar se ka nj\u00eb vend n\u00eb politik\u00eb p\u00ebr njer\u00ebz t\u00eb ndersh\u00ebm dhe pun\u00ebtor\u00eb. Por, p\u00ebr fat t\u00eb keq, ndryshimet nuk po ndodhin\u201d, <strong>thot\u00eb Cekov p\u00ebr TV 24.<\/strong><\/p>\n<p>Ai nuk thot\u00eb konkretisht n\u00ebse po e <strong>ndryshon qeverin\u00eb me mb\u00ebshtetje p\u00ebr opozit\u00ebn<\/strong>, por thot\u00eb se \u00ebsht\u00eb i hapur p\u00ebr bashk\u00ebpunim me t\u00eb gjith\u00eb ata q\u00eb ndajn\u00eb vlerat e tij.<\/p>\n<p>\u201cNuk mund t\u00eb jem pjes\u00eb e nj\u00eb qeverie dhe nj\u00eb partie q\u00eb nuk ndan vlerat n\u00eb t\u00eb cilat besoj. Sot po largohem nga nj\u00eb entitet politik q\u00eb formalisht \u00ebsht\u00eb demokratik, por n\u00eb thelb nuk i ka p\u00ebrmbushur pritjet e qytetar\u00ebve. Po largohem nga nj\u00eb politik\u00eb q\u00eb nuk i q\u00ebndroi premtimeve t\u00eb saj\u201d, <strong>thot\u00eb Cekov.<\/strong><\/p>\n<p>Ai pretendon se vet\u00ebm nj\u00eb <strong>identitet i mbrojtur \u00ebsht\u00eb i mundur n\u00eb BE.<\/strong><\/p>\n<p>\u201cUn\u00eb mb\u00ebshtes nj\u00eb t\u00eb ardhme evropiane, por me interesa t\u00eb qarta komb\u00ebtare dhe identitare t\u00eb mbrojtura. Gjuha, identiteti dhe kultura jan\u00eb themeli i ekzistenc\u00ebs son\u00eb dhe ato nuk jan\u00eb t\u00eb negociueshme\u201d,<strong> thot\u00eb Cekov.<\/strong><\/p>\n<p>Kujtojm\u00eb se n\u00eb fund t\u00eb vitit t\u00eb kaluar, deputeti i Aleanc\u00ebs p\u00ebr Shqiptar\u00ebt, nga krahu i Ziadin Sel\u00ebs,<strong><a href=\"https:\/\/portalb.mk\/demiri-ne-kuvendin-e-maqedonise-se-veriut-do-te-jete-deputet-i-pavarur\/\"> Ilir Demiri<\/a><\/strong>, tha se do t\u00eb veproj\u00eb si deputet i pavarur n\u00eb Kuvend, p\u00ebr t\u00eb hapur rrug\u00ebn drejt nj\u00eb rigrupimi m\u00eb funksional t\u00eb opozit\u00ebs shqiptare.<\/p>\n","protected":false},"excerpt":{"rendered":"<p>Mile Cekov po largohet nga grupi parlamentar i ZNAM, i cili \u00ebsht\u00eb pjes\u00eb e shumic\u00ebs n\u00eb pushtet VMRO-DPMNE, dhe tani \u00ebsht\u00eb deputet i pavarur, konfirmon Cekov p\u00ebr TV 24. Ai thot\u00eb se hyri n\u00eb politik\u00eb p\u00ebr t\u00eb ndryshuar politik\u00ebn, jo veten, dhe se \u00ebsht\u00eb i pak\u00ebnaqur me shum\u00eb gj\u00ebra, gjegj\u00ebsisht q\u00eb ndryshimet q\u00eb ai dhe&#8230;<\/p>\n","protected":false},"author":2,"featured_media":3567,"comment_status":"closed","ping_status":"open","sticky":false,"template":"","format":"standard","meta":{"footnotes":""},"categories":[1],"tags":[],"class_list":["post-3566","post","type-post","status-publish","format-standard","has-post-thumbnail","hentry","category-makedonija"],"yoast_head":"<!-- This site is optimized with the Yoast SEO plugin v27.2 - https:\/\/yoast.com\/product\/yoast-seo-wordpress\/ -->\n<title>ZNAM me nj\u00eb deputet m\u00eb pak. Ik deputeti Cekov i cili do t\u00eb veproj si i pavarur - Macedonia Press<\/title>\n<meta name=\"robots\" content=\"index, follow, max-snippet:-1, max-image-preview:large, max-video-preview:-1\" \/>\n<link rel=\"canonical\" href=\"https:\/\/www.macedoniapress.com\/?p=3566\" \/>\n<meta property=\"og:locale\" content=\"en_US\" \/>\n<meta property=\"og:type\" content=\"article\" \/>\n<meta property=\"og:title\" content=\"ZNAM me nj\u00eb deputet m\u00eb pak. Ik deputeti Cekov i cili do t\u00eb veproj si i pavarur - Macedonia Press\" \/>\n<meta property=\"og:description\" content=\"Mile Cekov po largohet nga grupi parlamentar i ZNAM, i cili \u00ebsht\u00eb pjes\u00eb e shumic\u00ebs n\u00eb pushtet VMRO-DPMNE, dhe tani \u00ebsht\u00eb deputet i pavarur, konfirmon Cekov p\u00ebr TV 24. Ai thot\u00eb se hyri n\u00eb politik\u00eb p\u00ebr t\u00eb ndryshuar politik\u00ebn, jo veten, dhe se \u00ebsht\u00eb i pak\u00ebnaqur me shum\u00eb gj\u00ebra, gjegj\u00ebsisht q\u00eb ndryshimet q\u00eb ai dhe...\" \/>\n<meta property=\"og:url\" content=\"https:\/\/www.macedoniapress.com\/?p=3566\" \/>\n<meta property=\"og:site_name\" content=\"Macedonia Press\" \/>\n<meta property=\"article:published_time\" content=\"2026-04-30T15:37:28+00:00\" \/>\n<meta property=\"og:image\" content=\"https:\/\/www.macedoniapress.com\/wp-content\/uploads\/2026\/04\/IMG_3066.webp\" \/>\n\t<meta property=\"og:image:width\" content=\"1472\" \/>\n\t<meta property=\"og:image:height\" content=\"832\" \/>\n\t<meta property=\"og:image:type\" content=\"image\/webp\" \/>\n<meta name=\"author\" content=\"Macedonia Press\" \/>\n<meta name=\"twitter:card\" content=\"summary_large_image\" \/>\n<meta name=\"twitter:label1\" content=\"Written by\" \/>\n\t<meta name=\"twitter:data1\" content=\"Macedonia Press\" \/>\n\t<meta name=\"twitter:label2\" content=\"Est. reading time\" \/>\n\t<meta name=\"twitter:data2\" content=\"2 minutes\" \/>\n<script type=\"application\/ld+json\" class=\"yoast-schema-graph\">{\"@context\":\"https:\/\/schema.org\",\"@graph\":[{\"@type\":\"Article\",\"@id\":\"https:\/\/www.macedoniapress.com\/?p=3566#article\",\"isPartOf\":{\"@id\":\"https:\/\/www.macedoniapress.com\/?p=3566\"},\"author\":{\"name\":\"Macedonia Press\",\"@id\":\"https:\/\/www.macedoniapress.com\/#\/schema\/person\/060101f54fa08b58b8847d6f8536f977\"},\"headline\":\"ZNAM me nj\u00eb deputet m\u00eb pak. Ik deputeti Cekov i cili do t\u00eb veproj si i pavarur\",\"datePublished\":\"2026-04-30T15:37:28+00:00\",\"mainEntityOfPage\":{\"@id\":\"https:\/\/www.macedoniapress.com\/?p=3566\"},\"wordCount\":382,\"publisher\":{\"@id\":\"https:\/\/www.macedoniapress.com\/#organization\"},\"image\":{\"@id\":\"https:\/\/www.macedoniapress.com\/?p=3566#primaryimage\"},\"thumbnailUrl\":\"https:\/\/www.macedoniapress.com\/wp-content\/uploads\/2026\/04\/IMG_3066.webp\",\"articleSection\":[\"MAQEDONI\"],\"inLanguage\":\"en-US\"},{\"@type\":\"WebPage\",\"@id\":\"https:\/\/www.macedoniapress.com\/?p=3566\",\"url\":\"https:\/\/www.macedoniapress.com\/?p=3566\",\"name\":\"ZNAM me nj\u00eb deputet m\u00eb pak. Ik deputeti Cekov i cili do t\u00eb veproj si i pavarur - Macedonia Press\",\"isPartOf\":{\"@id\":\"https:\/\/www.macedoniapress.com\/#website\"},\"primaryImageOfPage\":{\"@id\":\"https:\/\/www.macedoniapress.com\/?p=3566#primaryimage\"},\"image\":{\"@id\":\"https:\/\/www.macedoniapress.com\/?p=3566#primaryimage\"},\"thumbnailUrl\":\"https:\/\/www.macedoniapress.com\/wp-content\/uploads\/2026\/04\/IMG_3066.webp\",\"datePublished\":\"2026-04-30T15:37:28+00:00\",\"breadcrumb\":{\"@id\":\"https:\/\/www.macedoniapress.com\/?p=3566#breadcrumb\"},\"inLanguage\":\"en-US\",\"potentialAction\":[{\"@type\":\"ReadAction\",\"target\":[\"https:\/\/www.macedoniapress.com\/?p=3566\"]}]},{\"@type\":\"ImageObject\",\"inLanguage\":\"en-US\",\"@id\":\"https:\/\/www.macedoniapress.com\/?p=3566#primaryimage\",\"url\":\"https:\/\/www.macedoniapress.com\/wp-content\/uploads\/2026\/04\/IMG_3066.webp\",\"contentUrl\":\"https:\/\/www.macedoniapress.com\/wp-content\/uploads\/2026\/04\/IMG_3066.webp\",\"width\":1472,\"height\":832},{\"@type\":\"BreadcrumbList\",\"@id\":\"https:\/\/www.macedoniapress.com\/?p=3566#breadcrumb\",\"itemListElement\":[{\"@type\":\"ListItem\",\"position\":1,\"name\":\"Home\",\"item\":\"https:\/\/www.macedoniapress.com\/\"},{\"@type\":\"ListItem\",\"position\":2,\"name\":\"ZNAM me nj\u00eb deputet m\u00eb pak. Ik deputeti Cekov i cili do t\u00eb veproj si i pavarur\"}]},{\"@type\":\"WebSite\",\"@id\":\"https:\/\/www.macedoniapress.com\/#website\",\"url\":\"https:\/\/www.macedoniapress.com\/\",\"name\":\"Macedonia Press\",\"description\":\"macedoniapress.com\",\"publisher\":{\"@id\":\"https:\/\/www.macedoniapress.com\/#organization\"},\"potentialAction\":[{\"@type\":\"SearchAction\",\"target\":{\"@type\":\"EntryPoint\",\"urlTemplate\":\"https:\/\/www.macedoniapress.com\/?s={search_term_string}\"},\"query-input\":{\"@type\":\"PropertyValueSpecification\",\"valueRequired\":true,\"valueName\":\"search_term_string\"}}],\"inLanguage\":\"en-US\"},{\"@type\":\"Organization\",\"@id\":\"https:\/\/www.macedoniapress.com\/#organization\",\"name\":\"Macedonia Press\",\"url\":\"https:\/\/www.macedoniapress.com\/\",\"logo\":{\"@type\":\"ImageObject\",\"inLanguage\":\"en-US\",\"@id\":\"https:\/\/www.macedoniapress.com\/#\/schema\/logo\/image\/\",\"url\":\"https:\/\/www.macedoniapress.com\/wp-content\/uploads\/2025\/09\/21440B89-8EAC-4476-9403-469F5CA0CDC8.png\",\"contentUrl\":\"https:\/\/www.macedoniapress.com\/wp-content\/uploads\/2025\/09\/21440B89-8EAC-4476-9403-469F5CA0CDC8.png\",\"width\":1536,\"height\":1024,\"caption\":\"Macedonia Press\"},\"image\":{\"@id\":\"https:\/\/www.macedoniapress.com\/#\/schema\/logo\/image\/\"}},{\"@type\":\"Person\",\"@id\":\"https:\/\/www.macedoniapress.com\/#\/schema\/person\/060101f54fa08b58b8847d6f8536f977\",\"name\":\"Macedonia Press\",\"url\":\"https:\/\/www.macedoniapress.com\/?author=2\"}]}<\/script>\n<!-- \/ Yoast SEO plugin. -->","yoast_head_json":{"title":"ZNAM me nj\u00eb deputet m\u00eb pak. Ik deputeti Cekov i cili do t\u00eb veproj si i pavarur - Macedonia Press","robots":{"index":"index","follow":"follow","max-snippet":"max-snippet:-1","max-image-preview":"max-image-preview:large","max-video-preview":"max-video-preview:-1"},"canonical":"https:\/\/www.macedoniapress.com\/?p=3566","og_locale":"en_US","og_type":"article","og_title":"ZNAM me nj\u00eb deputet m\u00eb pak. Ik deputeti Cekov i cili do t\u00eb veproj si i pavarur - Macedonia Press","og_description":"Mile Cekov po largohet nga grupi parlamentar i ZNAM, i cili \u00ebsht\u00eb pjes\u00eb e shumic\u00ebs n\u00eb pushtet VMRO-DPMNE, dhe tani \u00ebsht\u00eb deputet i pavarur, konfirmon Cekov p\u00ebr TV 24. Ai thot\u00eb se hyri n\u00eb politik\u00eb p\u00ebr t\u00eb ndryshuar politik\u00ebn, jo veten, dhe se \u00ebsht\u00eb i pak\u00ebnaqur me shum\u00eb gj\u00ebra, gjegj\u00ebsisht q\u00eb ndryshimet q\u00eb ai dhe...","og_url":"https:\/\/www.macedoniapress.com\/?p=3566","og_site_name":"Macedonia Press","article_published_time":"2026-04-30T15:37:28+00:00","og_image":[{"width":1472,"height":832,"url":"https:\/\/www.macedoniapress.com\/wp-content\/uploads\/2026\/04\/IMG_3066.webp","type":"image\/webp"}],"author":"Macedonia Press","twitter_card":"summary_large_image","twitter_misc":{"Written by":"Macedonia Press","Est. reading time":"2 minutes"},"schema":{"@context":"https:\/\/schema.org","@graph":[{"@type":"Article","@id":"https:\/\/www.macedoniapress.com\/?p=3566#article","isPartOf":{"@id":"https:\/\/www.macedoniapress.com\/?p=3566"},"author":{"name":"Macedonia Press","@id":"https:\/\/www.macedoniapress.com\/#\/schema\/person\/060101f54fa08b58b8847d6f8536f977"},"headline":"ZNAM me nj\u00eb deputet m\u00eb pak. Ik deputeti Cekov i cili do t\u00eb veproj si i pavarur","datePublished":"2026-04-30T15:37:28+00:00","mainEntityOfPage":{"@id":"https:\/\/www.macedoniapress.com\/?p=3566"},"wordCount":382,"publisher":{"@id":"https:\/\/www.macedoniapress.com\/#organization"},"image":{"@id":"https:\/\/www.macedoniapress.com\/?p=3566#primaryimage"},"thumbnailUrl":"https:\/\/www.macedoniapress.com\/wp-content\/uploads\/2026\/04\/IMG_3066.webp","articleSection":["MAQEDONI"],"inLanguage":"en-US"},{"@type":"WebPage","@id":"https:\/\/www.macedoniapress.com\/?p=3566","url":"https:\/\/www.macedoniapress.com\/?p=3566","name":"ZNAM me nj\u00eb deputet m\u00eb pak. Ik deputeti Cekov i cili do t\u00eb veproj si i pavarur - Macedonia Press","isPartOf":{"@id":"https:\/\/www.macedoniapress.com\/#website"},"primaryImageOfPage":{"@id":"https:\/\/www.macedoniapress.com\/?p=3566#primaryimage"},"image":{"@id":"https:\/\/www.macedoniapress.com\/?p=3566#primaryimage"},"thumbnailUrl":"https:\/\/www.macedoniapress.com\/wp-content\/uploads\/2026\/04\/IMG_3066.webp","datePublished":"2026-04-30T15:37:28+00:00","breadcrumb":{"@id":"https:\/\/www.macedoniapress.com\/?p=3566#breadcrumb"},"inLanguage":"en-US","potentialAction":[{"@type":"ReadAction","target":["https:\/\/www.macedoniapress.com\/?p=3566"]}]},{"@type":"ImageObject","inLanguage":"en-US","@id":"https:\/\/www.macedoniapress.com\/?p=3566#primaryimage","url":"https:\/\/www.macedoniapress.com\/wp-content\/uploads\/2026\/04\/IMG_3066.webp","contentUrl":"https:\/\/www.macedoniapress.com\/wp-content\/uploads\/2026\/04\/IMG_3066.webp","width":1472,"height":832},{"@type":"BreadcrumbList","@id":"https:\/\/www.macedoniapress.com\/?p=3566#breadcrumb","itemListElement":[{"@type":"ListItem","position":1,"name":"Home","item":"https:\/\/www.macedoniapress.com\/"},{"@type":"ListItem","position":2,"name":"ZNAM me nj\u00eb deputet m\u00eb pak. Ik deputeti Cekov i cili do t\u00eb veproj si i pavarur"}]},{"@type":"WebSite","@id":"https:\/\/www.macedoniapress.com\/#website","url":"https:\/\/www.macedoniapress.com\/","name":"Macedonia Press","description":"macedoniapress.com","publisher":{"@id":"https:\/\/www.macedoniapress.com\/#organization"},"potentialAction":[{"@type":"SearchAction","target":{"@type":"EntryPoint","urlTemplate":"https:\/\/www.macedoniapress.com\/?s={search_term_string}"},"query-input":{"@type":"PropertyValueSpecification","valueRequired":true,"valueName":"search_term_string"}}],"inLanguage":"en-US"},{"@type":"Organization","@id":"https:\/\/www.macedoniapress.com\/#organization","name":"Macedonia Press","url":"https:\/\/www.macedoniapress.com\/","logo":{"@type":"ImageObject","inLanguage":"en-US","@id":"https:\/\/www.macedoniapress.com\/#\/schema\/logo\/image\/","url":"https:\/\/www.macedoniapress.com\/wp-content\/uploads\/2025\/09\/21440B89-8EAC-4476-9403-469F5CA0CDC8.png","contentUrl":"https:\/\/www.macedoniapress.com\/wp-content\/uploads\/2025\/09\/21440B89-8EAC-4476-9403-469F5CA0CDC8.png","width":1536,"height":1024,"caption":"Macedonia Press"},"image":{"@id":"https:\/\/www.macedoniapress.com\/#\/schema\/logo\/image\/"}},{"@type":"Person","@id":"https:\/\/www.macedoniapress.com\/#\/schema\/person\/060101f54fa08b58b8847d6f8536f977","name":"Macedonia Press","url":"https:\/\/www.macedoniapress.com\/?author=2"}]}},"_links":{"self":[{"href":"https:\/\/www.macedoniapress.com\/index.php?rest_route=\/wp\/v2\/posts\/3566","targetHints":{"allow":["GET"]}}],"collection":[{"href":"https:\/\/www.macedoniapress.com\/index.php?rest_route=\/wp\/v2\/posts"}],"about":[{"href":"https:\/\/www.macedoniapress.com\/index.php?rest_route=\/wp\/v2\/types\/post"}],"author":[{"embeddable":true,"href":"https:\/\/www.macedoniapress.com\/index.php?rest_route=\/wp\/v2\/users\/2"}],"replies":[{"embeddable":true,"href":"https:\/\/www.macedoniapress.com\/index.php?rest_route=%2Fwp%2Fv2%2Fcomments&post=3566"}],"version-history":[{"count":1,"href":"https:\/\/www.macedoniapress.com\/index.php?rest_route=\/wp\/v2\/posts\/3566\/revisions"}],"predecessor-version":[{"id":3568,"href":"https:\/\/www.macedoniapress.com\/index.php?rest_route=\/wp\/v2\/posts\/3566\/revisions\/3568"}],"wp:featuredmedia":[{"embeddable":true,"href":"https:\/\/www.macedoniapress.com\/index.php?rest_route=\/wp\/v2\/media\/3567"}],"wp:attachment":[{"href":"https:\/\/www.macedoniapress.com\/index.php?rest_route=%2Fwp%2Fv2%2Fmedia&parent=3566"}],"wp:term":[{"taxonomy":"category","embeddable":true,"href":"https:\/\/www.macedoniapress.com\/index.php?rest_route=%2Fwp%2Fv2%2Fcategories&post=3566"},{"taxonomy":"post_tag","embeddable":true,"href":"https:\/\/www.macedoniapress.com\/index.php?rest_route=%2Fwp%2Fv2%2Ftags&post=3566"}],"curies":[{"name":"wp","href":"https:\/\/api.w.org\/{rel}","templated":true}]}}