{"id":3564,"date":"2026-04-30T17:17:29","date_gmt":"2026-04-30T15:17:29","guid":{"rendered":"https:\/\/www.macedoniapress.com\/?p=3564"},"modified":"2026-04-30T17:17:29","modified_gmt":"2026-04-30T15:17:29","slug":"opinion-mickovski-nuk-lejon-dikush-tjeter-te-manipuloje-me-ndjenjat-e-shqiptareve-pervec-tij","status":"publish","type":"post","link":"https:\/\/www.macedoniapress.com\/?p=3564","title":{"rendered":"OPINION: \u201cMickovski nuk lejon dikush tjet\u00ebr t\u00eb manipuloj\u00eb me ndjenjat e shqiptar\u00ebve \u2013 p\u00ebrve\u00e7 tij\u2026\u201d"},"content":{"rendered":"<p>Opinion<\/p>\n<p>Ka nj\u00eb ironi t\u00eb thell\u00eb n\u00eb m\u00ebnyr\u00ebn se si sot p\u00ebrpiqet t\u00eb pozicionohet VMRO-DPMNE dhe lideri i saj Hristijan Mickoski karshi shqiptar\u00ebve. Nj\u00eb retorik\u00eb q\u00eb mundohet t\u00eb shitet si mbrojt\u00ebse e \u201cndjenjave t\u00eb shqiptar\u00ebve\u201d, por q\u00eb n\u00eb thelb bart nj\u00eb histori t\u00eb gjat\u00eb mohimi, frike dhe instrumentalizimi politik t\u00eb po atyre ndjenjave.<\/p>\n<p>Sepse, n\u00ebse ka nj\u00eb periudh\u00eb q\u00eb shqiptar\u00ebt e k\u00ebtij vendi nuk mund ta harrojn\u00eb leht\u00eb, ajo \u00ebsht\u00eb viti 2016\u20132017. Koha kur e ashtuquajtura \u201cplatform\u00eb e Tiran\u00ebs\u201d u demonizua deri n\u00eb absurditet. N\u00eb sall\u00ebn e Parlamentit, deputet\u00eb t\u00eb VMRO-DPMNE flisnin p\u00ebr rrezik ndaj shtetit, p\u00ebr federalizim, p\u00ebr k\u00ebrc\u00ebnim ndaj identitetit maqedonas \u2013 nd\u00ebrkoh\u00eb q\u00eb n\u00eb thelb b\u00ebhej fjal\u00eb p\u00ebr k\u00ebrkesa elementare: barazi gjuh\u00ebsore, p\u00ebrfaq\u00ebsim m\u00eb t\u00eb drejt\u00eb dhe respekt institucional p\u00ebr shqiptar\u00ebt.<\/p>\n<p>A nuk ishin pik\u00ebrisht k\u00ebta z\u00ebra q\u00eb e quanin gjuh\u00ebn shqipe \u201ck\u00ebrc\u00ebnim\u201d?<br \/>\nA nuk ishin ata q\u00eb e shnd\u00ebrruan debatin p\u00ebr t\u00eb drejtat n\u00eb nj\u00eb fushat\u00eb frike kolektive?<br \/>\nA nuk ishin ata q\u00eb mobilizuan rrug\u00ebn kund\u00ebr nj\u00eb marr\u00ebveshjeje politike mes partive shqiptare?<\/p>\n<p>Dhe sot, t\u00eb nj\u00ebjt\u00ebt aktor\u00eb flasin p\u00ebr \u201cmanipulim t\u00eb ndjenjave t\u00eb shqiptar\u00ebve\u201d.<\/p>\n<p>\u00cbsht\u00eb nj\u00eb kthes\u00eb q\u00eb nuk vjen nga reflektimi, por nga nevoja politike. Sepse realiteti ka ndryshuar: shqiptar\u00ebt nuk jan\u00eb m\u00eb faktor q\u00eb mund t\u00eb injorohet apo trajtohet vet\u00ebm si kart\u00eb elektorale. Ata jan\u00eb pjes\u00eb ky\u00e7e e ekuacionit politik dhe \u00e7do pretendim p\u00ebr pushtet kalon edhe p\u00ebrmes tyre.<\/p>\n<p>Por problemi me k\u00ebt\u00eb qasje t\u00eb re \u00ebsht\u00eb se nuk \u00ebsht\u00eb e sinqert\u00eb. Nuk \u00ebsht\u00eb rezultat i nj\u00eb evolucioni ideologjik, por i nj\u00eb kalkulimi t\u00eb ftoht\u00eb. Dhe k\u00ebtu q\u00ebndron hipokrizia.<\/p>\n<p>Kur dje e shpallje nj\u00eb k\u00ebrkes\u00eb legjitime si \u201ck\u00ebrc\u00ebnim p\u00ebr shtetin\u201d, nd\u00ebrsa sot e p\u00ebrdor t\u00eb nj\u00ebjt\u00ebn ndjenj\u00eb p\u00ebr t\u00eb akuzuar t\u00eb tjer\u00ebt p\u00ebr manipulim, nuk je duke mbrojtur shqiptar\u00ebt \u2013 je duke tentuar t\u2019i p\u00ebrdor\u00ebsh ata.<\/p>\n<p>Sepse manipulimi nuk q\u00ebndron vet\u00ebm n\u00eb fjal\u00ebt q\u00eb thuhen sot, por edhe n\u00eb heshtjen p\u00ebr at\u00eb q\u00eb \u00ebsht\u00eb th\u00ebn\u00eb dje.<\/p>\n<p>Dhe shqiptar\u00ebt e din\u00eb mir\u00eb k\u00ebt\u00eb. Ata e mbajn\u00eb mend diskursin e ashp\u00ebr parlamentar, etiketimet, frik\u00ebn e fabrikuar dhe refuzimin kategorik t\u00eb \u00e7do avancimi t\u00eb t\u00eb drejtave t\u00eb tyre. Nuk harrohet leht\u00eb nj\u00eb periudh\u00eb kur identiteti yt trajtohej si problem.<\/p>\n<p>Prandaj, kur sot d\u00ebgjojn\u00eb deklarata p\u00ebr \u201cmbrojtje t\u00eb ndjenjave\u201d, pyetja q\u00eb lind natyrsh\u00ebm \u00ebsht\u00eb:<br \/>\nA \u00ebsht\u00eb kjo nj\u00eb p\u00ebrpjekje p\u00ebr reflektim, apo thjesht nj\u00eb version m\u00eb i sofistikuar i t\u00eb nj\u00ebjtit manipulim?<\/p>\n<p>N\u00eb fund, nuk \u00ebsht\u00eb \u00e7\u00ebshtje se kush \u201clejon\u201d apo \u201cnuk lejon\u201d manipulimin e shqiptar\u00ebve. Sepse shqiptar\u00ebt nuk jan\u00eb pron\u00eb politike e askujt. Ata jan\u00eb qytetar\u00eb q\u00eb din\u00eb t\u00eb dallojn\u00eb mes kujtes\u00ebs dhe propagand\u00ebs.<\/p>\n<p>Dhe kujtesa, ndryshe nga retorika, nuk ndryshon sipas nevoj\u00ebs s\u00eb momentit.\/macedoniapress<\/p>\n","protected":false},"excerpt":{"rendered":"<p>Opinion Ka nj\u00eb ironi t\u00eb thell\u00eb n\u00eb m\u00ebnyr\u00ebn se si sot p\u00ebrpiqet t\u00eb pozicionohet VMRO-DPMNE dhe lideri i saj Hristijan Mickoski karshi shqiptar\u00ebve. Nj\u00eb retorik\u00eb q\u00eb mundohet t\u00eb shitet si mbrojt\u00ebse e \u201cndjenjave t\u00eb shqiptar\u00ebve\u201d, por q\u00eb n\u00eb thelb bart nj\u00eb histori t\u00eb gjat\u00eb mohimi, frike dhe instrumentalizimi politik t\u00eb po atyre ndjenjave. Sepse, n\u00ebse&#8230;<\/p>\n","protected":false},"author":2,"featured_media":3281,"comment_status":"closed","ping_status":"open","sticky":false,"template":"","format":"standard","meta":{"footnotes":""},"categories":[9,1],"tags":[],"class_list":["post-3564","post","type-post","status-publish","format-standard","has-post-thumbnail","hentry","category-kronika","category-makedonija"],"yoast_head":"<!-- This site is optimized with the Yoast SEO plugin v27.2 - https:\/\/yoast.com\/product\/yoast-seo-wordpress\/ -->\n<title>OPINION: \u201cMickovski nuk lejon dikush tjet\u00ebr t\u00eb manipuloj\u00eb me ndjenjat e shqiptar\u00ebve \u2013 p\u00ebrve\u00e7 tij\u2026\u201d - Macedonia Press<\/title>\n<meta name=\"robots\" content=\"index, follow, max-snippet:-1, max-image-preview:large, max-video-preview:-1\" \/>\n<link rel=\"canonical\" href=\"https:\/\/www.macedoniapress.com\/?p=3564\" \/>\n<meta property=\"og:locale\" content=\"en_US\" \/>\n<meta property=\"og:type\" content=\"article\" \/>\n<meta property=\"og:title\" content=\"OPINION: \u201cMickovski nuk lejon dikush tjet\u00ebr t\u00eb manipuloj\u00eb me ndjenjat e shqiptar\u00ebve \u2013 p\u00ebrve\u00e7 tij\u2026\u201d - Macedonia Press\" \/>\n<meta property=\"og:description\" content=\"Opinion Ka nj\u00eb ironi t\u00eb thell\u00eb n\u00eb m\u00ebnyr\u00ebn se si sot p\u00ebrpiqet t\u00eb pozicionohet VMRO-DPMNE dhe lideri i saj Hristijan Mickoski karshi shqiptar\u00ebve. Nj\u00eb retorik\u00eb q\u00eb mundohet t\u00eb shitet si mbrojt\u00ebse e \u201cndjenjave t\u00eb shqiptar\u00ebve\u201d, por q\u00eb n\u00eb thelb bart nj\u00eb histori t\u00eb gjat\u00eb mohimi, frike dhe instrumentalizimi politik t\u00eb po atyre ndjenjave. Sepse, n\u00ebse...\" \/>\n<meta property=\"og:url\" content=\"https:\/\/www.macedoniapress.com\/?p=3564\" \/>\n<meta property=\"og:site_name\" content=\"Macedonia Press\" \/>\n<meta property=\"article:published_time\" content=\"2026-04-30T15:17:29+00:00\" \/>\n<meta property=\"og:image\" content=\"https:\/\/www.macedoniapress.com\/wp-content\/uploads\/2026\/04\/IMG_2432.jpeg\" \/>\n\t<meta property=\"og:image:width\" content=\"1536\" \/>\n\t<meta property=\"og:image:height\" content=\"1023\" \/>\n\t<meta property=\"og:image:type\" content=\"image\/jpeg\" \/>\n<meta name=\"author\" content=\"Macedonia Press\" \/>\n<meta name=\"twitter:card\" content=\"summary_large_image\" \/>\n<meta name=\"twitter:label1\" content=\"Written by\" \/>\n\t<meta name=\"twitter:data1\" content=\"Macedonia Press\" \/>\n\t<meta name=\"twitter:label2\" content=\"Est. reading time\" \/>\n\t<meta name=\"twitter:data2\" content=\"3 minutes\" \/>\n<script type=\"application\/ld+json\" class=\"yoast-schema-graph\">{\"@context\":\"https:\/\/schema.org\",\"@graph\":[{\"@type\":\"Article\",\"@id\":\"https:\/\/www.macedoniapress.com\/?p=3564#article\",\"isPartOf\":{\"@id\":\"https:\/\/www.macedoniapress.com\/?p=3564\"},\"author\":{\"name\":\"Macedonia Press\",\"@id\":\"https:\/\/www.macedoniapress.com\/#\/schema\/person\/060101f54fa08b58b8847d6f8536f977\"},\"headline\":\"OPINION: \u201cMickovski nuk lejon dikush tjet\u00ebr t\u00eb manipuloj\u00eb me ndjenjat e shqiptar\u00ebve \u2013 p\u00ebrve\u00e7 tij\u2026\u201d\",\"datePublished\":\"2026-04-30T15:17:29+00:00\",\"mainEntityOfPage\":{\"@id\":\"https:\/\/www.macedoniapress.com\/?p=3564\"},\"wordCount\":526,\"publisher\":{\"@id\":\"https:\/\/www.macedoniapress.com\/#organization\"},\"image\":{\"@id\":\"https:\/\/www.macedoniapress.com\/?p=3564#primaryimage\"},\"thumbnailUrl\":\"https:\/\/www.macedoniapress.com\/wp-content\/uploads\/2026\/04\/IMG_2432.jpeg\",\"articleSection\":[\"KRONIKA\",\"MAQEDONI\"],\"inLanguage\":\"en-US\"},{\"@type\":\"WebPage\",\"@id\":\"https:\/\/www.macedoniapress.com\/?p=3564\",\"url\":\"https:\/\/www.macedoniapress.com\/?p=3564\",\"name\":\"OPINION: \u201cMickovski nuk lejon dikush tjet\u00ebr t\u00eb manipuloj\u00eb me ndjenjat e shqiptar\u00ebve \u2013 p\u00ebrve\u00e7 tij\u2026\u201d - Macedonia Press\",\"isPartOf\":{\"@id\":\"https:\/\/www.macedoniapress.com\/#website\"},\"primaryImageOfPage\":{\"@id\":\"https:\/\/www.macedoniapress.com\/?p=3564#primaryimage\"},\"image\":{\"@id\":\"https:\/\/www.macedoniapress.com\/?p=3564#primaryimage\"},\"thumbnailUrl\":\"https:\/\/www.macedoniapress.com\/wp-content\/uploads\/2026\/04\/IMG_2432.jpeg\",\"datePublished\":\"2026-04-30T15:17:29+00:00\",\"breadcrumb\":{\"@id\":\"https:\/\/www.macedoniapress.com\/?p=3564#breadcrumb\"},\"inLanguage\":\"en-US\",\"potentialAction\":[{\"@type\":\"ReadAction\",\"target\":[\"https:\/\/www.macedoniapress.com\/?p=3564\"]}]},{\"@type\":\"ImageObject\",\"inLanguage\":\"en-US\",\"@id\":\"https:\/\/www.macedoniapress.com\/?p=3564#primaryimage\",\"url\":\"https:\/\/www.macedoniapress.com\/wp-content\/uploads\/2026\/04\/IMG_2432.jpeg\",\"contentUrl\":\"https:\/\/www.macedoniapress.com\/wp-content\/uploads\/2026\/04\/IMG_2432.jpeg\",\"width\":1536,\"height\":1023},{\"@type\":\"BreadcrumbList\",\"@id\":\"https:\/\/www.macedoniapress.com\/?p=3564#breadcrumb\",\"itemListElement\":[{\"@type\":\"ListItem\",\"position\":1,\"name\":\"Home\",\"item\":\"https:\/\/www.macedoniapress.com\/\"},{\"@type\":\"ListItem\",\"position\":2,\"name\":\"OPINION: \u201cMickovski nuk lejon dikush tjet\u00ebr t\u00eb manipuloj\u00eb me ndjenjat e shqiptar\u00ebve \u2013 p\u00ebrve\u00e7 tij\u2026\u201d\"}]},{\"@type\":\"WebSite\",\"@id\":\"https:\/\/www.macedoniapress.com\/#website\",\"url\":\"https:\/\/www.macedoniapress.com\/\",\"name\":\"Macedonia Press\",\"description\":\"macedoniapress.com\",\"publisher\":{\"@id\":\"https:\/\/www.macedoniapress.com\/#organization\"},\"potentialAction\":[{\"@type\":\"SearchAction\",\"target\":{\"@type\":\"EntryPoint\",\"urlTemplate\":\"https:\/\/www.macedoniapress.com\/?s={search_term_string}\"},\"query-input\":{\"@type\":\"PropertyValueSpecification\",\"valueRequired\":true,\"valueName\":\"search_term_string\"}}],\"inLanguage\":\"en-US\"},{\"@type\":\"Organization\",\"@id\":\"https:\/\/www.macedoniapress.com\/#organization\",\"name\":\"Macedonia Press\",\"url\":\"https:\/\/www.macedoniapress.com\/\",\"logo\":{\"@type\":\"ImageObject\",\"inLanguage\":\"en-US\",\"@id\":\"https:\/\/www.macedoniapress.com\/#\/schema\/logo\/image\/\",\"url\":\"https:\/\/www.macedoniapress.com\/wp-content\/uploads\/2025\/09\/21440B89-8EAC-4476-9403-469F5CA0CDC8.png\",\"contentUrl\":\"https:\/\/www.macedoniapress.com\/wp-content\/uploads\/2025\/09\/21440B89-8EAC-4476-9403-469F5CA0CDC8.png\",\"width\":1536,\"height\":1024,\"caption\":\"Macedonia Press\"},\"image\":{\"@id\":\"https:\/\/www.macedoniapress.com\/#\/schema\/logo\/image\/\"}},{\"@type\":\"Person\",\"@id\":\"https:\/\/www.macedoniapress.com\/#\/schema\/person\/060101f54fa08b58b8847d6f8536f977\",\"name\":\"Macedonia Press\",\"url\":\"https:\/\/www.macedoniapress.com\/?author=2\"}]}<\/script>\n<!-- \/ Yoast SEO plugin. -->","yoast_head_json":{"title":"OPINION: \u201cMickovski nuk lejon dikush tjet\u00ebr t\u00eb manipuloj\u00eb me ndjenjat e shqiptar\u00ebve \u2013 p\u00ebrve\u00e7 tij\u2026\u201d - Macedonia Press","robots":{"index":"index","follow":"follow","max-snippet":"max-snippet:-1","max-image-preview":"max-image-preview:large","max-video-preview":"max-video-preview:-1"},"canonical":"https:\/\/www.macedoniapress.com\/?p=3564","og_locale":"en_US","og_type":"article","og_title":"OPINION: \u201cMickovski nuk lejon dikush tjet\u00ebr t\u00eb manipuloj\u00eb me ndjenjat e shqiptar\u00ebve \u2013 p\u00ebrve\u00e7 tij\u2026\u201d - Macedonia Press","og_description":"Opinion Ka nj\u00eb ironi t\u00eb thell\u00eb n\u00eb m\u00ebnyr\u00ebn se si sot p\u00ebrpiqet t\u00eb pozicionohet VMRO-DPMNE dhe lideri i saj Hristijan Mickoski karshi shqiptar\u00ebve. Nj\u00eb retorik\u00eb q\u00eb mundohet t\u00eb shitet si mbrojt\u00ebse e \u201cndjenjave t\u00eb shqiptar\u00ebve\u201d, por q\u00eb n\u00eb thelb bart nj\u00eb histori t\u00eb gjat\u00eb mohimi, frike dhe instrumentalizimi politik t\u00eb po atyre ndjenjave. Sepse, n\u00ebse...","og_url":"https:\/\/www.macedoniapress.com\/?p=3564","og_site_name":"Macedonia Press","article_published_time":"2026-04-30T15:17:29+00:00","og_image":[{"width":1536,"height":1023,"url":"https:\/\/www.macedoniapress.com\/wp-content\/uploads\/2026\/04\/IMG_2432.jpeg","type":"image\/jpeg"}],"author":"Macedonia Press","twitter_card":"summary_large_image","twitter_misc":{"Written by":"Macedonia Press","Est. reading time":"3 minutes"},"schema":{"@context":"https:\/\/schema.org","@graph":[{"@type":"Article","@id":"https:\/\/www.macedoniapress.com\/?p=3564#article","isPartOf":{"@id":"https:\/\/www.macedoniapress.com\/?p=3564"},"author":{"name":"Macedonia Press","@id":"https:\/\/www.macedoniapress.com\/#\/schema\/person\/060101f54fa08b58b8847d6f8536f977"},"headline":"OPINION: \u201cMickovski nuk lejon dikush tjet\u00ebr t\u00eb manipuloj\u00eb me ndjenjat e shqiptar\u00ebve \u2013 p\u00ebrve\u00e7 tij\u2026\u201d","datePublished":"2026-04-30T15:17:29+00:00","mainEntityOfPage":{"@id":"https:\/\/www.macedoniapress.com\/?p=3564"},"wordCount":526,"publisher":{"@id":"https:\/\/www.macedoniapress.com\/#organization"},"image":{"@id":"https:\/\/www.macedoniapress.com\/?p=3564#primaryimage"},"thumbnailUrl":"https:\/\/www.macedoniapress.com\/wp-content\/uploads\/2026\/04\/IMG_2432.jpeg","articleSection":["KRONIKA","MAQEDONI"],"inLanguage":"en-US"},{"@type":"WebPage","@id":"https:\/\/www.macedoniapress.com\/?p=3564","url":"https:\/\/www.macedoniapress.com\/?p=3564","name":"OPINION: \u201cMickovski nuk lejon dikush tjet\u00ebr t\u00eb manipuloj\u00eb me ndjenjat e shqiptar\u00ebve \u2013 p\u00ebrve\u00e7 tij\u2026\u201d - Macedonia Press","isPartOf":{"@id":"https:\/\/www.macedoniapress.com\/#website"},"primaryImageOfPage":{"@id":"https:\/\/www.macedoniapress.com\/?p=3564#primaryimage"},"image":{"@id":"https:\/\/www.macedoniapress.com\/?p=3564#primaryimage"},"thumbnailUrl":"https:\/\/www.macedoniapress.com\/wp-content\/uploads\/2026\/04\/IMG_2432.jpeg","datePublished":"2026-04-30T15:17:29+00:00","breadcrumb":{"@id":"https:\/\/www.macedoniapress.com\/?p=3564#breadcrumb"},"inLanguage":"en-US","potentialAction":[{"@type":"ReadAction","target":["https:\/\/www.macedoniapress.com\/?p=3564"]}]},{"@type":"ImageObject","inLanguage":"en-US","@id":"https:\/\/www.macedoniapress.com\/?p=3564#primaryimage","url":"https:\/\/www.macedoniapress.com\/wp-content\/uploads\/2026\/04\/IMG_2432.jpeg","contentUrl":"https:\/\/www.macedoniapress.com\/wp-content\/uploads\/2026\/04\/IMG_2432.jpeg","width":1536,"height":1023},{"@type":"BreadcrumbList","@id":"https:\/\/www.macedoniapress.com\/?p=3564#breadcrumb","itemListElement":[{"@type":"ListItem","position":1,"name":"Home","item":"https:\/\/www.macedoniapress.com\/"},{"@type":"ListItem","position":2,"name":"OPINION: \u201cMickovski nuk lejon dikush tjet\u00ebr t\u00eb manipuloj\u00eb me ndjenjat e shqiptar\u00ebve \u2013 p\u00ebrve\u00e7 tij\u2026\u201d"}]},{"@type":"WebSite","@id":"https:\/\/www.macedoniapress.com\/#website","url":"https:\/\/www.macedoniapress.com\/","name":"Macedonia Press","description":"macedoniapress.com","publisher":{"@id":"https:\/\/www.macedoniapress.com\/#organization"},"potentialAction":[{"@type":"SearchAction","target":{"@type":"EntryPoint","urlTemplate":"https:\/\/www.macedoniapress.com\/?s={search_term_string}"},"query-input":{"@type":"PropertyValueSpecification","valueRequired":true,"valueName":"search_term_string"}}],"inLanguage":"en-US"},{"@type":"Organization","@id":"https:\/\/www.macedoniapress.com\/#organization","name":"Macedonia Press","url":"https:\/\/www.macedoniapress.com\/","logo":{"@type":"ImageObject","inLanguage":"en-US","@id":"https:\/\/www.macedoniapress.com\/#\/schema\/logo\/image\/","url":"https:\/\/www.macedoniapress.com\/wp-content\/uploads\/2025\/09\/21440B89-8EAC-4476-9403-469F5CA0CDC8.png","contentUrl":"https:\/\/www.macedoniapress.com\/wp-content\/uploads\/2025\/09\/21440B89-8EAC-4476-9403-469F5CA0CDC8.png","width":1536,"height":1024,"caption":"Macedonia Press"},"image":{"@id":"https:\/\/www.macedoniapress.com\/#\/schema\/logo\/image\/"}},{"@type":"Person","@id":"https:\/\/www.macedoniapress.com\/#\/schema\/person\/060101f54fa08b58b8847d6f8536f977","name":"Macedonia Press","url":"https:\/\/www.macedoniapress.com\/?author=2"}]}},"_links":{"self":[{"href":"https:\/\/www.macedoniapress.com\/index.php?rest_route=\/wp\/v2\/posts\/3564","targetHints":{"allow":["GET"]}}],"collection":[{"href":"https:\/\/www.macedoniapress.com\/index.php?rest_route=\/wp\/v2\/posts"}],"about":[{"href":"https:\/\/www.macedoniapress.com\/index.php?rest_route=\/wp\/v2\/types\/post"}],"author":[{"embeddable":true,"href":"https:\/\/www.macedoniapress.com\/index.php?rest_route=\/wp\/v2\/users\/2"}],"replies":[{"embeddable":true,"href":"https:\/\/www.macedoniapress.com\/index.php?rest_route=%2Fwp%2Fv2%2Fcomments&post=3564"}],"version-history":[{"count":1,"href":"https:\/\/www.macedoniapress.com\/index.php?rest_route=\/wp\/v2\/posts\/3564\/revisions"}],"predecessor-version":[{"id":3565,"href":"https:\/\/www.macedoniapress.com\/index.php?rest_route=\/wp\/v2\/posts\/3564\/revisions\/3565"}],"wp:featuredmedia":[{"embeddable":true,"href":"https:\/\/www.macedoniapress.com\/index.php?rest_route=\/wp\/v2\/media\/3281"}],"wp:attachment":[{"href":"https:\/\/www.macedoniapress.com\/index.php?rest_route=%2Fwp%2Fv2%2Fmedia&parent=3564"}],"wp:term":[{"taxonomy":"category","embeddable":true,"href":"https:\/\/www.macedoniapress.com\/index.php?rest_route=%2Fwp%2Fv2%2Fcategories&post=3564"},{"taxonomy":"post_tag","embeddable":true,"href":"https:\/\/www.macedoniapress.com\/index.php?rest_route=%2Fwp%2Fv2%2Ftags&post=3564"}],"curies":[{"name":"wp","href":"https:\/\/api.w.org\/{rel}","templated":true}]}}