{"id":3561,"date":"2026-04-30T16:42:38","date_gmt":"2026-04-30T14:42:38","guid":{"rendered":"https:\/\/www.macedoniapress.com\/?p=3561"},"modified":"2026-04-30T16:42:38","modified_gmt":"2026-04-30T14:42:38","slug":"haxhiu-cakton-daten-7-qershor-per-zgjedhjet-parlamentare-ne-kosove","status":"publish","type":"post","link":"https:\/\/www.macedoniapress.com\/?p=3561","title":{"rendered":"Haxhiu cakton dat\u00ebn 7 qershor p\u00ebr zgjedhjet parlamentare n\u00eb Kosov\u00eb"},"content":{"rendered":"<p><strong>Ushtruesja e detyr\u00ebs s\u00eb presidentes, Albulena Haxhiu, e ka caktuar 7 qershorin p\u00ebr mbajtjen e zgjedhjeve t\u00eb reja parlamentare.<\/strong><\/p>\n<p>Haxhiu, ka th\u00ebn\u00eb se kjo u b\u00eb pas pas vler\u00ebsimit t\u00eb afateve kushtetuese, nevojave organizative t\u00eb KQZ, dhe r\u00ebnd\u00ebsis\u00eb s\u00eb pjes\u00ebmarr\u00ebs sa m\u00eb t\u00eb gjer\u00eb t\u00eb qytetar\u00ebve.<\/p>\n<p><em>\u2018\u2019N\u00eb k\u00ebt\u00eb takim ishin t\u00eb ftuara 17 parti politike, t\u00eb pranishme ishin 15. Pas vler\u00ebsimit t\u00eb afateve kushtetuese, nevojave organizative t\u00eb KQZ, dhe r\u00ebnd\u00ebsis\u00eb s\u00eb pjes\u00ebmarr\u00ebs sa m\u00eb t\u00eb gjer\u00eb t\u00eb qytetar\u00ebve, kam vendosur q\u00eb zgjedhjet e parakohshme p\u00ebr Kuvendin t\u00eb mbahen me 7 qershor\u2019\u2019,<\/em> ka th\u00ebn\u00eb ajo<\/p>\n<p>Edhe p\u00ebrfaq\u00ebsuesit e partive politike kan\u00eb shprehur pajtim q\u00eb 7 qershori t\u00eb jet\u00eb dat\u00eb e zgjedhjeve, pas takimit q\u00eb kan\u00eb pasur me ushtruesin e detyr\u00ebs s\u00eb presidentes Albulena Haxhiu.<\/p>\n<p>Kryetari i PDK-s\u00eb, Bedri Hamza ka deklaruar se data m\u00eb e k\u00ebrkuar p\u00ebr t\u00eb mbajtur zgjedhjet ishte 7 qershori. Edhe, Lushaku-Sadriu nga LDK ka b\u00ebr\u00eb t\u00eb ditur se LDK-ja mb\u00ebshtet 7 qershorin, n\u00eb p\u00ebrputhje me k\u00ebrkesat dhe kapacitetet organizative t\u00eb institucioneve p\u00ebrgjegj\u00ebse.<\/p>\n<p>N\u00eb t\u00eb nj\u00ebjt\u00ebn linj\u00eb u shpreh edhe Ardian Gjini i AAK-s\u00eb.<\/p>\n","protected":false},"excerpt":{"rendered":"<p>Ushtruesja e detyr\u00ebs s\u00eb presidentes, Albulena Haxhiu, e ka caktuar 7 qershorin p\u00ebr mbajtjen e zgjedhjeve t\u00eb reja parlamentare. Haxhiu, ka th\u00ebn\u00eb se kjo u b\u00eb pas pas vler\u00ebsimit t\u00eb afateve kushtetuese, nevojave organizative t\u00eb KQZ, dhe r\u00ebnd\u00ebsis\u00eb s\u00eb pjes\u00ebmarr\u00ebs sa m\u00eb t\u00eb gjer\u00eb t\u00eb qytetar\u00ebve. \u2018\u2019N\u00eb k\u00ebt\u00eb takim ishin t\u00eb ftuara 17 parti politike,&#8230;<\/p>\n","protected":false},"author":2,"featured_media":3562,"comment_status":"closed","ping_status":"open","sticky":false,"template":"","format":"standard","meta":{"footnotes":""},"categories":[5],"tags":[],"class_list":["post-3561","post","type-post","status-publish","format-standard","has-post-thumbnail","hentry","category-rajoni"],"yoast_head":"<!-- This site is optimized with the Yoast SEO plugin v27.2 - https:\/\/yoast.com\/product\/yoast-seo-wordpress\/ -->\n<title>Haxhiu cakton dat\u00ebn 7 qershor p\u00ebr zgjedhjet parlamentare n\u00eb Kosov\u00eb - Macedonia Press<\/title>\n<meta name=\"robots\" content=\"index, follow, max-snippet:-1, max-image-preview:large, max-video-preview:-1\" \/>\n<link rel=\"canonical\" href=\"https:\/\/www.macedoniapress.com\/?p=3561\" \/>\n<meta property=\"og:locale\" content=\"en_US\" \/>\n<meta property=\"og:type\" content=\"article\" \/>\n<meta property=\"og:title\" content=\"Haxhiu cakton dat\u00ebn 7 qershor p\u00ebr zgjedhjet parlamentare n\u00eb Kosov\u00eb - Macedonia Press\" \/>\n<meta property=\"og:description\" content=\"Ushtruesja e detyr\u00ebs s\u00eb presidentes, Albulena Haxhiu, e ka caktuar 7 qershorin p\u00ebr mbajtjen e zgjedhjeve t\u00eb reja parlamentare. Haxhiu, ka th\u00ebn\u00eb se kjo u b\u00eb pas pas vler\u00ebsimit t\u00eb afateve kushtetuese, nevojave organizative t\u00eb KQZ, dhe r\u00ebnd\u00ebsis\u00eb s\u00eb pjes\u00ebmarr\u00ebs sa m\u00eb t\u00eb gjer\u00eb t\u00eb qytetar\u00ebve. \u2018\u2019N\u00eb k\u00ebt\u00eb takim ishin t\u00eb ftuara 17 parti politike,...\" \/>\n<meta property=\"og:url\" content=\"https:\/\/www.macedoniapress.com\/?p=3561\" \/>\n<meta property=\"og:site_name\" content=\"Macedonia Press\" \/>\n<meta property=\"article:published_time\" content=\"2026-04-30T14:42:38+00:00\" \/>\n<meta property=\"og:image\" content=\"https:\/\/www.macedoniapress.com\/wp-content\/uploads\/2026\/04\/IMG_3060.jpeg\" \/>\n\t<meta property=\"og:image:width\" content=\"1000\" \/>\n\t<meta property=\"og:image:height\" content=\"790\" \/>\n\t<meta property=\"og:image:type\" content=\"image\/jpeg\" \/>\n<meta name=\"author\" content=\"Macedonia Press\" \/>\n<meta name=\"twitter:card\" content=\"summary_large_image\" \/>\n<meta name=\"twitter:label1\" content=\"Written by\" \/>\n\t<meta name=\"twitter:data1\" content=\"Macedonia Press\" \/>\n\t<meta name=\"twitter:label2\" content=\"Est. reading time\" \/>\n\t<meta name=\"twitter:data2\" content=\"1 minute\" \/>\n<script type=\"application\/ld+json\" class=\"yoast-schema-graph\">{\"@context\":\"https:\/\/schema.org\",\"@graph\":[{\"@type\":\"Article\",\"@id\":\"https:\/\/www.macedoniapress.com\/?p=3561#article\",\"isPartOf\":{\"@id\":\"https:\/\/www.macedoniapress.com\/?p=3561\"},\"author\":{\"name\":\"Macedonia Press\",\"@id\":\"https:\/\/www.macedoniapress.com\/#\/schema\/person\/060101f54fa08b58b8847d6f8536f977\"},\"headline\":\"Haxhiu cakton dat\u00ebn 7 qershor p\u00ebr zgjedhjet parlamentare n\u00eb Kosov\u00eb\",\"datePublished\":\"2026-04-30T14:42:38+00:00\",\"mainEntityOfPage\":{\"@id\":\"https:\/\/www.macedoniapress.com\/?p=3561\"},\"wordCount\":211,\"publisher\":{\"@id\":\"https:\/\/www.macedoniapress.com\/#organization\"},\"image\":{\"@id\":\"https:\/\/www.macedoniapress.com\/?p=3561#primaryimage\"},\"thumbnailUrl\":\"https:\/\/www.macedoniapress.com\/wp-content\/uploads\/2026\/04\/IMG_3060.jpeg\",\"articleSection\":[\"RAJONI\"],\"inLanguage\":\"en-US\"},{\"@type\":\"WebPage\",\"@id\":\"https:\/\/www.macedoniapress.com\/?p=3561\",\"url\":\"https:\/\/www.macedoniapress.com\/?p=3561\",\"name\":\"Haxhiu cakton dat\u00ebn 7 qershor p\u00ebr zgjedhjet parlamentare n\u00eb Kosov\u00eb - Macedonia Press\",\"isPartOf\":{\"@id\":\"https:\/\/www.macedoniapress.com\/#website\"},\"primaryImageOfPage\":{\"@id\":\"https:\/\/www.macedoniapress.com\/?p=3561#primaryimage\"},\"image\":{\"@id\":\"https:\/\/www.macedoniapress.com\/?p=3561#primaryimage\"},\"thumbnailUrl\":\"https:\/\/www.macedoniapress.com\/wp-content\/uploads\/2026\/04\/IMG_3060.jpeg\",\"datePublished\":\"2026-04-30T14:42:38+00:00\",\"breadcrumb\":{\"@id\":\"https:\/\/www.macedoniapress.com\/?p=3561#breadcrumb\"},\"inLanguage\":\"en-US\",\"potentialAction\":[{\"@type\":\"ReadAction\",\"target\":[\"https:\/\/www.macedoniapress.com\/?p=3561\"]}]},{\"@type\":\"ImageObject\",\"inLanguage\":\"en-US\",\"@id\":\"https:\/\/www.macedoniapress.com\/?p=3561#primaryimage\",\"url\":\"https:\/\/www.macedoniapress.com\/wp-content\/uploads\/2026\/04\/IMG_3060.jpeg\",\"contentUrl\":\"https:\/\/www.macedoniapress.com\/wp-content\/uploads\/2026\/04\/IMG_3060.jpeg\",\"width\":1000,\"height\":790},{\"@type\":\"BreadcrumbList\",\"@id\":\"https:\/\/www.macedoniapress.com\/?p=3561#breadcrumb\",\"itemListElement\":[{\"@type\":\"ListItem\",\"position\":1,\"name\":\"Home\",\"item\":\"https:\/\/www.macedoniapress.com\/\"},{\"@type\":\"ListItem\",\"position\":2,\"name\":\"Haxhiu cakton dat\u00ebn 7 qershor p\u00ebr zgjedhjet parlamentare n\u00eb Kosov\u00eb\"}]},{\"@type\":\"WebSite\",\"@id\":\"https:\/\/www.macedoniapress.com\/#website\",\"url\":\"https:\/\/www.macedoniapress.com\/\",\"name\":\"Macedonia Press\",\"description\":\"macedoniapress.com\",\"publisher\":{\"@id\":\"https:\/\/www.macedoniapress.com\/#organization\"},\"potentialAction\":[{\"@type\":\"SearchAction\",\"target\":{\"@type\":\"EntryPoint\",\"urlTemplate\":\"https:\/\/www.macedoniapress.com\/?s={search_term_string}\"},\"query-input\":{\"@type\":\"PropertyValueSpecification\",\"valueRequired\":true,\"valueName\":\"search_term_string\"}}],\"inLanguage\":\"en-US\"},{\"@type\":\"Organization\",\"@id\":\"https:\/\/www.macedoniapress.com\/#organization\",\"name\":\"Macedonia Press\",\"url\":\"https:\/\/www.macedoniapress.com\/\",\"logo\":{\"@type\":\"ImageObject\",\"inLanguage\":\"en-US\",\"@id\":\"https:\/\/www.macedoniapress.com\/#\/schema\/logo\/image\/\",\"url\":\"https:\/\/www.macedoniapress.com\/wp-content\/uploads\/2025\/09\/21440B89-8EAC-4476-9403-469F5CA0CDC8.png\",\"contentUrl\":\"https:\/\/www.macedoniapress.com\/wp-content\/uploads\/2025\/09\/21440B89-8EAC-4476-9403-469F5CA0CDC8.png\",\"width\":1536,\"height\":1024,\"caption\":\"Macedonia Press\"},\"image\":{\"@id\":\"https:\/\/www.macedoniapress.com\/#\/schema\/logo\/image\/\"}},{\"@type\":\"Person\",\"@id\":\"https:\/\/www.macedoniapress.com\/#\/schema\/person\/060101f54fa08b58b8847d6f8536f977\",\"name\":\"Macedonia Press\",\"url\":\"https:\/\/www.macedoniapress.com\/?author=2\"}]}<\/script>\n<!-- \/ Yoast SEO plugin. -->","yoast_head_json":{"title":"Haxhiu cakton dat\u00ebn 7 qershor p\u00ebr zgjedhjet parlamentare n\u00eb Kosov\u00eb - Macedonia Press","robots":{"index":"index","follow":"follow","max-snippet":"max-snippet:-1","max-image-preview":"max-image-preview:large","max-video-preview":"max-video-preview:-1"},"canonical":"https:\/\/www.macedoniapress.com\/?p=3561","og_locale":"en_US","og_type":"article","og_title":"Haxhiu cakton dat\u00ebn 7 qershor p\u00ebr zgjedhjet parlamentare n\u00eb Kosov\u00eb - Macedonia Press","og_description":"Ushtruesja e detyr\u00ebs s\u00eb presidentes, Albulena Haxhiu, e ka caktuar 7 qershorin p\u00ebr mbajtjen e zgjedhjeve t\u00eb reja parlamentare. Haxhiu, ka th\u00ebn\u00eb se kjo u b\u00eb pas pas vler\u00ebsimit t\u00eb afateve kushtetuese, nevojave organizative t\u00eb KQZ, dhe r\u00ebnd\u00ebsis\u00eb s\u00eb pjes\u00ebmarr\u00ebs sa m\u00eb t\u00eb gjer\u00eb t\u00eb qytetar\u00ebve. \u2018\u2019N\u00eb k\u00ebt\u00eb takim ishin t\u00eb ftuara 17 parti politike,...","og_url":"https:\/\/www.macedoniapress.com\/?p=3561","og_site_name":"Macedonia Press","article_published_time":"2026-04-30T14:42:38+00:00","og_image":[{"width":1000,"height":790,"url":"https:\/\/www.macedoniapress.com\/wp-content\/uploads\/2026\/04\/IMG_3060.jpeg","type":"image\/jpeg"}],"author":"Macedonia Press","twitter_card":"summary_large_image","twitter_misc":{"Written by":"Macedonia Press","Est. reading time":"1 minute"},"schema":{"@context":"https:\/\/schema.org","@graph":[{"@type":"Article","@id":"https:\/\/www.macedoniapress.com\/?p=3561#article","isPartOf":{"@id":"https:\/\/www.macedoniapress.com\/?p=3561"},"author":{"name":"Macedonia Press","@id":"https:\/\/www.macedoniapress.com\/#\/schema\/person\/060101f54fa08b58b8847d6f8536f977"},"headline":"Haxhiu cakton dat\u00ebn 7 qershor p\u00ebr zgjedhjet parlamentare n\u00eb Kosov\u00eb","datePublished":"2026-04-30T14:42:38+00:00","mainEntityOfPage":{"@id":"https:\/\/www.macedoniapress.com\/?p=3561"},"wordCount":211,"publisher":{"@id":"https:\/\/www.macedoniapress.com\/#organization"},"image":{"@id":"https:\/\/www.macedoniapress.com\/?p=3561#primaryimage"},"thumbnailUrl":"https:\/\/www.macedoniapress.com\/wp-content\/uploads\/2026\/04\/IMG_3060.jpeg","articleSection":["RAJONI"],"inLanguage":"en-US"},{"@type":"WebPage","@id":"https:\/\/www.macedoniapress.com\/?p=3561","url":"https:\/\/www.macedoniapress.com\/?p=3561","name":"Haxhiu cakton dat\u00ebn 7 qershor p\u00ebr zgjedhjet parlamentare n\u00eb Kosov\u00eb - Macedonia Press","isPartOf":{"@id":"https:\/\/www.macedoniapress.com\/#website"},"primaryImageOfPage":{"@id":"https:\/\/www.macedoniapress.com\/?p=3561#primaryimage"},"image":{"@id":"https:\/\/www.macedoniapress.com\/?p=3561#primaryimage"},"thumbnailUrl":"https:\/\/www.macedoniapress.com\/wp-content\/uploads\/2026\/04\/IMG_3060.jpeg","datePublished":"2026-04-30T14:42:38+00:00","breadcrumb":{"@id":"https:\/\/www.macedoniapress.com\/?p=3561#breadcrumb"},"inLanguage":"en-US","potentialAction":[{"@type":"ReadAction","target":["https:\/\/www.macedoniapress.com\/?p=3561"]}]},{"@type":"ImageObject","inLanguage":"en-US","@id":"https:\/\/www.macedoniapress.com\/?p=3561#primaryimage","url":"https:\/\/www.macedoniapress.com\/wp-content\/uploads\/2026\/04\/IMG_3060.jpeg","contentUrl":"https:\/\/www.macedoniapress.com\/wp-content\/uploads\/2026\/04\/IMG_3060.jpeg","width":1000,"height":790},{"@type":"BreadcrumbList","@id":"https:\/\/www.macedoniapress.com\/?p=3561#breadcrumb","itemListElement":[{"@type":"ListItem","position":1,"name":"Home","item":"https:\/\/www.macedoniapress.com\/"},{"@type":"ListItem","position":2,"name":"Haxhiu cakton dat\u00ebn 7 qershor p\u00ebr zgjedhjet parlamentare n\u00eb Kosov\u00eb"}]},{"@type":"WebSite","@id":"https:\/\/www.macedoniapress.com\/#website","url":"https:\/\/www.macedoniapress.com\/","name":"Macedonia Press","description":"macedoniapress.com","publisher":{"@id":"https:\/\/www.macedoniapress.com\/#organization"},"potentialAction":[{"@type":"SearchAction","target":{"@type":"EntryPoint","urlTemplate":"https:\/\/www.macedoniapress.com\/?s={search_term_string}"},"query-input":{"@type":"PropertyValueSpecification","valueRequired":true,"valueName":"search_term_string"}}],"inLanguage":"en-US"},{"@type":"Organization","@id":"https:\/\/www.macedoniapress.com\/#organization","name":"Macedonia Press","url":"https:\/\/www.macedoniapress.com\/","logo":{"@type":"ImageObject","inLanguage":"en-US","@id":"https:\/\/www.macedoniapress.com\/#\/schema\/logo\/image\/","url":"https:\/\/www.macedoniapress.com\/wp-content\/uploads\/2025\/09\/21440B89-8EAC-4476-9403-469F5CA0CDC8.png","contentUrl":"https:\/\/www.macedoniapress.com\/wp-content\/uploads\/2025\/09\/21440B89-8EAC-4476-9403-469F5CA0CDC8.png","width":1536,"height":1024,"caption":"Macedonia Press"},"image":{"@id":"https:\/\/www.macedoniapress.com\/#\/schema\/logo\/image\/"}},{"@type":"Person","@id":"https:\/\/www.macedoniapress.com\/#\/schema\/person\/060101f54fa08b58b8847d6f8536f977","name":"Macedonia Press","url":"https:\/\/www.macedoniapress.com\/?author=2"}]}},"_links":{"self":[{"href":"https:\/\/www.macedoniapress.com\/index.php?rest_route=\/wp\/v2\/posts\/3561","targetHints":{"allow":["GET"]}}],"collection":[{"href":"https:\/\/www.macedoniapress.com\/index.php?rest_route=\/wp\/v2\/posts"}],"about":[{"href":"https:\/\/www.macedoniapress.com\/index.php?rest_route=\/wp\/v2\/types\/post"}],"author":[{"embeddable":true,"href":"https:\/\/www.macedoniapress.com\/index.php?rest_route=\/wp\/v2\/users\/2"}],"replies":[{"embeddable":true,"href":"https:\/\/www.macedoniapress.com\/index.php?rest_route=%2Fwp%2Fv2%2Fcomments&post=3561"}],"version-history":[{"count":1,"href":"https:\/\/www.macedoniapress.com\/index.php?rest_route=\/wp\/v2\/posts\/3561\/revisions"}],"predecessor-version":[{"id":3563,"href":"https:\/\/www.macedoniapress.com\/index.php?rest_route=\/wp\/v2\/posts\/3561\/revisions\/3563"}],"wp:featuredmedia":[{"embeddable":true,"href":"https:\/\/www.macedoniapress.com\/index.php?rest_route=\/wp\/v2\/media\/3562"}],"wp:attachment":[{"href":"https:\/\/www.macedoniapress.com\/index.php?rest_route=%2Fwp%2Fv2%2Fmedia&parent=3561"}],"wp:term":[{"taxonomy":"category","embeddable":true,"href":"https:\/\/www.macedoniapress.com\/index.php?rest_route=%2Fwp%2Fv2%2Fcategories&post=3561"},{"taxonomy":"post_tag","embeddable":true,"href":"https:\/\/www.macedoniapress.com\/index.php?rest_route=%2Fwp%2Fv2%2Ftags&post=3561"}],"curies":[{"name":"wp","href":"https:\/\/api.w.org\/{rel}","templated":true}]}}