{"id":3555,"date":"2026-04-29T23:22:04","date_gmt":"2026-04-29T21:22:04","guid":{"rendered":"https:\/\/www.macedoniapress.com\/?p=3555"},"modified":"2026-04-29T23:22:04","modified_gmt":"2026-04-29T21:22:04","slug":"maqedonasit-duan-te-na-poshterojne-studentja-shqiptare-ne-maqedonine-e-veriut-jemi-ne-token-tone-nuk-ka-ligj-qe-na-nenshtron","status":"publish","type":"post","link":"https:\/\/www.macedoniapress.com\/?p=3555","title":{"rendered":"\u201cMaqedonasit duan t\u00eb na posht\u00ebrojn\u00eb\u201d\/ Studentja shqiptare n\u00eb Maqedonin\u00eb e Veriut: Jemi n\u00eb tok\u00ebn ton\u00eb, nuk ka ligj q\u00eb na n\u00ebnshtron"},"content":{"rendered":"<p>\u201cTop Story\u201d ishte k\u00ebt\u00eb t\u00eb m\u00ebrkur\u00eb n\u00eb nj\u00eb takim me student\u00ebt e Maqedonis\u00eb s\u00eb Veriut, t\u00eb cil\u00ebt protestojn\u00eb p\u00ebr lejimin e dh\u00ebnies s\u00eb provimit n\u00eb Fakultetin e Drejt\u00ebsis\u00eb n\u00eb gjuh\u00ebn shqipe.<\/p>\n<p>Nj\u00ebra prej studenteve ka deklaruar se shqiptar\u00ebt q\u00eb jan\u00eb n\u00eb Maqedonin\u00eb e Veriut, maqedonasit jan\u00eb munduar t\u2019i n\u00ebnshtrojn\u00eb dhe posht\u00ebrojn\u00eb.<\/p>\n<p><em>\u201cDuan t\u00eb na posht\u00ebrojn\u00eb. T\u00eb tregojn\u00eb q\u00eb ata jan\u00eb Zot i k\u00ebtij vendi dhe ne t\u00eb n\u00ebnshtrohemi tek ata. Nuk \u00ebsht\u00eb hamend\u00ebsim, ne e dim\u00eb q\u00eb duan t\u00eb na n\u00ebnshtrojn\u00eb. Nuk ka shanse q\u00eb shqiptar\u00ebt t\u00eb n\u00ebnshtrohen n\u00eb vendin e tyre, ky \u00ebsht\u00eb vendi yn\u00eb. Nuk ka Zot q\u00eb t\u2019i n\u00ebnshtroj\u00eb shqiptar\u00ebt, nuk ka ligj q\u00eb mund ta b\u00ebjn\u00eb at\u00eb.<\/em><\/p>\n<p><em>Edhe pse nuk jemi nga i nj\u00ebjti fakultet, por q\u00eb t\u00eb gjith\u00eb edhe pse nuk jemi nga i nj\u00ebjti fakultet ne e ndjejm\u00eb posht\u00ebrimin q\u00eb po na b\u00ebjn\u00eb, ne do t\u00eb jemi deri n\u00eb fund ata q\u00eb do t\u00eb luftojm\u00eb p\u00ebr k\u00ebt\u00eb ngjarje q\u00eb na ka prekur t\u00eb gjith\u00ebve shum\u00eb. Nuk e dinim ku fshihej lepuri, por tani e dim\u00eb dhe nuk do t\u00eb ndalemi. Kjo betej\u00eb \u00ebsht\u00eb e fituar tashm\u00eb, n\u00eb thjesht presim pak m\u00eb shum\u00eb suport nga Kosova dhe Shqip\u00ebria, \u00ebsht\u00eb ajo q\u00eb do t\u00eb na mbaj\u00eb n\u00eb k\u00ebmb\u00eb\u201d,<\/em> tha studentja.<\/p>\n","protected":false},"excerpt":{"rendered":"<p>\u201cTop Story\u201d ishte k\u00ebt\u00eb t\u00eb m\u00ebrkur\u00eb n\u00eb nj\u00eb takim me student\u00ebt e Maqedonis\u00eb s\u00eb Veriut, t\u00eb cil\u00ebt protestojn\u00eb p\u00ebr lejimin e dh\u00ebnies s\u00eb provimit n\u00eb Fakultetin e Drejt\u00ebsis\u00eb n\u00eb gjuh\u00ebn shqipe. Nj\u00ebra prej studenteve ka deklaruar se shqiptar\u00ebt q\u00eb jan\u00eb n\u00eb Maqedonin\u00eb e Veriut, maqedonasit jan\u00eb munduar t\u2019i n\u00ebnshtrojn\u00eb dhe posht\u00ebrojn\u00eb. \u201cDuan t\u00eb na posht\u00ebrojn\u00eb&#8230;.<\/p>\n","protected":false},"author":2,"featured_media":3556,"comment_status":"closed","ping_status":"open","sticky":false,"template":"","format":"standard","meta":{"footnotes":""},"categories":[1],"tags":[],"class_list":["post-3555","post","type-post","status-publish","format-standard","has-post-thumbnail","hentry","category-makedonija"],"yoast_head":"<!-- This site is optimized with the Yoast SEO plugin v27.2 - https:\/\/yoast.com\/product\/yoast-seo-wordpress\/ -->\n<title>\u201cMaqedonasit duan t\u00eb na posht\u00ebrojn\u00eb\u201d\/ Studentja shqiptare n\u00eb Maqedonin\u00eb e Veriut: Jemi n\u00eb tok\u00ebn ton\u00eb, nuk ka ligj q\u00eb na n\u00ebnshtron - Macedonia Press<\/title>\n<meta name=\"robots\" content=\"index, follow, max-snippet:-1, max-image-preview:large, max-video-preview:-1\" \/>\n<link rel=\"canonical\" href=\"https:\/\/www.macedoniapress.com\/?p=3555\" \/>\n<meta property=\"og:locale\" content=\"en_US\" \/>\n<meta property=\"og:type\" content=\"article\" \/>\n<meta property=\"og:title\" content=\"\u201cMaqedonasit duan t\u00eb na posht\u00ebrojn\u00eb\u201d\/ Studentja shqiptare n\u00eb Maqedonin\u00eb e Veriut: Jemi n\u00eb tok\u00ebn ton\u00eb, nuk ka ligj q\u00eb na n\u00ebnshtron - Macedonia Press\" \/>\n<meta property=\"og:description\" content=\"\u201cTop Story\u201d ishte k\u00ebt\u00eb t\u00eb m\u00ebrkur\u00eb n\u00eb nj\u00eb takim me student\u00ebt e Maqedonis\u00eb s\u00eb Veriut, t\u00eb cil\u00ebt protestojn\u00eb p\u00ebr lejimin e dh\u00ebnies s\u00eb provimit n\u00eb Fakultetin e Drejt\u00ebsis\u00eb n\u00eb gjuh\u00ebn shqipe. Nj\u00ebra prej studenteve ka deklaruar se shqiptar\u00ebt q\u00eb jan\u00eb n\u00eb Maqedonin\u00eb e Veriut, maqedonasit jan\u00eb munduar t\u2019i n\u00ebnshtrojn\u00eb dhe posht\u00ebrojn\u00eb. \u201cDuan t\u00eb na posht\u00ebrojn\u00eb....\" \/>\n<meta property=\"og:url\" content=\"https:\/\/www.macedoniapress.com\/?p=3555\" \/>\n<meta property=\"og:site_name\" content=\"Macedonia Press\" \/>\n<meta property=\"article:published_time\" content=\"2026-04-29T21:22:04+00:00\" \/>\n<meta property=\"og:image\" content=\"https:\/\/www.macedoniapress.com\/wp-content\/uploads\/2026\/04\/IMG_3055.webp\" \/>\n\t<meta property=\"og:image:width\" content=\"1280\" \/>\n\t<meta property=\"og:image:height\" content=\"720\" \/>\n\t<meta property=\"og:image:type\" content=\"image\/webp\" \/>\n<meta name=\"author\" content=\"Macedonia Press\" \/>\n<meta name=\"twitter:card\" content=\"summary_large_image\" \/>\n<meta name=\"twitter:label1\" content=\"Written by\" \/>\n\t<meta name=\"twitter:data1\" content=\"Macedonia Press\" \/>\n\t<meta name=\"twitter:label2\" content=\"Est. reading time\" \/>\n\t<meta name=\"twitter:data2\" content=\"1 minute\" \/>\n<script type=\"application\/ld+json\" class=\"yoast-schema-graph\">{\"@context\":\"https:\/\/schema.org\",\"@graph\":[{\"@type\":\"Article\",\"@id\":\"https:\/\/www.macedoniapress.com\/?p=3555#article\",\"isPartOf\":{\"@id\":\"https:\/\/www.macedoniapress.com\/?p=3555\"},\"author\":{\"name\":\"Macedonia Press\",\"@id\":\"https:\/\/www.macedoniapress.com\/#\/schema\/person\/060101f54fa08b58b8847d6f8536f977\"},\"headline\":\"\u201cMaqedonasit duan t\u00eb na posht\u00ebrojn\u00eb\u201d\/ Studentja shqiptare n\u00eb Maqedonin\u00eb e Veriut: Jemi n\u00eb tok\u00ebn ton\u00eb, nuk ka ligj q\u00eb na n\u00ebnshtron\",\"datePublished\":\"2026-04-29T21:22:04+00:00\",\"mainEntityOfPage\":{\"@id\":\"https:\/\/www.macedoniapress.com\/?p=3555\"},\"wordCount\":261,\"publisher\":{\"@id\":\"https:\/\/www.macedoniapress.com\/#organization\"},\"image\":{\"@id\":\"https:\/\/www.macedoniapress.com\/?p=3555#primaryimage\"},\"thumbnailUrl\":\"https:\/\/www.macedoniapress.com\/wp-content\/uploads\/2026\/04\/IMG_3055.webp\",\"articleSection\":[\"MAQEDONI\"],\"inLanguage\":\"en-US\"},{\"@type\":\"WebPage\",\"@id\":\"https:\/\/www.macedoniapress.com\/?p=3555\",\"url\":\"https:\/\/www.macedoniapress.com\/?p=3555\",\"name\":\"\u201cMaqedonasit duan t\u00eb na posht\u00ebrojn\u00eb\u201d\/ Studentja shqiptare n\u00eb Maqedonin\u00eb e Veriut: Jemi n\u00eb tok\u00ebn ton\u00eb, nuk ka ligj q\u00eb na n\u00ebnshtron - Macedonia Press\",\"isPartOf\":{\"@id\":\"https:\/\/www.macedoniapress.com\/#website\"},\"primaryImageOfPage\":{\"@id\":\"https:\/\/www.macedoniapress.com\/?p=3555#primaryimage\"},\"image\":{\"@id\":\"https:\/\/www.macedoniapress.com\/?p=3555#primaryimage\"},\"thumbnailUrl\":\"https:\/\/www.macedoniapress.com\/wp-content\/uploads\/2026\/04\/IMG_3055.webp\",\"datePublished\":\"2026-04-29T21:22:04+00:00\",\"breadcrumb\":{\"@id\":\"https:\/\/www.macedoniapress.com\/?p=3555#breadcrumb\"},\"inLanguage\":\"en-US\",\"potentialAction\":[{\"@type\":\"ReadAction\",\"target\":[\"https:\/\/www.macedoniapress.com\/?p=3555\"]}]},{\"@type\":\"ImageObject\",\"inLanguage\":\"en-US\",\"@id\":\"https:\/\/www.macedoniapress.com\/?p=3555#primaryimage\",\"url\":\"https:\/\/www.macedoniapress.com\/wp-content\/uploads\/2026\/04\/IMG_3055.webp\",\"contentUrl\":\"https:\/\/www.macedoniapress.com\/wp-content\/uploads\/2026\/04\/IMG_3055.webp\",\"width\":1280,\"height\":720},{\"@type\":\"BreadcrumbList\",\"@id\":\"https:\/\/www.macedoniapress.com\/?p=3555#breadcrumb\",\"itemListElement\":[{\"@type\":\"ListItem\",\"position\":1,\"name\":\"Home\",\"item\":\"https:\/\/www.macedoniapress.com\/\"},{\"@type\":\"ListItem\",\"position\":2,\"name\":\"\u201cMaqedonasit duan t\u00eb na posht\u00ebrojn\u00eb\u201d\/ Studentja shqiptare n\u00eb Maqedonin\u00eb e Veriut: Jemi n\u00eb tok\u00ebn ton\u00eb, nuk ka ligj q\u00eb na n\u00ebnshtron\"}]},{\"@type\":\"WebSite\",\"@id\":\"https:\/\/www.macedoniapress.com\/#website\",\"url\":\"https:\/\/www.macedoniapress.com\/\",\"name\":\"Macedonia Press\",\"description\":\"macedoniapress.com\",\"publisher\":{\"@id\":\"https:\/\/www.macedoniapress.com\/#organization\"},\"potentialAction\":[{\"@type\":\"SearchAction\",\"target\":{\"@type\":\"EntryPoint\",\"urlTemplate\":\"https:\/\/www.macedoniapress.com\/?s={search_term_string}\"},\"query-input\":{\"@type\":\"PropertyValueSpecification\",\"valueRequired\":true,\"valueName\":\"search_term_string\"}}],\"inLanguage\":\"en-US\"},{\"@type\":\"Organization\",\"@id\":\"https:\/\/www.macedoniapress.com\/#organization\",\"name\":\"Macedonia Press\",\"url\":\"https:\/\/www.macedoniapress.com\/\",\"logo\":{\"@type\":\"ImageObject\",\"inLanguage\":\"en-US\",\"@id\":\"https:\/\/www.macedoniapress.com\/#\/schema\/logo\/image\/\",\"url\":\"https:\/\/www.macedoniapress.com\/wp-content\/uploads\/2025\/09\/21440B89-8EAC-4476-9403-469F5CA0CDC8.png\",\"contentUrl\":\"https:\/\/www.macedoniapress.com\/wp-content\/uploads\/2025\/09\/21440B89-8EAC-4476-9403-469F5CA0CDC8.png\",\"width\":1536,\"height\":1024,\"caption\":\"Macedonia Press\"},\"image\":{\"@id\":\"https:\/\/www.macedoniapress.com\/#\/schema\/logo\/image\/\"}},{\"@type\":\"Person\",\"@id\":\"https:\/\/www.macedoniapress.com\/#\/schema\/person\/060101f54fa08b58b8847d6f8536f977\",\"name\":\"Macedonia Press\",\"url\":\"https:\/\/www.macedoniapress.com\/?author=2\"}]}<\/script>\n<!-- \/ Yoast SEO plugin. -->","yoast_head_json":{"title":"\u201cMaqedonasit duan t\u00eb na posht\u00ebrojn\u00eb\u201d\/ Studentja shqiptare n\u00eb Maqedonin\u00eb e Veriut: Jemi n\u00eb tok\u00ebn ton\u00eb, nuk ka ligj q\u00eb na n\u00ebnshtron - Macedonia Press","robots":{"index":"index","follow":"follow","max-snippet":"max-snippet:-1","max-image-preview":"max-image-preview:large","max-video-preview":"max-video-preview:-1"},"canonical":"https:\/\/www.macedoniapress.com\/?p=3555","og_locale":"en_US","og_type":"article","og_title":"\u201cMaqedonasit duan t\u00eb na posht\u00ebrojn\u00eb\u201d\/ Studentja shqiptare n\u00eb Maqedonin\u00eb e Veriut: Jemi n\u00eb tok\u00ebn ton\u00eb, nuk ka ligj q\u00eb na n\u00ebnshtron - Macedonia Press","og_description":"\u201cTop Story\u201d ishte k\u00ebt\u00eb t\u00eb m\u00ebrkur\u00eb n\u00eb nj\u00eb takim me student\u00ebt e Maqedonis\u00eb s\u00eb Veriut, t\u00eb cil\u00ebt protestojn\u00eb p\u00ebr lejimin e dh\u00ebnies s\u00eb provimit n\u00eb Fakultetin e Drejt\u00ebsis\u00eb n\u00eb gjuh\u00ebn shqipe. Nj\u00ebra prej studenteve ka deklaruar se shqiptar\u00ebt q\u00eb jan\u00eb n\u00eb Maqedonin\u00eb e Veriut, maqedonasit jan\u00eb munduar t\u2019i n\u00ebnshtrojn\u00eb dhe posht\u00ebrojn\u00eb. \u201cDuan t\u00eb na posht\u00ebrojn\u00eb....","og_url":"https:\/\/www.macedoniapress.com\/?p=3555","og_site_name":"Macedonia Press","article_published_time":"2026-04-29T21:22:04+00:00","og_image":[{"width":1280,"height":720,"url":"https:\/\/www.macedoniapress.com\/wp-content\/uploads\/2026\/04\/IMG_3055.webp","type":"image\/webp"}],"author":"Macedonia Press","twitter_card":"summary_large_image","twitter_misc":{"Written by":"Macedonia Press","Est. reading time":"1 minute"},"schema":{"@context":"https:\/\/schema.org","@graph":[{"@type":"Article","@id":"https:\/\/www.macedoniapress.com\/?p=3555#article","isPartOf":{"@id":"https:\/\/www.macedoniapress.com\/?p=3555"},"author":{"name":"Macedonia Press","@id":"https:\/\/www.macedoniapress.com\/#\/schema\/person\/060101f54fa08b58b8847d6f8536f977"},"headline":"\u201cMaqedonasit duan t\u00eb na posht\u00ebrojn\u00eb\u201d\/ Studentja shqiptare n\u00eb Maqedonin\u00eb e Veriut: Jemi n\u00eb tok\u00ebn ton\u00eb, nuk ka ligj q\u00eb na n\u00ebnshtron","datePublished":"2026-04-29T21:22:04+00:00","mainEntityOfPage":{"@id":"https:\/\/www.macedoniapress.com\/?p=3555"},"wordCount":261,"publisher":{"@id":"https:\/\/www.macedoniapress.com\/#organization"},"image":{"@id":"https:\/\/www.macedoniapress.com\/?p=3555#primaryimage"},"thumbnailUrl":"https:\/\/www.macedoniapress.com\/wp-content\/uploads\/2026\/04\/IMG_3055.webp","articleSection":["MAQEDONI"],"inLanguage":"en-US"},{"@type":"WebPage","@id":"https:\/\/www.macedoniapress.com\/?p=3555","url":"https:\/\/www.macedoniapress.com\/?p=3555","name":"\u201cMaqedonasit duan t\u00eb na posht\u00ebrojn\u00eb\u201d\/ Studentja shqiptare n\u00eb Maqedonin\u00eb e Veriut: Jemi n\u00eb tok\u00ebn ton\u00eb, nuk ka ligj q\u00eb na n\u00ebnshtron - Macedonia Press","isPartOf":{"@id":"https:\/\/www.macedoniapress.com\/#website"},"primaryImageOfPage":{"@id":"https:\/\/www.macedoniapress.com\/?p=3555#primaryimage"},"image":{"@id":"https:\/\/www.macedoniapress.com\/?p=3555#primaryimage"},"thumbnailUrl":"https:\/\/www.macedoniapress.com\/wp-content\/uploads\/2026\/04\/IMG_3055.webp","datePublished":"2026-04-29T21:22:04+00:00","breadcrumb":{"@id":"https:\/\/www.macedoniapress.com\/?p=3555#breadcrumb"},"inLanguage":"en-US","potentialAction":[{"@type":"ReadAction","target":["https:\/\/www.macedoniapress.com\/?p=3555"]}]},{"@type":"ImageObject","inLanguage":"en-US","@id":"https:\/\/www.macedoniapress.com\/?p=3555#primaryimage","url":"https:\/\/www.macedoniapress.com\/wp-content\/uploads\/2026\/04\/IMG_3055.webp","contentUrl":"https:\/\/www.macedoniapress.com\/wp-content\/uploads\/2026\/04\/IMG_3055.webp","width":1280,"height":720},{"@type":"BreadcrumbList","@id":"https:\/\/www.macedoniapress.com\/?p=3555#breadcrumb","itemListElement":[{"@type":"ListItem","position":1,"name":"Home","item":"https:\/\/www.macedoniapress.com\/"},{"@type":"ListItem","position":2,"name":"\u201cMaqedonasit duan t\u00eb na posht\u00ebrojn\u00eb\u201d\/ Studentja shqiptare n\u00eb Maqedonin\u00eb e Veriut: Jemi n\u00eb tok\u00ebn ton\u00eb, nuk ka ligj q\u00eb na n\u00ebnshtron"}]},{"@type":"WebSite","@id":"https:\/\/www.macedoniapress.com\/#website","url":"https:\/\/www.macedoniapress.com\/","name":"Macedonia Press","description":"macedoniapress.com","publisher":{"@id":"https:\/\/www.macedoniapress.com\/#organization"},"potentialAction":[{"@type":"SearchAction","target":{"@type":"EntryPoint","urlTemplate":"https:\/\/www.macedoniapress.com\/?s={search_term_string}"},"query-input":{"@type":"PropertyValueSpecification","valueRequired":true,"valueName":"search_term_string"}}],"inLanguage":"en-US"},{"@type":"Organization","@id":"https:\/\/www.macedoniapress.com\/#organization","name":"Macedonia Press","url":"https:\/\/www.macedoniapress.com\/","logo":{"@type":"ImageObject","inLanguage":"en-US","@id":"https:\/\/www.macedoniapress.com\/#\/schema\/logo\/image\/","url":"https:\/\/www.macedoniapress.com\/wp-content\/uploads\/2025\/09\/21440B89-8EAC-4476-9403-469F5CA0CDC8.png","contentUrl":"https:\/\/www.macedoniapress.com\/wp-content\/uploads\/2025\/09\/21440B89-8EAC-4476-9403-469F5CA0CDC8.png","width":1536,"height":1024,"caption":"Macedonia Press"},"image":{"@id":"https:\/\/www.macedoniapress.com\/#\/schema\/logo\/image\/"}},{"@type":"Person","@id":"https:\/\/www.macedoniapress.com\/#\/schema\/person\/060101f54fa08b58b8847d6f8536f977","name":"Macedonia Press","url":"https:\/\/www.macedoniapress.com\/?author=2"}]}},"_links":{"self":[{"href":"https:\/\/www.macedoniapress.com\/index.php?rest_route=\/wp\/v2\/posts\/3555","targetHints":{"allow":["GET"]}}],"collection":[{"href":"https:\/\/www.macedoniapress.com\/index.php?rest_route=\/wp\/v2\/posts"}],"about":[{"href":"https:\/\/www.macedoniapress.com\/index.php?rest_route=\/wp\/v2\/types\/post"}],"author":[{"embeddable":true,"href":"https:\/\/www.macedoniapress.com\/index.php?rest_route=\/wp\/v2\/users\/2"}],"replies":[{"embeddable":true,"href":"https:\/\/www.macedoniapress.com\/index.php?rest_route=%2Fwp%2Fv2%2Fcomments&post=3555"}],"version-history":[{"count":1,"href":"https:\/\/www.macedoniapress.com\/index.php?rest_route=\/wp\/v2\/posts\/3555\/revisions"}],"predecessor-version":[{"id":3557,"href":"https:\/\/www.macedoniapress.com\/index.php?rest_route=\/wp\/v2\/posts\/3555\/revisions\/3557"}],"wp:featuredmedia":[{"embeddable":true,"href":"https:\/\/www.macedoniapress.com\/index.php?rest_route=\/wp\/v2\/media\/3556"}],"wp:attachment":[{"href":"https:\/\/www.macedoniapress.com\/index.php?rest_route=%2Fwp%2Fv2%2Fmedia&parent=3555"}],"wp:term":[{"taxonomy":"category","embeddable":true,"href":"https:\/\/www.macedoniapress.com\/index.php?rest_route=%2Fwp%2Fv2%2Fcategories&post=3555"},{"taxonomy":"post_tag","embeddable":true,"href":"https:\/\/www.macedoniapress.com\/index.php?rest_route=%2Fwp%2Fv2%2Ftags&post=3555"}],"curies":[{"name":"wp","href":"https:\/\/api.w.org\/{rel}","templated":true}]}}