{"id":3552,"date":"2026-04-29T23:18:17","date_gmt":"2026-04-29T21:18:17","guid":{"rendered":"https:\/\/www.macedoniapress.com\/?p=3552"},"modified":"2026-04-29T23:18:17","modified_gmt":"2026-04-29T21:18:17","slug":"prinderit-tane-rane-deshmore-per-gjuhen-shqipe-organizatori-i-protestes-se-studenteve-ne-shkup-kane-frike-se-ne-fitojme-shume-te-drejta","status":"publish","type":"post","link":"https:\/\/www.macedoniapress.com\/?p=3552","title":{"rendered":"\u201cPrind\u00ebrit tan\u00eb ran\u00eb d\u00ebshmor\u00eb p\u00ebr gjuh\u00ebn shqipe\u201d\/ Organizatori i protest\u00ebs s\u00eb student\u00ebve n\u00eb Shkup: Kan\u00eb frik\u00eb se ne fitojm\u00eb shum\u00eb t\u00eb drejta"},"content":{"rendered":"<p>Mevlan Ademi, organizatori i protest\u00ebs q\u00eb u mbajt n\u00eb Shkup, ku student\u00ebt shqiptar\u00eb k\u00ebrkonin zhvillimin e provimit t\u00eb jurisprudenc\u00ebs n\u00eb gjuh\u00ebn shqipe, \u00ebsht\u00eb shprehur se ata nuk k\u00ebrkojn\u00eb asgj\u00eb tjet\u00ebr p\u00ebrve\u00e7 nj\u00eb t\u00eb drejt\u00eb t\u00eb p\u00ebrcaktuar me ligj.<\/p>\n<p>N\u00eb fjal\u00ebn e tij t\u00eb mbajtur mbr\u00ebmjen e sotme n\u00eb Top Story, studenti u shpreh se n\u00eb Maqedoni \u00e7do t\u00eb drejt\u00eb q\u00eb ata kan\u00eb fituar si shqiptar\u00eb \u00ebsht\u00eb fal\u00eb sakrific\u00ebs s\u00eb tyre, madje ai shprehet se disa prej prind\u00ebrve t\u00eb tyre kan\u00eb r\u00ebn\u00eb d\u00ebshmor\u00eb p\u00ebr t\u00eb m\u00ebsuar gjuh\u00ebn shqipe.<\/p>\n<p>Organizatori i protest\u00ebs u shpreh se institucionet dhe shteti kan\u00eb frik\u00eb prej tyre se mos ata fitojn\u00eb shum\u00eb t\u00eb drejta, dhe shtoi se ai vend nuk i ka dh\u00ebn\u00eb asgj\u00eb falas dhe t\u00eb pamerituar shqiptar\u00ebve q\u00eb jetojn\u00eb atje.<\/p>\n<p><em>\u201cJam Mevlan Ademi, student i drejt\u00ebsis\u00eb. Rrug\u00ebtimi yn\u00eb ka nisur para tre vitesh duke k\u00ebrkuar nj\u00eb t\u00eb drejt\u00eb ligjore. Gjat\u00eb k\u00ebtyre dy viteve jemi endur nga institucioni n\u00eb institucion, nga zyra n\u00eb zyr\u00eb, nga g\u00ebnjeshtra n\u00eb premtim, nga premtimi n\u00eb zvarritje. Ky \u00ebsht\u00eb realiteti tek ne. Nj\u00eb gj\u00eb q\u00eb k\u00ebrkon nj\u00eb dit\u00eb t\u00eb zgjidhet nga vendimi i ministrit tek ne merr dy vite. Ky \u00ebsht\u00eb realiteti i hidhur p\u00ebr ne. <\/em><\/p>\n<p><em>Nuk \u00ebsht\u00eb vet\u00ebm problemi tek provimi i jurisprudenc\u00ebs, por edhe tek koleg\u00ebt si t\u00eb ekonomis\u00eb, q\u00eb kan\u00eb provimin n\u00eb gjuh\u00ebn maqedonase. Nga janari 2019 \u00ebsht\u00eb miratuar ligji p\u00ebr p\u00ebrdorimin e gjuh\u00ebs q\u00eb e flasin s\u00eb paku 20% e popullsis\u00eb. Neni \u00ebsht\u00eb shum\u00eb i qart\u00eb. Ligji i provimit t\u00eb jurisprudenc\u00ebs nuk e p\u00ebrcakton se n\u00eb \u00e7far\u00eb gjuhe duhet t\u00eb mbahet provimi. K\u00ebtu kapet ministri.<\/em><\/p>\n<p><em>Ose ai \u00ebsht\u00eb injorant, ose b\u00ebn si budalla. Duhet nj\u00eb vendim nga Ministri i Drejt\u00ebsis\u00eb q\u00eb t\u00eb ndryshohet rregullorja. Ajo q\u00eb shohim ne k\u00ebto 3 muajt e fundit, jan\u00eb q\u00ebndrimet q\u00eb ai ka. Ajo \u00ebsht\u00eb e dhimbshmja. Ne varemi nga gjuha q\u00eb flet profesori. Nuk \u00ebsht\u00eb zgjidhje p\u00ebrkthimi. Tek ne as seancat gjyq\u00ebsore nuk mbahen n\u00eb gjuh\u00ebn shqipe, por maqedonase. Shumica e jurist\u00ebve jan\u00eb t\u00eb koh\u00ebs q\u00eb i kan\u00eb kryer studimet n\u00eb universitete maqedonase, nuk ka pasur universitete shqipe. \u00c7do gj\u00eb q\u00eb kemi fituar n\u00eb vendin ton\u00eb e kemi fituar me sakrific\u00eb. <\/em><\/p>\n<p><em>Askush nuk na ka dh\u00ebn\u00eb asgj\u00eb falas. K\u00ebtu kam koleg\u00eb t\u00eb cil\u00ebve prind\u00ebrit u kan\u00eb r\u00ebn\u00eb d\u00ebshmor\u00eb p\u00ebr t\u00eb m\u00ebsuar shqip. Ata kan\u00eb m\u00ebsuar shqip n\u00ebp\u00ebr bodrume. Kufizimi nuk \u00ebsht\u00eb zgjidhje, por gjith\u00ebp\u00ebrfshirja. Ne kemi dhjet\u00ebra probleme. Ata kan\u00eb frik\u00eb se ne fitojm\u00eb shum\u00eb t\u00eb drejta\u201d,<\/em>shprehet studenti Mevlan Ademi.<\/p>\n","protected":false},"excerpt":{"rendered":"<p>Mevlan Ademi, organizatori i protest\u00ebs q\u00eb u mbajt n\u00eb Shkup, ku student\u00ebt shqiptar\u00eb k\u00ebrkonin zhvillimin e provimit t\u00eb jurisprudenc\u00ebs n\u00eb gjuh\u00ebn shqipe, \u00ebsht\u00eb shprehur se ata nuk k\u00ebrkojn\u00eb asgj\u00eb tjet\u00ebr p\u00ebrve\u00e7 nj\u00eb t\u00eb drejt\u00eb t\u00eb p\u00ebrcaktuar me ligj. N\u00eb fjal\u00ebn e tij t\u00eb mbajtur mbr\u00ebmjen e sotme n\u00eb Top Story, studenti u shpreh se n\u00eb&#8230;<\/p>\n","protected":false},"author":2,"featured_media":3553,"comment_status":"closed","ping_status":"open","sticky":false,"template":"","format":"standard","meta":{"footnotes":""},"categories":[1],"tags":[],"class_list":["post-3552","post","type-post","status-publish","format-standard","has-post-thumbnail","hentry","category-makedonija"],"yoast_head":"<!-- This site is optimized with the Yoast SEO plugin v27.2 - https:\/\/yoast.com\/product\/yoast-seo-wordpress\/ -->\n<title>\u201cPrind\u00ebrit tan\u00eb ran\u00eb d\u00ebshmor\u00eb p\u00ebr gjuh\u00ebn shqipe\u201d\/ Organizatori i protest\u00ebs s\u00eb student\u00ebve n\u00eb Shkup: Kan\u00eb frik\u00eb se ne fitojm\u00eb shum\u00eb t\u00eb drejta - Macedonia Press<\/title>\n<meta name=\"robots\" content=\"index, follow, max-snippet:-1, max-image-preview:large, max-video-preview:-1\" \/>\n<link rel=\"canonical\" href=\"https:\/\/www.macedoniapress.com\/?p=3552\" \/>\n<meta property=\"og:locale\" content=\"en_US\" \/>\n<meta property=\"og:type\" content=\"article\" \/>\n<meta property=\"og:title\" content=\"\u201cPrind\u00ebrit tan\u00eb ran\u00eb d\u00ebshmor\u00eb p\u00ebr gjuh\u00ebn shqipe\u201d\/ Organizatori i protest\u00ebs s\u00eb student\u00ebve n\u00eb Shkup: Kan\u00eb frik\u00eb se ne fitojm\u00eb shum\u00eb t\u00eb drejta - Macedonia Press\" \/>\n<meta property=\"og:description\" content=\"Mevlan Ademi, organizatori i protest\u00ebs q\u00eb u mbajt n\u00eb Shkup, ku student\u00ebt shqiptar\u00eb k\u00ebrkonin zhvillimin e provimit t\u00eb jurisprudenc\u00ebs n\u00eb gjuh\u00ebn shqipe, \u00ebsht\u00eb shprehur se ata nuk k\u00ebrkojn\u00eb asgj\u00eb tjet\u00ebr p\u00ebrve\u00e7 nj\u00eb t\u00eb drejt\u00eb t\u00eb p\u00ebrcaktuar me ligj. N\u00eb fjal\u00ebn e tij t\u00eb mbajtur mbr\u00ebmjen e sotme n\u00eb Top Story, studenti u shpreh se n\u00eb...\" \/>\n<meta property=\"og:url\" content=\"https:\/\/www.macedoniapress.com\/?p=3552\" \/>\n<meta property=\"og:site_name\" content=\"Macedonia Press\" \/>\n<meta property=\"article:published_time\" content=\"2026-04-29T21:18:17+00:00\" \/>\n<meta property=\"og:image\" content=\"https:\/\/www.macedoniapress.com\/wp-content\/uploads\/2026\/04\/IMG_3053.webp\" \/>\n\t<meta property=\"og:image:width\" content=\"1280\" \/>\n\t<meta property=\"og:image:height\" content=\"720\" \/>\n\t<meta property=\"og:image:type\" content=\"image\/webp\" \/>\n<meta name=\"author\" content=\"Macedonia Press\" \/>\n<meta name=\"twitter:card\" content=\"summary_large_image\" \/>\n<meta name=\"twitter:label1\" content=\"Written by\" \/>\n\t<meta name=\"twitter:data1\" content=\"Macedonia Press\" \/>\n\t<meta name=\"twitter:label2\" content=\"Est. reading time\" \/>\n\t<meta name=\"twitter:data2\" content=\"2 minutes\" \/>\n<script type=\"application\/ld+json\" class=\"yoast-schema-graph\">{\"@context\":\"https:\/\/schema.org\",\"@graph\":[{\"@type\":\"Article\",\"@id\":\"https:\/\/www.macedoniapress.com\/?p=3552#article\",\"isPartOf\":{\"@id\":\"https:\/\/www.macedoniapress.com\/?p=3552\"},\"author\":{\"name\":\"Macedonia Press\",\"@id\":\"https:\/\/www.macedoniapress.com\/#\/schema\/person\/060101f54fa08b58b8847d6f8536f977\"},\"headline\":\"\u201cPrind\u00ebrit tan\u00eb ran\u00eb d\u00ebshmor\u00eb p\u00ebr gjuh\u00ebn shqipe\u201d\/ Organizatori i protest\u00ebs s\u00eb student\u00ebve n\u00eb Shkup: Kan\u00eb frik\u00eb se ne fitojm\u00eb shum\u00eb t\u00eb drejta\",\"datePublished\":\"2026-04-29T21:18:17+00:00\",\"mainEntityOfPage\":{\"@id\":\"https:\/\/www.macedoniapress.com\/?p=3552\"},\"wordCount\":486,\"publisher\":{\"@id\":\"https:\/\/www.macedoniapress.com\/#organization\"},\"image\":{\"@id\":\"https:\/\/www.macedoniapress.com\/?p=3552#primaryimage\"},\"thumbnailUrl\":\"https:\/\/www.macedoniapress.com\/wp-content\/uploads\/2026\/04\/IMG_3053.webp\",\"articleSection\":[\"MAQEDONI\"],\"inLanguage\":\"en-US\"},{\"@type\":\"WebPage\",\"@id\":\"https:\/\/www.macedoniapress.com\/?p=3552\",\"url\":\"https:\/\/www.macedoniapress.com\/?p=3552\",\"name\":\"\u201cPrind\u00ebrit tan\u00eb ran\u00eb d\u00ebshmor\u00eb p\u00ebr gjuh\u00ebn shqipe\u201d\/ Organizatori i protest\u00ebs s\u00eb student\u00ebve n\u00eb Shkup: Kan\u00eb frik\u00eb se ne fitojm\u00eb shum\u00eb t\u00eb drejta - Macedonia Press\",\"isPartOf\":{\"@id\":\"https:\/\/www.macedoniapress.com\/#website\"},\"primaryImageOfPage\":{\"@id\":\"https:\/\/www.macedoniapress.com\/?p=3552#primaryimage\"},\"image\":{\"@id\":\"https:\/\/www.macedoniapress.com\/?p=3552#primaryimage\"},\"thumbnailUrl\":\"https:\/\/www.macedoniapress.com\/wp-content\/uploads\/2026\/04\/IMG_3053.webp\",\"datePublished\":\"2026-04-29T21:18:17+00:00\",\"breadcrumb\":{\"@id\":\"https:\/\/www.macedoniapress.com\/?p=3552#breadcrumb\"},\"inLanguage\":\"en-US\",\"potentialAction\":[{\"@type\":\"ReadAction\",\"target\":[\"https:\/\/www.macedoniapress.com\/?p=3552\"]}]},{\"@type\":\"ImageObject\",\"inLanguage\":\"en-US\",\"@id\":\"https:\/\/www.macedoniapress.com\/?p=3552#primaryimage\",\"url\":\"https:\/\/www.macedoniapress.com\/wp-content\/uploads\/2026\/04\/IMG_3053.webp\",\"contentUrl\":\"https:\/\/www.macedoniapress.com\/wp-content\/uploads\/2026\/04\/IMG_3053.webp\",\"width\":1280,\"height\":720},{\"@type\":\"BreadcrumbList\",\"@id\":\"https:\/\/www.macedoniapress.com\/?p=3552#breadcrumb\",\"itemListElement\":[{\"@type\":\"ListItem\",\"position\":1,\"name\":\"Home\",\"item\":\"https:\/\/www.macedoniapress.com\/\"},{\"@type\":\"ListItem\",\"position\":2,\"name\":\"\u201cPrind\u00ebrit tan\u00eb ran\u00eb d\u00ebshmor\u00eb p\u00ebr gjuh\u00ebn shqipe\u201d\/ Organizatori i protest\u00ebs s\u00eb student\u00ebve n\u00eb Shkup: Kan\u00eb frik\u00eb se ne fitojm\u00eb shum\u00eb t\u00eb drejta\"}]},{\"@type\":\"WebSite\",\"@id\":\"https:\/\/www.macedoniapress.com\/#website\",\"url\":\"https:\/\/www.macedoniapress.com\/\",\"name\":\"Macedonia Press\",\"description\":\"macedoniapress.com\",\"publisher\":{\"@id\":\"https:\/\/www.macedoniapress.com\/#organization\"},\"potentialAction\":[{\"@type\":\"SearchAction\",\"target\":{\"@type\":\"EntryPoint\",\"urlTemplate\":\"https:\/\/www.macedoniapress.com\/?s={search_term_string}\"},\"query-input\":{\"@type\":\"PropertyValueSpecification\",\"valueRequired\":true,\"valueName\":\"search_term_string\"}}],\"inLanguage\":\"en-US\"},{\"@type\":\"Organization\",\"@id\":\"https:\/\/www.macedoniapress.com\/#organization\",\"name\":\"Macedonia Press\",\"url\":\"https:\/\/www.macedoniapress.com\/\",\"logo\":{\"@type\":\"ImageObject\",\"inLanguage\":\"en-US\",\"@id\":\"https:\/\/www.macedoniapress.com\/#\/schema\/logo\/image\/\",\"url\":\"https:\/\/www.macedoniapress.com\/wp-content\/uploads\/2025\/09\/21440B89-8EAC-4476-9403-469F5CA0CDC8.png\",\"contentUrl\":\"https:\/\/www.macedoniapress.com\/wp-content\/uploads\/2025\/09\/21440B89-8EAC-4476-9403-469F5CA0CDC8.png\",\"width\":1536,\"height\":1024,\"caption\":\"Macedonia Press\"},\"image\":{\"@id\":\"https:\/\/www.macedoniapress.com\/#\/schema\/logo\/image\/\"}},{\"@type\":\"Person\",\"@id\":\"https:\/\/www.macedoniapress.com\/#\/schema\/person\/060101f54fa08b58b8847d6f8536f977\",\"name\":\"Macedonia Press\",\"url\":\"https:\/\/www.macedoniapress.com\/?author=2\"}]}<\/script>\n<!-- \/ Yoast SEO plugin. -->","yoast_head_json":{"title":"\u201cPrind\u00ebrit tan\u00eb ran\u00eb d\u00ebshmor\u00eb p\u00ebr gjuh\u00ebn shqipe\u201d\/ Organizatori i protest\u00ebs s\u00eb student\u00ebve n\u00eb Shkup: Kan\u00eb frik\u00eb se ne fitojm\u00eb shum\u00eb t\u00eb drejta - Macedonia Press","robots":{"index":"index","follow":"follow","max-snippet":"max-snippet:-1","max-image-preview":"max-image-preview:large","max-video-preview":"max-video-preview:-1"},"canonical":"https:\/\/www.macedoniapress.com\/?p=3552","og_locale":"en_US","og_type":"article","og_title":"\u201cPrind\u00ebrit tan\u00eb ran\u00eb d\u00ebshmor\u00eb p\u00ebr gjuh\u00ebn shqipe\u201d\/ Organizatori i protest\u00ebs s\u00eb student\u00ebve n\u00eb Shkup: Kan\u00eb frik\u00eb se ne fitojm\u00eb shum\u00eb t\u00eb drejta - Macedonia Press","og_description":"Mevlan Ademi, organizatori i protest\u00ebs q\u00eb u mbajt n\u00eb Shkup, ku student\u00ebt shqiptar\u00eb k\u00ebrkonin zhvillimin e provimit t\u00eb jurisprudenc\u00ebs n\u00eb gjuh\u00ebn shqipe, \u00ebsht\u00eb shprehur se ata nuk k\u00ebrkojn\u00eb asgj\u00eb tjet\u00ebr p\u00ebrve\u00e7 nj\u00eb t\u00eb drejt\u00eb t\u00eb p\u00ebrcaktuar me ligj. N\u00eb fjal\u00ebn e tij t\u00eb mbajtur mbr\u00ebmjen e sotme n\u00eb Top Story, studenti u shpreh se n\u00eb...","og_url":"https:\/\/www.macedoniapress.com\/?p=3552","og_site_name":"Macedonia Press","article_published_time":"2026-04-29T21:18:17+00:00","og_image":[{"width":1280,"height":720,"url":"https:\/\/www.macedoniapress.com\/wp-content\/uploads\/2026\/04\/IMG_3053.webp","type":"image\/webp"}],"author":"Macedonia Press","twitter_card":"summary_large_image","twitter_misc":{"Written by":"Macedonia Press","Est. reading time":"2 minutes"},"schema":{"@context":"https:\/\/schema.org","@graph":[{"@type":"Article","@id":"https:\/\/www.macedoniapress.com\/?p=3552#article","isPartOf":{"@id":"https:\/\/www.macedoniapress.com\/?p=3552"},"author":{"name":"Macedonia Press","@id":"https:\/\/www.macedoniapress.com\/#\/schema\/person\/060101f54fa08b58b8847d6f8536f977"},"headline":"\u201cPrind\u00ebrit tan\u00eb ran\u00eb d\u00ebshmor\u00eb p\u00ebr gjuh\u00ebn shqipe\u201d\/ Organizatori i protest\u00ebs s\u00eb student\u00ebve n\u00eb Shkup: Kan\u00eb frik\u00eb se ne fitojm\u00eb shum\u00eb t\u00eb drejta","datePublished":"2026-04-29T21:18:17+00:00","mainEntityOfPage":{"@id":"https:\/\/www.macedoniapress.com\/?p=3552"},"wordCount":486,"publisher":{"@id":"https:\/\/www.macedoniapress.com\/#organization"},"image":{"@id":"https:\/\/www.macedoniapress.com\/?p=3552#primaryimage"},"thumbnailUrl":"https:\/\/www.macedoniapress.com\/wp-content\/uploads\/2026\/04\/IMG_3053.webp","articleSection":["MAQEDONI"],"inLanguage":"en-US"},{"@type":"WebPage","@id":"https:\/\/www.macedoniapress.com\/?p=3552","url":"https:\/\/www.macedoniapress.com\/?p=3552","name":"\u201cPrind\u00ebrit tan\u00eb ran\u00eb d\u00ebshmor\u00eb p\u00ebr gjuh\u00ebn shqipe\u201d\/ Organizatori i protest\u00ebs s\u00eb student\u00ebve n\u00eb Shkup: Kan\u00eb frik\u00eb se ne fitojm\u00eb shum\u00eb t\u00eb drejta - Macedonia Press","isPartOf":{"@id":"https:\/\/www.macedoniapress.com\/#website"},"primaryImageOfPage":{"@id":"https:\/\/www.macedoniapress.com\/?p=3552#primaryimage"},"image":{"@id":"https:\/\/www.macedoniapress.com\/?p=3552#primaryimage"},"thumbnailUrl":"https:\/\/www.macedoniapress.com\/wp-content\/uploads\/2026\/04\/IMG_3053.webp","datePublished":"2026-04-29T21:18:17+00:00","breadcrumb":{"@id":"https:\/\/www.macedoniapress.com\/?p=3552#breadcrumb"},"inLanguage":"en-US","potentialAction":[{"@type":"ReadAction","target":["https:\/\/www.macedoniapress.com\/?p=3552"]}]},{"@type":"ImageObject","inLanguage":"en-US","@id":"https:\/\/www.macedoniapress.com\/?p=3552#primaryimage","url":"https:\/\/www.macedoniapress.com\/wp-content\/uploads\/2026\/04\/IMG_3053.webp","contentUrl":"https:\/\/www.macedoniapress.com\/wp-content\/uploads\/2026\/04\/IMG_3053.webp","width":1280,"height":720},{"@type":"BreadcrumbList","@id":"https:\/\/www.macedoniapress.com\/?p=3552#breadcrumb","itemListElement":[{"@type":"ListItem","position":1,"name":"Home","item":"https:\/\/www.macedoniapress.com\/"},{"@type":"ListItem","position":2,"name":"\u201cPrind\u00ebrit tan\u00eb ran\u00eb d\u00ebshmor\u00eb p\u00ebr gjuh\u00ebn shqipe\u201d\/ Organizatori i protest\u00ebs s\u00eb student\u00ebve n\u00eb Shkup: Kan\u00eb frik\u00eb se ne fitojm\u00eb shum\u00eb t\u00eb drejta"}]},{"@type":"WebSite","@id":"https:\/\/www.macedoniapress.com\/#website","url":"https:\/\/www.macedoniapress.com\/","name":"Macedonia Press","description":"macedoniapress.com","publisher":{"@id":"https:\/\/www.macedoniapress.com\/#organization"},"potentialAction":[{"@type":"SearchAction","target":{"@type":"EntryPoint","urlTemplate":"https:\/\/www.macedoniapress.com\/?s={search_term_string}"},"query-input":{"@type":"PropertyValueSpecification","valueRequired":true,"valueName":"search_term_string"}}],"inLanguage":"en-US"},{"@type":"Organization","@id":"https:\/\/www.macedoniapress.com\/#organization","name":"Macedonia Press","url":"https:\/\/www.macedoniapress.com\/","logo":{"@type":"ImageObject","inLanguage":"en-US","@id":"https:\/\/www.macedoniapress.com\/#\/schema\/logo\/image\/","url":"https:\/\/www.macedoniapress.com\/wp-content\/uploads\/2025\/09\/21440B89-8EAC-4476-9403-469F5CA0CDC8.png","contentUrl":"https:\/\/www.macedoniapress.com\/wp-content\/uploads\/2025\/09\/21440B89-8EAC-4476-9403-469F5CA0CDC8.png","width":1536,"height":1024,"caption":"Macedonia Press"},"image":{"@id":"https:\/\/www.macedoniapress.com\/#\/schema\/logo\/image\/"}},{"@type":"Person","@id":"https:\/\/www.macedoniapress.com\/#\/schema\/person\/060101f54fa08b58b8847d6f8536f977","name":"Macedonia Press","url":"https:\/\/www.macedoniapress.com\/?author=2"}]}},"_links":{"self":[{"href":"https:\/\/www.macedoniapress.com\/index.php?rest_route=\/wp\/v2\/posts\/3552","targetHints":{"allow":["GET"]}}],"collection":[{"href":"https:\/\/www.macedoniapress.com\/index.php?rest_route=\/wp\/v2\/posts"}],"about":[{"href":"https:\/\/www.macedoniapress.com\/index.php?rest_route=\/wp\/v2\/types\/post"}],"author":[{"embeddable":true,"href":"https:\/\/www.macedoniapress.com\/index.php?rest_route=\/wp\/v2\/users\/2"}],"replies":[{"embeddable":true,"href":"https:\/\/www.macedoniapress.com\/index.php?rest_route=%2Fwp%2Fv2%2Fcomments&post=3552"}],"version-history":[{"count":1,"href":"https:\/\/www.macedoniapress.com\/index.php?rest_route=\/wp\/v2\/posts\/3552\/revisions"}],"predecessor-version":[{"id":3554,"href":"https:\/\/www.macedoniapress.com\/index.php?rest_route=\/wp\/v2\/posts\/3552\/revisions\/3554"}],"wp:featuredmedia":[{"embeddable":true,"href":"https:\/\/www.macedoniapress.com\/index.php?rest_route=\/wp\/v2\/media\/3553"}],"wp:attachment":[{"href":"https:\/\/www.macedoniapress.com\/index.php?rest_route=%2Fwp%2Fv2%2Fmedia&parent=3552"}],"wp:term":[{"taxonomy":"category","embeddable":true,"href":"https:\/\/www.macedoniapress.com\/index.php?rest_route=%2Fwp%2Fv2%2Fcategories&post=3552"},{"taxonomy":"post_tag","embeddable":true,"href":"https:\/\/www.macedoniapress.com\/index.php?rest_route=%2Fwp%2Fv2%2Ftags&post=3552"}],"curies":[{"name":"wp","href":"https:\/\/api.w.org\/{rel}","templated":true}]}}