{"id":3549,"date":"2026-04-29T19:32:47","date_gmt":"2026-04-29T17:32:47","guid":{"rendered":"https:\/\/www.macedoniapress.com\/?p=3549"},"modified":"2026-04-29T19:32:47","modified_gmt":"2026-04-29T17:32:47","slug":"kuvendi-i-maqedonise-se-veriut-e-shfuqizoi-qeverine-teknike","status":"publish","type":"post","link":"https:\/\/www.macedoniapress.com\/?p=3549","title":{"rendered":"Kuvendi i Maqedonis\u00eb s\u00eb Veriut e shfuqizoi Qeverin\u00eb Teknike"},"content":{"rendered":"<p><strong>Shumica e d\u00ebrgoi qeverin\u00eb teknike n\u00eb histori. Shtat\u00ebdhjet\u00eb deputet\u00eb votuan \u201cP\u00cbR\u201d, nj\u00ebmb\u00ebdhjet\u00eb \u201cKUND\u00cbR\u201d. Seanca zgjati disa or\u00eb, kaloi me v\u00ebrejtje t\u00eb shumta procedurale dhe disa pauza. Grindjet midis qeveris\u00eb dhe opozit\u00ebs arrit\u00ebn kulmin.<\/strong><\/p>\n<p>\u201cJu duhet t\u00eb arrini q\u00ebllimin tuaj p\u00ebrfundimtar, q\u00eb \u00ebsht\u00eb t\u00eb mos merrni pjes\u00eb n\u00eb zgjedhjet e ardhshme parlamentare\u201d, tha <strong>Goran Min\u00e7ev<\/strong>, Minist\u00ebr i Administrat\u00ebs Publike.<\/p>\n<p>\u201cM\u00eb s\u00eb paku keni t\u00eb drejt\u00eb t\u00eb flisni p\u00ebr LSDM-n\u00eb, sepse keni mbaruar me LSDM-n\u00eb\u201d, u p\u00ebrgjigj <strong>Jovana Tren\u00e7evska<\/strong>, deputete nga LSDM-ja.<\/p>\n<p>Frontit Evropian q\u00eb udh\u00ebhiqet nga BDI-ja u largua nga seanca, pasi m\u00eb par\u00eb k\u00ebrkoi q\u00eb \u00e7\u00ebshtja e ndryshimeve n\u00eb Ligjin p\u00ebr Qeverin\u00eb t\u00eb shqyrtohet nga Komiteti p\u00ebr Marr\u00ebdh\u00ebniet midis Komuniteteve, me vler\u00ebsimin se shfuqizimi i qeveris\u00eb s\u00eb P\u00ebrzhinos ndikon ndjesh\u00ebm n\u00eb marr\u00ebdh\u00ebniet nd\u00ebretnike.<\/p>\n<p>\u201cKy veprim \u00ebsht\u00eb pjes\u00eb e kozistenc\u00ebs ton\u00eb politike, ne si dje edhe sot jemi KUND\u00cbR heqjes s\u00eb Qeveris\u00eb teknike dhe k\u00ebto q\u00ebndrime i p\u00ebrs\u00ebrit\u00ebm edhe n\u00eb Kuvend, p\u00ebr dallim nga subjektet e tjera t\u00eb cilat ndryshojn\u00eb q\u00ebndrimet var\u00ebsisht nga situatat dhe pozicionet, ndryshe n\u00eb takimin e lider\u00ebve dhe ndryshe gjat\u00eb diskutimit n\u00eb Kuvend\u201d, deklaruan nga Aleanca p\u00ebr Shqiptar\u00ebt e Ziadin Sel\u00ebs, t\u00eb cil\u00ebt nuk e votuan heqjen e Qeveris\u00eb teknike.<\/p>\n<p>Ndryshe, <a href=\"https:\/\/portalb.mk\/nisi-procesi-per-per-shfuqizimin-e-qeverise-teknike-bdi-dhe-lsdm-kunder\/\" target=\"_blank\" rel=\"noopener\">Kuvendi n\u00eb seanc\u00ebn e 22 prillit<\/a> ka miratuar nevoj\u00ebn p\u00ebr procedur\u00eb t\u00eb shkurtuar t\u00eb Propozim-ligjit p\u00ebr ndryshimin e Ligjit p\u00ebr Qeverin\u00eb e Republik\u00ebs s\u00eb Maqedonis\u00eb, me \u00e7\u2019rast zgjidhja ligjore kaloi faz\u00ebn e par\u00eb t\u00eb procedur\u00ebs parlamentare. Me k\u00ebt\u00eb zgjidhje ligjore krijohen kushte p\u00ebr eliminimin e arsyeve objektive p\u00ebr t\u00eb cilat ishte vendosur modeli i qeveris\u00eb kalimtare, p\u00ebrkat\u00ebsisht teknike. BDI deklaroi sot se nuk do ta mb\u00ebshtes\u00eb k\u00ebt\u00eb ligj duke th\u00ebn\u00eb se di\u00e7ka q\u00eb \u00ebsht\u00eb arritur me marr\u00ebveshje politike, duhet t\u00eb zhb\u00ebhet n\u00eb t\u00eb nj\u00ebjt\u00ebn form\u00eb.<\/p>\n<p>Amendamentet n\u00eb Ligjin p\u00ebr Qeverin\u00eb q\u00eb parashikojn\u00eb qeverin\u00eb teknike<strong>\u00a0jan\u00eb nj\u00eb zgjidhje nga Marr\u00ebveshja e P\u00ebrzhinos n\u00eb vitin 2015,<\/strong>\u00a0e cila ishte e vlefshme vet\u00ebm p\u00ebr zgjedhjet e vitit 2016, pra ato q\u00eb u organizuan pas kriz\u00ebs politike. Ajo parashikon formimin e nj\u00eb qeverie teknike 100 dit\u00eb para zgjedhjeve, n\u00eb t\u00eb cil\u00ebn kuadrot e opozit\u00ebs hyjn\u00eb n\u00eb ministri t\u00eb caktuara me q\u00ebllim sigurimin e zgjedhjeve t\u00eb drejta dhe demokratike.<\/p>\n<p>Zgjidhja e propozuar ligjore, me zbatim t\u00eb shtyr\u00eb, sipas arsyetimit t\u00eb Qeveris\u00eb, ka p\u00ebr q\u00ebllim t\u00eb siguroj\u00eb stabilitet, siguri juridike dhe mbrojtje t\u00eb interesit publik t\u00eb qytetar\u00ebve p\u00ebrmes p\u00ebrmbylljes s\u00eb plot\u00eb dhe t\u00eb q\u00ebndrueshme t\u00eb reformave t\u00eb nisura.<\/p>\n<p>Gjithashtu thuhet se, p\u00ebr shkak t\u00eb nevoj\u00ebs p\u00ebr<strong>\u00a0p\u00ebrdorim racional dhe t\u00eb p\u00ebrgjegjsh\u00ebm t\u00eb financave publike<\/strong>, forcim t\u00eb stabilitetit institucional dhe sigurim t\u00eb legjitimitetit t\u00eb plot\u00eb demokratik t\u00eb Qeveris\u00eb si bart\u00ebse e pushtetit ekzekutiv t\u00eb zgjedhur nga Kuvendi, me k\u00ebt\u00eb ligj vendoset nj\u00eb korniz\u00eb e qart\u00eb ligjore q\u00eb garanton zgjedhje t\u00eb lira dhe transparente p\u00ebrmes institucioneve kushtetuese dhe ligjore, si dhe eliminon zgjidhjet e p\u00ebrkohshme t\u00eb krijuara me marr\u00ebveshje politike n\u00eb t\u00eb kaluar\u00ebn.<\/p>\n","protected":false},"excerpt":{"rendered":"<p>Shumica e d\u00ebrgoi qeverin\u00eb teknike n\u00eb histori. Shtat\u00ebdhjet\u00eb deputet\u00eb votuan \u201cP\u00cbR\u201d, nj\u00ebmb\u00ebdhjet\u00eb \u201cKUND\u00cbR\u201d. Seanca zgjati disa or\u00eb, kaloi me v\u00ebrejtje t\u00eb shumta procedurale dhe disa pauza. Grindjet midis qeveris\u00eb dhe opozit\u00ebs arrit\u00ebn kulmin. \u201cJu duhet t\u00eb arrini q\u00ebllimin tuaj p\u00ebrfundimtar, q\u00eb \u00ebsht\u00eb t\u00eb mos merrni pjes\u00eb n\u00eb zgjedhjet e ardhshme parlamentare\u201d, tha Goran Min\u00e7ev, Minist\u00ebr&#8230;<\/p>\n","protected":false},"author":2,"featured_media":3550,"comment_status":"closed","ping_status":"open","sticky":false,"template":"","format":"standard","meta":{"footnotes":""},"categories":[1],"tags":[],"class_list":["post-3549","post","type-post","status-publish","format-standard","has-post-thumbnail","hentry","category-makedonija"],"yoast_head":"<!-- This site is optimized with the Yoast SEO plugin v27.2 - https:\/\/yoast.com\/product\/yoast-seo-wordpress\/ -->\n<title>Kuvendi i Maqedonis\u00eb s\u00eb Veriut e shfuqizoi Qeverin\u00eb Teknike - Macedonia Press<\/title>\n<meta name=\"robots\" content=\"index, follow, max-snippet:-1, max-image-preview:large, max-video-preview:-1\" \/>\n<link rel=\"canonical\" href=\"https:\/\/www.macedoniapress.com\/?p=3549\" \/>\n<meta property=\"og:locale\" content=\"en_US\" \/>\n<meta property=\"og:type\" content=\"article\" \/>\n<meta property=\"og:title\" content=\"Kuvendi i Maqedonis\u00eb s\u00eb Veriut e shfuqizoi Qeverin\u00eb Teknike - Macedonia Press\" \/>\n<meta property=\"og:description\" content=\"Shumica e d\u00ebrgoi qeverin\u00eb teknike n\u00eb histori. Shtat\u00ebdhjet\u00eb deputet\u00eb votuan \u201cP\u00cbR\u201d, nj\u00ebmb\u00ebdhjet\u00eb \u201cKUND\u00cbR\u201d. Seanca zgjati disa or\u00eb, kaloi me v\u00ebrejtje t\u00eb shumta procedurale dhe disa pauza. Grindjet midis qeveris\u00eb dhe opozit\u00ebs arrit\u00ebn kulmin. \u201cJu duhet t\u00eb arrini q\u00ebllimin tuaj p\u00ebrfundimtar, q\u00eb \u00ebsht\u00eb t\u00eb mos merrni pjes\u00eb n\u00eb zgjedhjet e ardhshme parlamentare\u201d, tha Goran Min\u00e7ev, Minist\u00ebr...\" \/>\n<meta property=\"og:url\" content=\"https:\/\/www.macedoniapress.com\/?p=3549\" \/>\n<meta property=\"og:site_name\" content=\"Macedonia Press\" \/>\n<meta property=\"article:published_time\" content=\"2026-04-29T17:32:47+00:00\" \/>\n<meta property=\"og:image\" content=\"https:\/\/www.macedoniapress.com\/wp-content\/uploads\/2026\/04\/IMG_3046.jpeg\" \/>\n\t<meta property=\"og:image:width\" content=\"742\" \/>\n\t<meta property=\"og:image:height\" content=\"449\" \/>\n\t<meta property=\"og:image:type\" content=\"image\/jpeg\" \/>\n<meta name=\"author\" content=\"Macedonia Press\" \/>\n<meta name=\"twitter:card\" content=\"summary_large_image\" \/>\n<meta name=\"twitter:label1\" content=\"Written by\" \/>\n\t<meta name=\"twitter:data1\" content=\"Macedonia Press\" \/>\n\t<meta name=\"twitter:label2\" content=\"Est. reading time\" \/>\n\t<meta name=\"twitter:data2\" content=\"3 minutes\" \/>\n<script type=\"application\/ld+json\" class=\"yoast-schema-graph\">{\"@context\":\"https:\/\/schema.org\",\"@graph\":[{\"@type\":\"Article\",\"@id\":\"https:\/\/www.macedoniapress.com\/?p=3549#article\",\"isPartOf\":{\"@id\":\"https:\/\/www.macedoniapress.com\/?p=3549\"},\"author\":{\"name\":\"Macedonia Press\",\"@id\":\"https:\/\/www.macedoniapress.com\/#\/schema\/person\/060101f54fa08b58b8847d6f8536f977\"},\"headline\":\"Kuvendi i Maqedonis\u00eb s\u00eb Veriut e shfuqizoi Qeverin\u00eb Teknike\",\"datePublished\":\"2026-04-29T17:32:47+00:00\",\"mainEntityOfPage\":{\"@id\":\"https:\/\/www.macedoniapress.com\/?p=3549\"},\"wordCount\":556,\"publisher\":{\"@id\":\"https:\/\/www.macedoniapress.com\/#organization\"},\"image\":{\"@id\":\"https:\/\/www.macedoniapress.com\/?p=3549#primaryimage\"},\"thumbnailUrl\":\"https:\/\/www.macedoniapress.com\/wp-content\/uploads\/2026\/04\/IMG_3046.jpeg\",\"articleSection\":[\"MAQEDONI\"],\"inLanguage\":\"en-US\"},{\"@type\":\"WebPage\",\"@id\":\"https:\/\/www.macedoniapress.com\/?p=3549\",\"url\":\"https:\/\/www.macedoniapress.com\/?p=3549\",\"name\":\"Kuvendi i Maqedonis\u00eb s\u00eb Veriut e shfuqizoi Qeverin\u00eb Teknike - Macedonia Press\",\"isPartOf\":{\"@id\":\"https:\/\/www.macedoniapress.com\/#website\"},\"primaryImageOfPage\":{\"@id\":\"https:\/\/www.macedoniapress.com\/?p=3549#primaryimage\"},\"image\":{\"@id\":\"https:\/\/www.macedoniapress.com\/?p=3549#primaryimage\"},\"thumbnailUrl\":\"https:\/\/www.macedoniapress.com\/wp-content\/uploads\/2026\/04\/IMG_3046.jpeg\",\"datePublished\":\"2026-04-29T17:32:47+00:00\",\"breadcrumb\":{\"@id\":\"https:\/\/www.macedoniapress.com\/?p=3549#breadcrumb\"},\"inLanguage\":\"en-US\",\"potentialAction\":[{\"@type\":\"ReadAction\",\"target\":[\"https:\/\/www.macedoniapress.com\/?p=3549\"]}]},{\"@type\":\"ImageObject\",\"inLanguage\":\"en-US\",\"@id\":\"https:\/\/www.macedoniapress.com\/?p=3549#primaryimage\",\"url\":\"https:\/\/www.macedoniapress.com\/wp-content\/uploads\/2026\/04\/IMG_3046.jpeg\",\"contentUrl\":\"https:\/\/www.macedoniapress.com\/wp-content\/uploads\/2026\/04\/IMG_3046.jpeg\",\"width\":742,\"height\":449},{\"@type\":\"BreadcrumbList\",\"@id\":\"https:\/\/www.macedoniapress.com\/?p=3549#breadcrumb\",\"itemListElement\":[{\"@type\":\"ListItem\",\"position\":1,\"name\":\"Home\",\"item\":\"https:\/\/www.macedoniapress.com\/\"},{\"@type\":\"ListItem\",\"position\":2,\"name\":\"Kuvendi i Maqedonis\u00eb s\u00eb Veriut e shfuqizoi Qeverin\u00eb Teknike\"}]},{\"@type\":\"WebSite\",\"@id\":\"https:\/\/www.macedoniapress.com\/#website\",\"url\":\"https:\/\/www.macedoniapress.com\/\",\"name\":\"Macedonia Press\",\"description\":\"macedoniapress.com\",\"publisher\":{\"@id\":\"https:\/\/www.macedoniapress.com\/#organization\"},\"potentialAction\":[{\"@type\":\"SearchAction\",\"target\":{\"@type\":\"EntryPoint\",\"urlTemplate\":\"https:\/\/www.macedoniapress.com\/?s={search_term_string}\"},\"query-input\":{\"@type\":\"PropertyValueSpecification\",\"valueRequired\":true,\"valueName\":\"search_term_string\"}}],\"inLanguage\":\"en-US\"},{\"@type\":\"Organization\",\"@id\":\"https:\/\/www.macedoniapress.com\/#organization\",\"name\":\"Macedonia Press\",\"url\":\"https:\/\/www.macedoniapress.com\/\",\"logo\":{\"@type\":\"ImageObject\",\"inLanguage\":\"en-US\",\"@id\":\"https:\/\/www.macedoniapress.com\/#\/schema\/logo\/image\/\",\"url\":\"https:\/\/www.macedoniapress.com\/wp-content\/uploads\/2025\/09\/21440B89-8EAC-4476-9403-469F5CA0CDC8.png\",\"contentUrl\":\"https:\/\/www.macedoniapress.com\/wp-content\/uploads\/2025\/09\/21440B89-8EAC-4476-9403-469F5CA0CDC8.png\",\"width\":1536,\"height\":1024,\"caption\":\"Macedonia Press\"},\"image\":{\"@id\":\"https:\/\/www.macedoniapress.com\/#\/schema\/logo\/image\/\"}},{\"@type\":\"Person\",\"@id\":\"https:\/\/www.macedoniapress.com\/#\/schema\/person\/060101f54fa08b58b8847d6f8536f977\",\"name\":\"Macedonia Press\",\"url\":\"https:\/\/www.macedoniapress.com\/?author=2\"}]}<\/script>\n<!-- \/ Yoast SEO plugin. -->","yoast_head_json":{"title":"Kuvendi i Maqedonis\u00eb s\u00eb Veriut e shfuqizoi Qeverin\u00eb Teknike - Macedonia Press","robots":{"index":"index","follow":"follow","max-snippet":"max-snippet:-1","max-image-preview":"max-image-preview:large","max-video-preview":"max-video-preview:-1"},"canonical":"https:\/\/www.macedoniapress.com\/?p=3549","og_locale":"en_US","og_type":"article","og_title":"Kuvendi i Maqedonis\u00eb s\u00eb Veriut e shfuqizoi Qeverin\u00eb Teknike - Macedonia Press","og_description":"Shumica e d\u00ebrgoi qeverin\u00eb teknike n\u00eb histori. Shtat\u00ebdhjet\u00eb deputet\u00eb votuan \u201cP\u00cbR\u201d, nj\u00ebmb\u00ebdhjet\u00eb \u201cKUND\u00cbR\u201d. Seanca zgjati disa or\u00eb, kaloi me v\u00ebrejtje t\u00eb shumta procedurale dhe disa pauza. Grindjet midis qeveris\u00eb dhe opozit\u00ebs arrit\u00ebn kulmin. \u201cJu duhet t\u00eb arrini q\u00ebllimin tuaj p\u00ebrfundimtar, q\u00eb \u00ebsht\u00eb t\u00eb mos merrni pjes\u00eb n\u00eb zgjedhjet e ardhshme parlamentare\u201d, tha Goran Min\u00e7ev, Minist\u00ebr...","og_url":"https:\/\/www.macedoniapress.com\/?p=3549","og_site_name":"Macedonia Press","article_published_time":"2026-04-29T17:32:47+00:00","og_image":[{"width":742,"height":449,"url":"https:\/\/www.macedoniapress.com\/wp-content\/uploads\/2026\/04\/IMG_3046.jpeg","type":"image\/jpeg"}],"author":"Macedonia Press","twitter_card":"summary_large_image","twitter_misc":{"Written by":"Macedonia Press","Est. reading time":"3 minutes"},"schema":{"@context":"https:\/\/schema.org","@graph":[{"@type":"Article","@id":"https:\/\/www.macedoniapress.com\/?p=3549#article","isPartOf":{"@id":"https:\/\/www.macedoniapress.com\/?p=3549"},"author":{"name":"Macedonia Press","@id":"https:\/\/www.macedoniapress.com\/#\/schema\/person\/060101f54fa08b58b8847d6f8536f977"},"headline":"Kuvendi i Maqedonis\u00eb s\u00eb Veriut e shfuqizoi Qeverin\u00eb Teknike","datePublished":"2026-04-29T17:32:47+00:00","mainEntityOfPage":{"@id":"https:\/\/www.macedoniapress.com\/?p=3549"},"wordCount":556,"publisher":{"@id":"https:\/\/www.macedoniapress.com\/#organization"},"image":{"@id":"https:\/\/www.macedoniapress.com\/?p=3549#primaryimage"},"thumbnailUrl":"https:\/\/www.macedoniapress.com\/wp-content\/uploads\/2026\/04\/IMG_3046.jpeg","articleSection":["MAQEDONI"],"inLanguage":"en-US"},{"@type":"WebPage","@id":"https:\/\/www.macedoniapress.com\/?p=3549","url":"https:\/\/www.macedoniapress.com\/?p=3549","name":"Kuvendi i Maqedonis\u00eb s\u00eb Veriut e shfuqizoi Qeverin\u00eb Teknike - Macedonia Press","isPartOf":{"@id":"https:\/\/www.macedoniapress.com\/#website"},"primaryImageOfPage":{"@id":"https:\/\/www.macedoniapress.com\/?p=3549#primaryimage"},"image":{"@id":"https:\/\/www.macedoniapress.com\/?p=3549#primaryimage"},"thumbnailUrl":"https:\/\/www.macedoniapress.com\/wp-content\/uploads\/2026\/04\/IMG_3046.jpeg","datePublished":"2026-04-29T17:32:47+00:00","breadcrumb":{"@id":"https:\/\/www.macedoniapress.com\/?p=3549#breadcrumb"},"inLanguage":"en-US","potentialAction":[{"@type":"ReadAction","target":["https:\/\/www.macedoniapress.com\/?p=3549"]}]},{"@type":"ImageObject","inLanguage":"en-US","@id":"https:\/\/www.macedoniapress.com\/?p=3549#primaryimage","url":"https:\/\/www.macedoniapress.com\/wp-content\/uploads\/2026\/04\/IMG_3046.jpeg","contentUrl":"https:\/\/www.macedoniapress.com\/wp-content\/uploads\/2026\/04\/IMG_3046.jpeg","width":742,"height":449},{"@type":"BreadcrumbList","@id":"https:\/\/www.macedoniapress.com\/?p=3549#breadcrumb","itemListElement":[{"@type":"ListItem","position":1,"name":"Home","item":"https:\/\/www.macedoniapress.com\/"},{"@type":"ListItem","position":2,"name":"Kuvendi i Maqedonis\u00eb s\u00eb Veriut e shfuqizoi Qeverin\u00eb Teknike"}]},{"@type":"WebSite","@id":"https:\/\/www.macedoniapress.com\/#website","url":"https:\/\/www.macedoniapress.com\/","name":"Macedonia Press","description":"macedoniapress.com","publisher":{"@id":"https:\/\/www.macedoniapress.com\/#organization"},"potentialAction":[{"@type":"SearchAction","target":{"@type":"EntryPoint","urlTemplate":"https:\/\/www.macedoniapress.com\/?s={search_term_string}"},"query-input":{"@type":"PropertyValueSpecification","valueRequired":true,"valueName":"search_term_string"}}],"inLanguage":"en-US"},{"@type":"Organization","@id":"https:\/\/www.macedoniapress.com\/#organization","name":"Macedonia Press","url":"https:\/\/www.macedoniapress.com\/","logo":{"@type":"ImageObject","inLanguage":"en-US","@id":"https:\/\/www.macedoniapress.com\/#\/schema\/logo\/image\/","url":"https:\/\/www.macedoniapress.com\/wp-content\/uploads\/2025\/09\/21440B89-8EAC-4476-9403-469F5CA0CDC8.png","contentUrl":"https:\/\/www.macedoniapress.com\/wp-content\/uploads\/2025\/09\/21440B89-8EAC-4476-9403-469F5CA0CDC8.png","width":1536,"height":1024,"caption":"Macedonia Press"},"image":{"@id":"https:\/\/www.macedoniapress.com\/#\/schema\/logo\/image\/"}},{"@type":"Person","@id":"https:\/\/www.macedoniapress.com\/#\/schema\/person\/060101f54fa08b58b8847d6f8536f977","name":"Macedonia Press","url":"https:\/\/www.macedoniapress.com\/?author=2"}]}},"_links":{"self":[{"href":"https:\/\/www.macedoniapress.com\/index.php?rest_route=\/wp\/v2\/posts\/3549","targetHints":{"allow":["GET"]}}],"collection":[{"href":"https:\/\/www.macedoniapress.com\/index.php?rest_route=\/wp\/v2\/posts"}],"about":[{"href":"https:\/\/www.macedoniapress.com\/index.php?rest_route=\/wp\/v2\/types\/post"}],"author":[{"embeddable":true,"href":"https:\/\/www.macedoniapress.com\/index.php?rest_route=\/wp\/v2\/users\/2"}],"replies":[{"embeddable":true,"href":"https:\/\/www.macedoniapress.com\/index.php?rest_route=%2Fwp%2Fv2%2Fcomments&post=3549"}],"version-history":[{"count":1,"href":"https:\/\/www.macedoniapress.com\/index.php?rest_route=\/wp\/v2\/posts\/3549\/revisions"}],"predecessor-version":[{"id":3551,"href":"https:\/\/www.macedoniapress.com\/index.php?rest_route=\/wp\/v2\/posts\/3549\/revisions\/3551"}],"wp:featuredmedia":[{"embeddable":true,"href":"https:\/\/www.macedoniapress.com\/index.php?rest_route=\/wp\/v2\/media\/3550"}],"wp:attachment":[{"href":"https:\/\/www.macedoniapress.com\/index.php?rest_route=%2Fwp%2Fv2%2Fmedia&parent=3549"}],"wp:term":[{"taxonomy":"category","embeddable":true,"href":"https:\/\/www.macedoniapress.com\/index.php?rest_route=%2Fwp%2Fv2%2Fcategories&post=3549"},{"taxonomy":"post_tag","embeddable":true,"href":"https:\/\/www.macedoniapress.com\/index.php?rest_route=%2Fwp%2Fv2%2Ftags&post=3549"}],"curies":[{"name":"wp","href":"https:\/\/api.w.org\/{rel}","templated":true}]}}