{"id":3546,"date":"2026-04-29T16:56:54","date_gmt":"2026-04-29T14:56:54","guid":{"rendered":"https:\/\/www.macedoniapress.com\/?p=3546"},"modified":"2026-04-29T16:56:54","modified_gmt":"2026-04-29T14:56:54","slug":"vlen-po-vjen-nese-jo-sot-kur-mesazh-i-forte-nga-koalicioni","status":"publish","type":"post","link":"https:\/\/www.macedoniapress.com\/?p=3546","title":{"rendered":"\u201cVLEN po vjen. N\u00ebse jo sot, kur?\u201d \u2013 mesazh i fort\u00eb nga koalicioni"},"content":{"rendered":"<p>Koalicioni VLEN ka dal\u00eb me nj\u00eb komunikat\u00eb ku e cil\u00ebson veten si \u201cshpresa q\u00eb u kthye n\u00eb l\u00ebvizje politike\u201d, duke theksuar se p\u00ebrfaq\u00ebson ndryshimin dhe bashkimin e shqiptar\u00ebve n\u00eb sken\u00ebn politike n\u00eb Maqedonin\u00eb e Veriut.<\/p>\n<div class=\"td-a-ad id_inline_ad0 id_ad_content-horiz-center\"><\/div>\n<p>N\u00eb komunikat\u00eb, VLEN vler\u00ebson se \u00ebsht\u00eb rezultat i bashkimit p\u00ebr ndryshim t\u00eb qytetar\u00ebve q\u00eb, sipas tyre, nuk kan\u00eb pranuar t\u00eb mbeten \u201cpeng i politik\u00ebs s\u00eb vjet\u00ebr\u201d dhe praktikave t\u00eb p\u00ebrs\u00ebritura politike.<\/p>\n<p>\u201cVLEN \u00ebsht\u00eb shpresa q\u00eb u kthye n\u00eb l\u00ebvizje politike. Shpresa e shqiptar\u00ebve q\u00eb nuk pranuan t\u00eb mbeten peng i politik\u00ebs s\u00eb vjet\u00ebr\u2026 Ajo q\u00eb filloi si bashkim p\u00ebr ndryshim, po rritet si bindje e p\u00ebrbashk\u00ebt se shqiptar\u00ebt kan\u00eb nevoj\u00eb p\u00ebr nj\u00eb forc\u00eb politike q\u00eb nuk i ndan, por i bashkon\u201d, thuhet n\u00eb komunikat\u00eb.<\/p>\n<p>Koalicioni thekson se synon t\u00eb ofroj\u00eb jo vet\u00ebm retorik\u00eb politike, por \u201cdrejtim dhe zgjidhje t\u00eb q\u00ebndrueshme\u201d, duke e vendosur theksin te p\u00ebrgjegj\u00ebsia afatgjate dhe nd\u00ebrtimi i besimit me qytetar\u00ebt.<\/p>\n<p>\u201cShqiptar\u00ebt nuk kan\u00eb nevoj\u00eb p\u00ebr politik\u00eb q\u00eb i trajton si num\u00ebr, por p\u00ebr politik\u00eb q\u00eb nd\u00ebrton besim, p\u00ebrgjegj\u00ebsi dhe drejtim t\u00eb sigurt p\u00ebr t\u00eb ardhmen\u201d, thuhet m\u00eb tej.<\/p>\n<p>VLEN kritikon gjithashtu at\u00eb q\u00eb e cil\u00ebson si sistem t\u00eb vjet\u00ebr politik, t\u00eb karakterizuar nga \u201cpengesa dhe probleme t\u00eb krijuara me q\u00ebllim\u201d, nd\u00ebrsa e paraqet veten si alternativ\u00eb t\u00eb re dhe t\u00eb bashkuar.<\/p>\n<p>\u201cVLEN po vjen. N\u00ebse jo sot, kur?\u201d, p\u00ebrfundon komunikata e koalicionit.<\/p>\n","protected":false},"excerpt":{"rendered":"<p>Koalicioni VLEN ka dal\u00eb me nj\u00eb komunikat\u00eb ku e cil\u00ebson veten si \u201cshpresa q\u00eb u kthye n\u00eb l\u00ebvizje politike\u201d, duke theksuar se p\u00ebrfaq\u00ebson ndryshimin dhe bashkimin e shqiptar\u00ebve n\u00eb sken\u00ebn politike n\u00eb Maqedonin\u00eb e Veriut. N\u00eb komunikat\u00eb, VLEN vler\u00ebson se \u00ebsht\u00eb rezultat i bashkimit p\u00ebr ndryshim t\u00eb qytetar\u00ebve q\u00eb, sipas tyre, nuk kan\u00eb pranuar t\u00eb&#8230;<\/p>\n","protected":false},"author":2,"featured_media":3547,"comment_status":"closed","ping_status":"open","sticky":false,"template":"","format":"standard","meta":{"footnotes":""},"categories":[1],"tags":[],"class_list":["post-3546","post","type-post","status-publish","format-standard","has-post-thumbnail","hentry","category-makedonija"],"yoast_head":"<!-- This site is optimized with the Yoast SEO plugin v27.2 - https:\/\/yoast.com\/product\/yoast-seo-wordpress\/ -->\n<title>\u201cVLEN po vjen. N\u00ebse jo sot, kur?\u201d \u2013 mesazh i fort\u00eb nga koalicioni - Macedonia Press<\/title>\n<meta name=\"robots\" content=\"index, follow, max-snippet:-1, max-image-preview:large, max-video-preview:-1\" \/>\n<link rel=\"canonical\" href=\"https:\/\/www.macedoniapress.com\/?p=3546\" \/>\n<meta property=\"og:locale\" content=\"en_US\" \/>\n<meta property=\"og:type\" content=\"article\" \/>\n<meta property=\"og:title\" content=\"\u201cVLEN po vjen. N\u00ebse jo sot, kur?\u201d \u2013 mesazh i fort\u00eb nga koalicioni - Macedonia Press\" \/>\n<meta property=\"og:description\" content=\"Koalicioni VLEN ka dal\u00eb me nj\u00eb komunikat\u00eb ku e cil\u00ebson veten si \u201cshpresa q\u00eb u kthye n\u00eb l\u00ebvizje politike\u201d, duke theksuar se p\u00ebrfaq\u00ebson ndryshimin dhe bashkimin e shqiptar\u00ebve n\u00eb sken\u00ebn politike n\u00eb Maqedonin\u00eb e Veriut. N\u00eb komunikat\u00eb, VLEN vler\u00ebson se \u00ebsht\u00eb rezultat i bashkimit p\u00ebr ndryshim t\u00eb qytetar\u00ebve q\u00eb, sipas tyre, nuk kan\u00eb pranuar t\u00eb...\" \/>\n<meta property=\"og:url\" content=\"https:\/\/www.macedoniapress.com\/?p=3546\" \/>\n<meta property=\"og:site_name\" content=\"Macedonia Press\" \/>\n<meta property=\"article:published_time\" content=\"2026-04-29T14:56:54+00:00\" \/>\n<meta property=\"og:image\" content=\"https:\/\/www.macedoniapress.com\/wp-content\/uploads\/2026\/04\/IMG_3040.webp\" \/>\n\t<meta property=\"og:image:width\" content=\"1536\" \/>\n\t<meta property=\"og:image:height\" content=\"1025\" \/>\n\t<meta property=\"og:image:type\" content=\"image\/webp\" \/>\n<meta name=\"author\" content=\"Macedonia Press\" \/>\n<meta name=\"twitter:card\" content=\"summary_large_image\" \/>\n<meta name=\"twitter:label1\" content=\"Written by\" \/>\n\t<meta name=\"twitter:data1\" content=\"Macedonia Press\" \/>\n\t<meta name=\"twitter:label2\" content=\"Est. reading time\" \/>\n\t<meta name=\"twitter:data2\" content=\"1 minute\" \/>\n<script type=\"application\/ld+json\" class=\"yoast-schema-graph\">{\"@context\":\"https:\/\/schema.org\",\"@graph\":[{\"@type\":\"Article\",\"@id\":\"https:\/\/www.macedoniapress.com\/?p=3546#article\",\"isPartOf\":{\"@id\":\"https:\/\/www.macedoniapress.com\/?p=3546\"},\"author\":{\"name\":\"Macedonia Press\",\"@id\":\"https:\/\/www.macedoniapress.com\/#\/schema\/person\/060101f54fa08b58b8847d6f8536f977\"},\"headline\":\"\u201cVLEN po vjen. N\u00ebse jo sot, kur?\u201d \u2013 mesazh i fort\u00eb nga koalicioni\",\"datePublished\":\"2026-04-29T14:56:54+00:00\",\"mainEntityOfPage\":{\"@id\":\"https:\/\/www.macedoniapress.com\/?p=3546\"},\"wordCount\":275,\"publisher\":{\"@id\":\"https:\/\/www.macedoniapress.com\/#organization\"},\"image\":{\"@id\":\"https:\/\/www.macedoniapress.com\/?p=3546#primaryimage\"},\"thumbnailUrl\":\"https:\/\/www.macedoniapress.com\/wp-content\/uploads\/2026\/04\/IMG_3040.webp\",\"articleSection\":[\"MAQEDONI\"],\"inLanguage\":\"en-US\"},{\"@type\":\"WebPage\",\"@id\":\"https:\/\/www.macedoniapress.com\/?p=3546\",\"url\":\"https:\/\/www.macedoniapress.com\/?p=3546\",\"name\":\"\u201cVLEN po vjen. N\u00ebse jo sot, kur?\u201d \u2013 mesazh i fort\u00eb nga koalicioni - Macedonia Press\",\"isPartOf\":{\"@id\":\"https:\/\/www.macedoniapress.com\/#website\"},\"primaryImageOfPage\":{\"@id\":\"https:\/\/www.macedoniapress.com\/?p=3546#primaryimage\"},\"image\":{\"@id\":\"https:\/\/www.macedoniapress.com\/?p=3546#primaryimage\"},\"thumbnailUrl\":\"https:\/\/www.macedoniapress.com\/wp-content\/uploads\/2026\/04\/IMG_3040.webp\",\"datePublished\":\"2026-04-29T14:56:54+00:00\",\"breadcrumb\":{\"@id\":\"https:\/\/www.macedoniapress.com\/?p=3546#breadcrumb\"},\"inLanguage\":\"en-US\",\"potentialAction\":[{\"@type\":\"ReadAction\",\"target\":[\"https:\/\/www.macedoniapress.com\/?p=3546\"]}]},{\"@type\":\"ImageObject\",\"inLanguage\":\"en-US\",\"@id\":\"https:\/\/www.macedoniapress.com\/?p=3546#primaryimage\",\"url\":\"https:\/\/www.macedoniapress.com\/wp-content\/uploads\/2026\/04\/IMG_3040.webp\",\"contentUrl\":\"https:\/\/www.macedoniapress.com\/wp-content\/uploads\/2026\/04\/IMG_3040.webp\",\"width\":1536,\"height\":1025},{\"@type\":\"BreadcrumbList\",\"@id\":\"https:\/\/www.macedoniapress.com\/?p=3546#breadcrumb\",\"itemListElement\":[{\"@type\":\"ListItem\",\"position\":1,\"name\":\"Home\",\"item\":\"https:\/\/www.macedoniapress.com\/\"},{\"@type\":\"ListItem\",\"position\":2,\"name\":\"\u201cVLEN po vjen. N\u00ebse jo sot, kur?\u201d \u2013 mesazh i fort\u00eb nga koalicioni\"}]},{\"@type\":\"WebSite\",\"@id\":\"https:\/\/www.macedoniapress.com\/#website\",\"url\":\"https:\/\/www.macedoniapress.com\/\",\"name\":\"Macedonia Press\",\"description\":\"macedoniapress.com\",\"publisher\":{\"@id\":\"https:\/\/www.macedoniapress.com\/#organization\"},\"potentialAction\":[{\"@type\":\"SearchAction\",\"target\":{\"@type\":\"EntryPoint\",\"urlTemplate\":\"https:\/\/www.macedoniapress.com\/?s={search_term_string}\"},\"query-input\":{\"@type\":\"PropertyValueSpecification\",\"valueRequired\":true,\"valueName\":\"search_term_string\"}}],\"inLanguage\":\"en-US\"},{\"@type\":\"Organization\",\"@id\":\"https:\/\/www.macedoniapress.com\/#organization\",\"name\":\"Macedonia Press\",\"url\":\"https:\/\/www.macedoniapress.com\/\",\"logo\":{\"@type\":\"ImageObject\",\"inLanguage\":\"en-US\",\"@id\":\"https:\/\/www.macedoniapress.com\/#\/schema\/logo\/image\/\",\"url\":\"https:\/\/www.macedoniapress.com\/wp-content\/uploads\/2025\/09\/21440B89-8EAC-4476-9403-469F5CA0CDC8.png\",\"contentUrl\":\"https:\/\/www.macedoniapress.com\/wp-content\/uploads\/2025\/09\/21440B89-8EAC-4476-9403-469F5CA0CDC8.png\",\"width\":1536,\"height\":1024,\"caption\":\"Macedonia Press\"},\"image\":{\"@id\":\"https:\/\/www.macedoniapress.com\/#\/schema\/logo\/image\/\"}},{\"@type\":\"Person\",\"@id\":\"https:\/\/www.macedoniapress.com\/#\/schema\/person\/060101f54fa08b58b8847d6f8536f977\",\"name\":\"Macedonia Press\",\"url\":\"https:\/\/www.macedoniapress.com\/?author=2\"}]}<\/script>\n<!-- \/ Yoast SEO plugin. -->","yoast_head_json":{"title":"\u201cVLEN po vjen. N\u00ebse jo sot, kur?\u201d \u2013 mesazh i fort\u00eb nga koalicioni - Macedonia Press","robots":{"index":"index","follow":"follow","max-snippet":"max-snippet:-1","max-image-preview":"max-image-preview:large","max-video-preview":"max-video-preview:-1"},"canonical":"https:\/\/www.macedoniapress.com\/?p=3546","og_locale":"en_US","og_type":"article","og_title":"\u201cVLEN po vjen. N\u00ebse jo sot, kur?\u201d \u2013 mesazh i fort\u00eb nga koalicioni - Macedonia Press","og_description":"Koalicioni VLEN ka dal\u00eb me nj\u00eb komunikat\u00eb ku e cil\u00ebson veten si \u201cshpresa q\u00eb u kthye n\u00eb l\u00ebvizje politike\u201d, duke theksuar se p\u00ebrfaq\u00ebson ndryshimin dhe bashkimin e shqiptar\u00ebve n\u00eb sken\u00ebn politike n\u00eb Maqedonin\u00eb e Veriut. N\u00eb komunikat\u00eb, VLEN vler\u00ebson se \u00ebsht\u00eb rezultat i bashkimit p\u00ebr ndryshim t\u00eb qytetar\u00ebve q\u00eb, sipas tyre, nuk kan\u00eb pranuar t\u00eb...","og_url":"https:\/\/www.macedoniapress.com\/?p=3546","og_site_name":"Macedonia Press","article_published_time":"2026-04-29T14:56:54+00:00","og_image":[{"width":1536,"height":1025,"url":"https:\/\/www.macedoniapress.com\/wp-content\/uploads\/2026\/04\/IMG_3040.webp","type":"image\/webp"}],"author":"Macedonia Press","twitter_card":"summary_large_image","twitter_misc":{"Written by":"Macedonia Press","Est. reading time":"1 minute"},"schema":{"@context":"https:\/\/schema.org","@graph":[{"@type":"Article","@id":"https:\/\/www.macedoniapress.com\/?p=3546#article","isPartOf":{"@id":"https:\/\/www.macedoniapress.com\/?p=3546"},"author":{"name":"Macedonia Press","@id":"https:\/\/www.macedoniapress.com\/#\/schema\/person\/060101f54fa08b58b8847d6f8536f977"},"headline":"\u201cVLEN po vjen. N\u00ebse jo sot, kur?\u201d \u2013 mesazh i fort\u00eb nga koalicioni","datePublished":"2026-04-29T14:56:54+00:00","mainEntityOfPage":{"@id":"https:\/\/www.macedoniapress.com\/?p=3546"},"wordCount":275,"publisher":{"@id":"https:\/\/www.macedoniapress.com\/#organization"},"image":{"@id":"https:\/\/www.macedoniapress.com\/?p=3546#primaryimage"},"thumbnailUrl":"https:\/\/www.macedoniapress.com\/wp-content\/uploads\/2026\/04\/IMG_3040.webp","articleSection":["MAQEDONI"],"inLanguage":"en-US"},{"@type":"WebPage","@id":"https:\/\/www.macedoniapress.com\/?p=3546","url":"https:\/\/www.macedoniapress.com\/?p=3546","name":"\u201cVLEN po vjen. N\u00ebse jo sot, kur?\u201d \u2013 mesazh i fort\u00eb nga koalicioni - Macedonia Press","isPartOf":{"@id":"https:\/\/www.macedoniapress.com\/#website"},"primaryImageOfPage":{"@id":"https:\/\/www.macedoniapress.com\/?p=3546#primaryimage"},"image":{"@id":"https:\/\/www.macedoniapress.com\/?p=3546#primaryimage"},"thumbnailUrl":"https:\/\/www.macedoniapress.com\/wp-content\/uploads\/2026\/04\/IMG_3040.webp","datePublished":"2026-04-29T14:56:54+00:00","breadcrumb":{"@id":"https:\/\/www.macedoniapress.com\/?p=3546#breadcrumb"},"inLanguage":"en-US","potentialAction":[{"@type":"ReadAction","target":["https:\/\/www.macedoniapress.com\/?p=3546"]}]},{"@type":"ImageObject","inLanguage":"en-US","@id":"https:\/\/www.macedoniapress.com\/?p=3546#primaryimage","url":"https:\/\/www.macedoniapress.com\/wp-content\/uploads\/2026\/04\/IMG_3040.webp","contentUrl":"https:\/\/www.macedoniapress.com\/wp-content\/uploads\/2026\/04\/IMG_3040.webp","width":1536,"height":1025},{"@type":"BreadcrumbList","@id":"https:\/\/www.macedoniapress.com\/?p=3546#breadcrumb","itemListElement":[{"@type":"ListItem","position":1,"name":"Home","item":"https:\/\/www.macedoniapress.com\/"},{"@type":"ListItem","position":2,"name":"\u201cVLEN po vjen. N\u00ebse jo sot, kur?\u201d \u2013 mesazh i fort\u00eb nga koalicioni"}]},{"@type":"WebSite","@id":"https:\/\/www.macedoniapress.com\/#website","url":"https:\/\/www.macedoniapress.com\/","name":"Macedonia Press","description":"macedoniapress.com","publisher":{"@id":"https:\/\/www.macedoniapress.com\/#organization"},"potentialAction":[{"@type":"SearchAction","target":{"@type":"EntryPoint","urlTemplate":"https:\/\/www.macedoniapress.com\/?s={search_term_string}"},"query-input":{"@type":"PropertyValueSpecification","valueRequired":true,"valueName":"search_term_string"}}],"inLanguage":"en-US"},{"@type":"Organization","@id":"https:\/\/www.macedoniapress.com\/#organization","name":"Macedonia Press","url":"https:\/\/www.macedoniapress.com\/","logo":{"@type":"ImageObject","inLanguage":"en-US","@id":"https:\/\/www.macedoniapress.com\/#\/schema\/logo\/image\/","url":"https:\/\/www.macedoniapress.com\/wp-content\/uploads\/2025\/09\/21440B89-8EAC-4476-9403-469F5CA0CDC8.png","contentUrl":"https:\/\/www.macedoniapress.com\/wp-content\/uploads\/2025\/09\/21440B89-8EAC-4476-9403-469F5CA0CDC8.png","width":1536,"height":1024,"caption":"Macedonia Press"},"image":{"@id":"https:\/\/www.macedoniapress.com\/#\/schema\/logo\/image\/"}},{"@type":"Person","@id":"https:\/\/www.macedoniapress.com\/#\/schema\/person\/060101f54fa08b58b8847d6f8536f977","name":"Macedonia Press","url":"https:\/\/www.macedoniapress.com\/?author=2"}]}},"_links":{"self":[{"href":"https:\/\/www.macedoniapress.com\/index.php?rest_route=\/wp\/v2\/posts\/3546","targetHints":{"allow":["GET"]}}],"collection":[{"href":"https:\/\/www.macedoniapress.com\/index.php?rest_route=\/wp\/v2\/posts"}],"about":[{"href":"https:\/\/www.macedoniapress.com\/index.php?rest_route=\/wp\/v2\/types\/post"}],"author":[{"embeddable":true,"href":"https:\/\/www.macedoniapress.com\/index.php?rest_route=\/wp\/v2\/users\/2"}],"replies":[{"embeddable":true,"href":"https:\/\/www.macedoniapress.com\/index.php?rest_route=%2Fwp%2Fv2%2Fcomments&post=3546"}],"version-history":[{"count":1,"href":"https:\/\/www.macedoniapress.com\/index.php?rest_route=\/wp\/v2\/posts\/3546\/revisions"}],"predecessor-version":[{"id":3548,"href":"https:\/\/www.macedoniapress.com\/index.php?rest_route=\/wp\/v2\/posts\/3546\/revisions\/3548"}],"wp:featuredmedia":[{"embeddable":true,"href":"https:\/\/www.macedoniapress.com\/index.php?rest_route=\/wp\/v2\/media\/3547"}],"wp:attachment":[{"href":"https:\/\/www.macedoniapress.com\/index.php?rest_route=%2Fwp%2Fv2%2Fmedia&parent=3546"}],"wp:term":[{"taxonomy":"category","embeddable":true,"href":"https:\/\/www.macedoniapress.com\/index.php?rest_route=%2Fwp%2Fv2%2Fcategories&post=3546"},{"taxonomy":"post_tag","embeddable":true,"href":"https:\/\/www.macedoniapress.com\/index.php?rest_route=%2Fwp%2Fv2%2Ftags&post=3546"}],"curies":[{"name":"wp","href":"https:\/\/api.w.org\/{rel}","templated":true}]}}