{"id":3543,"date":"2026-04-29T11:59:18","date_gmt":"2026-04-29T09:59:18","guid":{"rendered":"https:\/\/www.macedoniapress.com\/?p=3543"},"modified":"2026-04-29T11:59:18","modified_gmt":"2026-04-29T09:59:18","slug":"mistrecat-e-dale-kohe-shfaqen-ne-shkup","status":"publish","type":"post","link":"https:\/\/www.macedoniapress.com\/?p=3543","title":{"rendered":"\u201c Mistrecat\u201d e dal\u00eb kohe, shfaqen n\u00eb Shkup"},"content":{"rendered":"<p>N\u00ebse thirrjet albanofobe t\u00eb nj\u00eb grupi me em\u00ebr \u201c Komiti\u201d l, t\u00eb tifoz\u00ebve n\u00eb ndeshjen Vardar-Tikvesh, do t\u00eb ishte nj\u00eb rast\u00ebsi e vetme, nuk do t\u00eb merrej fare n\u00eb vler\u00ebsim. Madje as ting\u00ebllimi kanibalesk i shprehjes:<\/p>\n<p>\u201cShqiptari i vdekur, shqiptari i mir\u00eb, o hej!\u201d!<br \/>\nPor kur v\u00ebren se kemi t\u00eb b\u00ebjm\u00eb me pamje koresh antishqiptare, t\u00eb organizuar dhe t\u00eb strukturuar, n\u00eb kund\u00ebrshti dhe shkelje flagrante t\u00eb ligjit themelor t\u00eb nj\u00eb republike t\u00eb mbajtur si \u201c k\u00ebpuc\u00eb e konsumuar\u201d fal\u00eb \u201c k\u00ebpucar\u00ebve\u201d, at\u00ebhere problemi \u00ebsht\u00eb endogjen.<br \/>\nN\u00eb Shkup, jo vet\u00ebm n\u00ebp\u00ebr stadiume, por edhe n\u00eb sjellje dhe gjeste politike, shum\u00ebshfaqen provokacione dhe incidente antishqiptare.<br \/>\nAktet fyese dhe substancialisht raciste antishqiptare, n\u00eb Maqedonin\u00eb e Veriut, jan\u00eb regres serioz q\u00eb mbart risk p\u00ebr bashk\u00ebjetes\u00ebn n\u00eb Ballkanin Per\u00ebndimor, jo vet\u00ebm e thjesht n\u00eb republik\u00ebn \u201ce arnuar\u201d, kandidate p\u00ebr n\u00eb BE.(!)<br \/>\nNj\u00eb muaj m\u00eb par\u00eb, k\u00ebsi thirrjesh u d\u00ebgjuan rishtazi n\u00eb nj\u00eb stadium dhe Ministria e Brendshme e RMV, vepr\u00ebn penale e \u201c nd\u00ebshkoi\u201d me gjoba si n\u00eb shkelje qarkullimi apo \u201chedhje mbeturinash jasht\u00eb koshit\u201d!<br \/>\nKjo ministri as sot, pas nj\u00eb muaji, nuk zbulon se cil\u00ebt jan\u00eb t\u00eb identifikuarit e atyre thirrjeve dhe korreve barbare antishqiptare.<br \/>\nN\u00eb gushtin e vitit 2025 rishtazi ndodhi e nj\u00ebjta sken\u00eb n\u00eb Kumanov\u00eb, madje n\u00eb prani t\u00eb kryeministrit Mickovski dhe vart\u00ebsit t\u00eb tij, Toshkovski.<br \/>\nK\u00ebtyre episodeve aq provokative ndaj shqiptar\u00ebve u shtohet s\u00eb fundi edhe gjesti thell\u00ebsisht provokativ i ministrit t\u00eb Mbrojtjes s\u00eb RMV, Vlado Misajlovski.<br \/>\nKy minist\u00ebr, zhvillon nj\u00eb ceremoni p\u00ebrkujtimore p\u00ebrpara memorialit t\u00eb Batalionit t\u00eb Forcave Speciale n\u00eb nderim t\u00eb kat\u00ebr pjes\u00ebtar\u00ebve t\u00eb ushtris\u00eb s\u00eb vrar\u00eb n\u00eb Vejc\u00eb n\u00eb vitin 2001. P\u00ebrulet dhe pantomimon para pllak\u00ebs q\u00eb i etiketon si \u201cterrorist\u00eb\u201d shqiptar\u00ebt e p\u00ebrfshir\u00eb n\u00eb k\u00ebt\u00eb konflikt, t\u00eb sh\u00ebnuar 25 vite m\u00eb par\u00eb, var\u00ebsisht se ka pasur viktima nga t\u00eb dyja pal\u00ebt.<br \/>\nGjesti zyrtar, pllaka e shkruar dhe sidomos reagimet e maqedonasve jan\u00eb mjaftueshm\u00ebrisht kund\u00ebr Marr\u00ebveshjes s\u00eb Ohrit, e cila ka sh\u00ebnuar nj\u00eb dakord\u00ebsi ekzistenciale p\u00ebr Maqedonin\u00eb e Veriut, mes maqedonasve dhe shqiptar\u00ebve. Teksti i memorialit, para t\u00eb cilit ministri i Mbrojtjes, maqedonasi Misalojvski, guxon e b\u00ebn veprim politik antishqiptar, nd\u00ebr t\u00eb tjerash ka edhe p\u00ebrmbajtjen:\u201d\u2026Ran\u00eb n\u00eb luft\u00eb kund\u00ebr terrorist\u00ebve shqiptar\u00eb m\u00eb 28.04.2001 n\u00eb rajonin e fshatit Vejc\u00eb\u201d. ( B\u00ebhet fjal\u00eb p\u00ebr luft\u00ebn e U\u00c7K)<br \/>\nK\u00ebto episode dhe shum\u00eb e shum\u00eb t\u00eb tjer\u00eb n\u00eb p\u00ebrditshm\u00ebri, d\u00ebshmojn\u00eb qartazi se molepsja raciste antishqiptare e maqedonasve provincial\u00eb, dhe jo vet\u00ebm, \u00ebsht\u00eb nj\u00eb problem bashk\u00ebjetese dhe standarti. Dhe meqen\u00ebse \u00ebsht\u00eb i till\u00eb, pra prapambetje n\u00eb standard bashk\u00ebjetese, institucionalizmi shqiptar, sidomos ai politik dhe nd\u00ebrshtet\u00ebror, do t\u00eb duhej t\u00eb kishte dhe t\u00eb ket\u00eb nj\u00eb qasje dhe reagim kryek\u00ebput t\u00eb ndrysh\u00ebm nga gjer m\u00eb sot.<br \/>\nKur themi se Maqedonia e Veriut ekziston pik\u00ebrisht prej shqiptar\u00ebve, kjo \u00ebsht\u00eb e vlefshme sa graviteti fizik p\u00ebr k\u00ebt\u00eb republik\u00eb.<br \/>\nMaqedonasit nuk jan\u00eb nd\u00ebrgjegj\u00ebsuar p\u00ebr k\u00ebt\u00eb dhe meritojn\u00eb t\u00eb marrin prova dinjitoze.<br \/>\nFaktori shqiptar n\u00eb jet\u00ebn institucionale te MV duhet t\u00eb d\u00ebshmoj\u00eb kapacitet dhe t\u00eb demonstroj\u00eb dinjitet\u2026!<br \/>\nMemoriale t\u00eb tilla n\u00ebp\u00ebr MV duhet te zhduken me ligj dhe me forc\u00ebn e nj\u00eb task force ligjore.<br \/>\nT\u00eb drejtat kushtetuese t\u00eb shqiptar\u00ebve jan\u00eb barazi shtetasish dhe meganj\u00ebsie etnike shtetformuese.<br \/>\nDiplomacia shqiptare, n\u00eb RMV, Shqip\u00ebri dhe Kosov\u00eb do t\u00eb duhej ta kishin kryer nj\u00eb raport faktmbledh\u00ebs me koh\u00eb n\u00eb partneritet institucional me Komisioner\u00ebt nd\u00ebrkomb\u00ebtar\u00eb dhe sidomos me Brukselin zyrtar.<br \/>\nMaqedonasit jan\u00eb t\u00eb pamjaftuesh\u00ebm p\u00ebr t\u00eb rikthyer edhe historin\u00eb e vjet\u00ebr t\u00eb Ballkanit me urrejtje, edhe mund\u00ebsin\u00eb e tyre raciste antishqiptare e sidomos diferencuese t\u00eb tyre.<br \/>\nLeksionin p\u00ebr demokracin\u00eb dhe sidomos dinjitetin, tashm\u00eb shqiptar\u00ebt kan\u00eb arsye t\u2019ua japin pa hezitim k\u00ebtyre fqinj\u00ebve, sidomos bashk\u00ebjetuesve shtet\u00ebror\u00eb t\u00eb tyre n\u00eb RM.<br \/>\n\u00cbsht\u00eb n\u00eb dinjitet t\u00eb shqiptar\u00ebve t\u00eb mos u l\u00ebn\u00eb asnj\u00eb grim\u00eb mund\u00ebsie si maqedonasve, ashtu edhe siv\u00ebllez\u00ebrve t\u00eb tyre n\u00ebp\u00ebr provinca t\u00eb rajonit, p\u00ebr t\u00eb p\u00ebrs\u00ebritur dhe manifestuar akte racizmi apo albanofobie.<br \/>\n\u00cbsht\u00eb koh\u00eb tjet\u00ebr dhe kan\u00eb \u201cnd\u00ebrruar pasqyrat\u201d, p\u00ebr t\u00eb par\u00eb \u00e7far\u00eb nuk p\u00ebrkon me k\u00ebt\u00eb koh\u00eb p\u00ebr rajonin.<br \/>\nMaqedonasit kan\u00eb arsye m\u00eb shum\u00eb se kushdo nd\u00ebr popujt e k\u00ebtyre trojeve ta p\u00ebrvet\u00ebsojn\u00eb vargun aksiomatik t\u00eb Pushkinit:\u201d Tek e shkuara nuk ka m\u00eb kthim!\u201d<\/p>\n","protected":false},"excerpt":{"rendered":"<p>N\u00ebse thirrjet albanofobe t\u00eb nj\u00eb grupi me em\u00ebr \u201c Komiti\u201d l, t\u00eb tifoz\u00ebve n\u00eb ndeshjen Vardar-Tikvesh, do t\u00eb ishte nj\u00eb rast\u00ebsi e vetme, nuk do t\u00eb merrej fare n\u00eb vler\u00ebsim. Madje as ting\u00ebllimi kanibalesk i shprehjes: \u201cShqiptari i vdekur, shqiptari i mir\u00eb, o hej!\u201d! Por kur v\u00ebren se kemi t\u00eb b\u00ebjm\u00eb me pamje koresh antishqiptare,&#8230;<\/p>\n","protected":false},"author":2,"featured_media":3544,"comment_status":"closed","ping_status":"open","sticky":false,"template":"","format":"standard","meta":{"footnotes":""},"categories":[1,5],"tags":[],"class_list":["post-3543","post","type-post","status-publish","format-standard","has-post-thumbnail","hentry","category-makedonija","category-rajoni"],"yoast_head":"<!-- This site is optimized with the Yoast SEO plugin v27.2 - https:\/\/yoast.com\/product\/yoast-seo-wordpress\/ -->\n<title>\u201c Mistrecat\u201d e dal\u00eb kohe, shfaqen n\u00eb Shkup - Macedonia Press<\/title>\n<meta name=\"robots\" content=\"index, follow, max-snippet:-1, max-image-preview:large, max-video-preview:-1\" \/>\n<link rel=\"canonical\" href=\"https:\/\/www.macedoniapress.com\/?p=3543\" \/>\n<meta property=\"og:locale\" content=\"en_US\" \/>\n<meta property=\"og:type\" content=\"article\" \/>\n<meta property=\"og:title\" content=\"\u201c Mistrecat\u201d e dal\u00eb kohe, shfaqen n\u00eb Shkup - Macedonia Press\" \/>\n<meta property=\"og:description\" content=\"N\u00ebse thirrjet albanofobe t\u00eb nj\u00eb grupi me em\u00ebr \u201c Komiti\u201d l, t\u00eb tifoz\u00ebve n\u00eb ndeshjen Vardar-Tikvesh, do t\u00eb ishte nj\u00eb rast\u00ebsi e vetme, nuk do t\u00eb merrej fare n\u00eb vler\u00ebsim. Madje as ting\u00ebllimi kanibalesk i shprehjes: \u201cShqiptari i vdekur, shqiptari i mir\u00eb, o hej!\u201d! Por kur v\u00ebren se kemi t\u00eb b\u00ebjm\u00eb me pamje koresh antishqiptare,...\" \/>\n<meta property=\"og:url\" content=\"https:\/\/www.macedoniapress.com\/?p=3543\" \/>\n<meta property=\"og:site_name\" content=\"Macedonia Press\" \/>\n<meta property=\"article:published_time\" content=\"2026-04-29T09:59:18+00:00\" \/>\n<meta property=\"og:image\" content=\"https:\/\/www.macedoniapress.com\/wp-content\/uploads\/2026\/04\/IMG_3036.jpeg\" \/>\n\t<meta property=\"og:image:width\" content=\"2048\" \/>\n\t<meta property=\"og:image:height\" content=\"2048\" \/>\n\t<meta property=\"og:image:type\" content=\"image\/jpeg\" \/>\n<meta name=\"author\" content=\"Macedonia Press\" \/>\n<meta name=\"twitter:card\" content=\"summary_large_image\" \/>\n<meta name=\"twitter:label1\" content=\"Written by\" \/>\n\t<meta name=\"twitter:data1\" content=\"Macedonia Press\" \/>\n\t<meta name=\"twitter:label2\" content=\"Est. reading time\" \/>\n\t<meta name=\"twitter:data2\" content=\"4 minutes\" \/>\n<script type=\"application\/ld+json\" class=\"yoast-schema-graph\">{\"@context\":\"https:\/\/schema.org\",\"@graph\":[{\"@type\":\"Article\",\"@id\":\"https:\/\/www.macedoniapress.com\/?p=3543#article\",\"isPartOf\":{\"@id\":\"https:\/\/www.macedoniapress.com\/?p=3543\"},\"author\":{\"name\":\"Macedonia Press\",\"@id\":\"https:\/\/www.macedoniapress.com\/#\/schema\/person\/060101f54fa08b58b8847d6f8536f977\"},\"headline\":\"\u201c Mistrecat\u201d e dal\u00eb kohe, shfaqen n\u00eb Shkup\",\"datePublished\":\"2026-04-29T09:59:18+00:00\",\"mainEntityOfPage\":{\"@id\":\"https:\/\/www.macedoniapress.com\/?p=3543\"},\"wordCount\":787,\"publisher\":{\"@id\":\"https:\/\/www.macedoniapress.com\/#organization\"},\"image\":{\"@id\":\"https:\/\/www.macedoniapress.com\/?p=3543#primaryimage\"},\"thumbnailUrl\":\"https:\/\/www.macedoniapress.com\/wp-content\/uploads\/2026\/04\/IMG_3036.jpeg\",\"articleSection\":[\"MAQEDONI\",\"RAJONI\"],\"inLanguage\":\"en-US\"},{\"@type\":\"WebPage\",\"@id\":\"https:\/\/www.macedoniapress.com\/?p=3543\",\"url\":\"https:\/\/www.macedoniapress.com\/?p=3543\",\"name\":\"\u201c Mistrecat\u201d e dal\u00eb kohe, shfaqen n\u00eb Shkup - Macedonia Press\",\"isPartOf\":{\"@id\":\"https:\/\/www.macedoniapress.com\/#website\"},\"primaryImageOfPage\":{\"@id\":\"https:\/\/www.macedoniapress.com\/?p=3543#primaryimage\"},\"image\":{\"@id\":\"https:\/\/www.macedoniapress.com\/?p=3543#primaryimage\"},\"thumbnailUrl\":\"https:\/\/www.macedoniapress.com\/wp-content\/uploads\/2026\/04\/IMG_3036.jpeg\",\"datePublished\":\"2026-04-29T09:59:18+00:00\",\"breadcrumb\":{\"@id\":\"https:\/\/www.macedoniapress.com\/?p=3543#breadcrumb\"},\"inLanguage\":\"en-US\",\"potentialAction\":[{\"@type\":\"ReadAction\",\"target\":[\"https:\/\/www.macedoniapress.com\/?p=3543\"]}]},{\"@type\":\"ImageObject\",\"inLanguage\":\"en-US\",\"@id\":\"https:\/\/www.macedoniapress.com\/?p=3543#primaryimage\",\"url\":\"https:\/\/www.macedoniapress.com\/wp-content\/uploads\/2026\/04\/IMG_3036.jpeg\",\"contentUrl\":\"https:\/\/www.macedoniapress.com\/wp-content\/uploads\/2026\/04\/IMG_3036.jpeg\",\"width\":2048,\"height\":2048},{\"@type\":\"BreadcrumbList\",\"@id\":\"https:\/\/www.macedoniapress.com\/?p=3543#breadcrumb\",\"itemListElement\":[{\"@type\":\"ListItem\",\"position\":1,\"name\":\"Home\",\"item\":\"https:\/\/www.macedoniapress.com\/\"},{\"@type\":\"ListItem\",\"position\":2,\"name\":\"\u201c Mistrecat\u201d e dal\u00eb kohe, shfaqen n\u00eb Shkup\"}]},{\"@type\":\"WebSite\",\"@id\":\"https:\/\/www.macedoniapress.com\/#website\",\"url\":\"https:\/\/www.macedoniapress.com\/\",\"name\":\"Macedonia Press\",\"description\":\"macedoniapress.com\",\"publisher\":{\"@id\":\"https:\/\/www.macedoniapress.com\/#organization\"},\"potentialAction\":[{\"@type\":\"SearchAction\",\"target\":{\"@type\":\"EntryPoint\",\"urlTemplate\":\"https:\/\/www.macedoniapress.com\/?s={search_term_string}\"},\"query-input\":{\"@type\":\"PropertyValueSpecification\",\"valueRequired\":true,\"valueName\":\"search_term_string\"}}],\"inLanguage\":\"en-US\"},{\"@type\":\"Organization\",\"@id\":\"https:\/\/www.macedoniapress.com\/#organization\",\"name\":\"Macedonia Press\",\"url\":\"https:\/\/www.macedoniapress.com\/\",\"logo\":{\"@type\":\"ImageObject\",\"inLanguage\":\"en-US\",\"@id\":\"https:\/\/www.macedoniapress.com\/#\/schema\/logo\/image\/\",\"url\":\"https:\/\/www.macedoniapress.com\/wp-content\/uploads\/2025\/09\/21440B89-8EAC-4476-9403-469F5CA0CDC8.png\",\"contentUrl\":\"https:\/\/www.macedoniapress.com\/wp-content\/uploads\/2025\/09\/21440B89-8EAC-4476-9403-469F5CA0CDC8.png\",\"width\":1536,\"height\":1024,\"caption\":\"Macedonia Press\"},\"image\":{\"@id\":\"https:\/\/www.macedoniapress.com\/#\/schema\/logo\/image\/\"}},{\"@type\":\"Person\",\"@id\":\"https:\/\/www.macedoniapress.com\/#\/schema\/person\/060101f54fa08b58b8847d6f8536f977\",\"name\":\"Macedonia Press\",\"url\":\"https:\/\/www.macedoniapress.com\/?author=2\"}]}<\/script>\n<!-- \/ Yoast SEO plugin. -->","yoast_head_json":{"title":"\u201c Mistrecat\u201d e dal\u00eb kohe, shfaqen n\u00eb Shkup - Macedonia Press","robots":{"index":"index","follow":"follow","max-snippet":"max-snippet:-1","max-image-preview":"max-image-preview:large","max-video-preview":"max-video-preview:-1"},"canonical":"https:\/\/www.macedoniapress.com\/?p=3543","og_locale":"en_US","og_type":"article","og_title":"\u201c Mistrecat\u201d e dal\u00eb kohe, shfaqen n\u00eb Shkup - Macedonia Press","og_description":"N\u00ebse thirrjet albanofobe t\u00eb nj\u00eb grupi me em\u00ebr \u201c Komiti\u201d l, t\u00eb tifoz\u00ebve n\u00eb ndeshjen Vardar-Tikvesh, do t\u00eb ishte nj\u00eb rast\u00ebsi e vetme, nuk do t\u00eb merrej fare n\u00eb vler\u00ebsim. Madje as ting\u00ebllimi kanibalesk i shprehjes: \u201cShqiptari i vdekur, shqiptari i mir\u00eb, o hej!\u201d! Por kur v\u00ebren se kemi t\u00eb b\u00ebjm\u00eb me pamje koresh antishqiptare,...","og_url":"https:\/\/www.macedoniapress.com\/?p=3543","og_site_name":"Macedonia Press","article_published_time":"2026-04-29T09:59:18+00:00","og_image":[{"width":2048,"height":2048,"url":"https:\/\/www.macedoniapress.com\/wp-content\/uploads\/2026\/04\/IMG_3036.jpeg","type":"image\/jpeg"}],"author":"Macedonia Press","twitter_card":"summary_large_image","twitter_misc":{"Written by":"Macedonia Press","Est. reading time":"4 minutes"},"schema":{"@context":"https:\/\/schema.org","@graph":[{"@type":"Article","@id":"https:\/\/www.macedoniapress.com\/?p=3543#article","isPartOf":{"@id":"https:\/\/www.macedoniapress.com\/?p=3543"},"author":{"name":"Macedonia Press","@id":"https:\/\/www.macedoniapress.com\/#\/schema\/person\/060101f54fa08b58b8847d6f8536f977"},"headline":"\u201c Mistrecat\u201d e dal\u00eb kohe, shfaqen n\u00eb Shkup","datePublished":"2026-04-29T09:59:18+00:00","mainEntityOfPage":{"@id":"https:\/\/www.macedoniapress.com\/?p=3543"},"wordCount":787,"publisher":{"@id":"https:\/\/www.macedoniapress.com\/#organization"},"image":{"@id":"https:\/\/www.macedoniapress.com\/?p=3543#primaryimage"},"thumbnailUrl":"https:\/\/www.macedoniapress.com\/wp-content\/uploads\/2026\/04\/IMG_3036.jpeg","articleSection":["MAQEDONI","RAJONI"],"inLanguage":"en-US"},{"@type":"WebPage","@id":"https:\/\/www.macedoniapress.com\/?p=3543","url":"https:\/\/www.macedoniapress.com\/?p=3543","name":"\u201c Mistrecat\u201d e dal\u00eb kohe, shfaqen n\u00eb Shkup - Macedonia Press","isPartOf":{"@id":"https:\/\/www.macedoniapress.com\/#website"},"primaryImageOfPage":{"@id":"https:\/\/www.macedoniapress.com\/?p=3543#primaryimage"},"image":{"@id":"https:\/\/www.macedoniapress.com\/?p=3543#primaryimage"},"thumbnailUrl":"https:\/\/www.macedoniapress.com\/wp-content\/uploads\/2026\/04\/IMG_3036.jpeg","datePublished":"2026-04-29T09:59:18+00:00","breadcrumb":{"@id":"https:\/\/www.macedoniapress.com\/?p=3543#breadcrumb"},"inLanguage":"en-US","potentialAction":[{"@type":"ReadAction","target":["https:\/\/www.macedoniapress.com\/?p=3543"]}]},{"@type":"ImageObject","inLanguage":"en-US","@id":"https:\/\/www.macedoniapress.com\/?p=3543#primaryimage","url":"https:\/\/www.macedoniapress.com\/wp-content\/uploads\/2026\/04\/IMG_3036.jpeg","contentUrl":"https:\/\/www.macedoniapress.com\/wp-content\/uploads\/2026\/04\/IMG_3036.jpeg","width":2048,"height":2048},{"@type":"BreadcrumbList","@id":"https:\/\/www.macedoniapress.com\/?p=3543#breadcrumb","itemListElement":[{"@type":"ListItem","position":1,"name":"Home","item":"https:\/\/www.macedoniapress.com\/"},{"@type":"ListItem","position":2,"name":"\u201c Mistrecat\u201d e dal\u00eb kohe, shfaqen n\u00eb Shkup"}]},{"@type":"WebSite","@id":"https:\/\/www.macedoniapress.com\/#website","url":"https:\/\/www.macedoniapress.com\/","name":"Macedonia Press","description":"macedoniapress.com","publisher":{"@id":"https:\/\/www.macedoniapress.com\/#organization"},"potentialAction":[{"@type":"SearchAction","target":{"@type":"EntryPoint","urlTemplate":"https:\/\/www.macedoniapress.com\/?s={search_term_string}"},"query-input":{"@type":"PropertyValueSpecification","valueRequired":true,"valueName":"search_term_string"}}],"inLanguage":"en-US"},{"@type":"Organization","@id":"https:\/\/www.macedoniapress.com\/#organization","name":"Macedonia Press","url":"https:\/\/www.macedoniapress.com\/","logo":{"@type":"ImageObject","inLanguage":"en-US","@id":"https:\/\/www.macedoniapress.com\/#\/schema\/logo\/image\/","url":"https:\/\/www.macedoniapress.com\/wp-content\/uploads\/2025\/09\/21440B89-8EAC-4476-9403-469F5CA0CDC8.png","contentUrl":"https:\/\/www.macedoniapress.com\/wp-content\/uploads\/2025\/09\/21440B89-8EAC-4476-9403-469F5CA0CDC8.png","width":1536,"height":1024,"caption":"Macedonia Press"},"image":{"@id":"https:\/\/www.macedoniapress.com\/#\/schema\/logo\/image\/"}},{"@type":"Person","@id":"https:\/\/www.macedoniapress.com\/#\/schema\/person\/060101f54fa08b58b8847d6f8536f977","name":"Macedonia Press","url":"https:\/\/www.macedoniapress.com\/?author=2"}]}},"_links":{"self":[{"href":"https:\/\/www.macedoniapress.com\/index.php?rest_route=\/wp\/v2\/posts\/3543","targetHints":{"allow":["GET"]}}],"collection":[{"href":"https:\/\/www.macedoniapress.com\/index.php?rest_route=\/wp\/v2\/posts"}],"about":[{"href":"https:\/\/www.macedoniapress.com\/index.php?rest_route=\/wp\/v2\/types\/post"}],"author":[{"embeddable":true,"href":"https:\/\/www.macedoniapress.com\/index.php?rest_route=\/wp\/v2\/users\/2"}],"replies":[{"embeddable":true,"href":"https:\/\/www.macedoniapress.com\/index.php?rest_route=%2Fwp%2Fv2%2Fcomments&post=3543"}],"version-history":[{"count":1,"href":"https:\/\/www.macedoniapress.com\/index.php?rest_route=\/wp\/v2\/posts\/3543\/revisions"}],"predecessor-version":[{"id":3545,"href":"https:\/\/www.macedoniapress.com\/index.php?rest_route=\/wp\/v2\/posts\/3543\/revisions\/3545"}],"wp:featuredmedia":[{"embeddable":true,"href":"https:\/\/www.macedoniapress.com\/index.php?rest_route=\/wp\/v2\/media\/3544"}],"wp:attachment":[{"href":"https:\/\/www.macedoniapress.com\/index.php?rest_route=%2Fwp%2Fv2%2Fmedia&parent=3543"}],"wp:term":[{"taxonomy":"category","embeddable":true,"href":"https:\/\/www.macedoniapress.com\/index.php?rest_route=%2Fwp%2Fv2%2Fcategories&post=3543"},{"taxonomy":"post_tag","embeddable":true,"href":"https:\/\/www.macedoniapress.com\/index.php?rest_route=%2Fwp%2Fv2%2Ftags&post=3543"}],"curies":[{"name":"wp","href":"https:\/\/api.w.org\/{rel}","templated":true}]}}