{"id":3536,"date":"2026-04-28T18:35:49","date_gmt":"2026-04-28T16:35:49","guid":{"rendered":"https:\/\/www.macedoniapress.com\/?p=3536"},"modified":"2026-04-28T18:35:49","modified_gmt":"2026-04-28T16:35:49","slug":"arrestohet-aktivisti-i-rinise-se-kuqe-te-partise-levica-pas-shfaqjes-se-flamurit-palestinez-ne-ndeshjen-maqedoni-israel","status":"publish","type":"post","link":"https:\/\/www.macedoniapress.com\/?p=3536","title":{"rendered":"Arrestohet aktivisti i Rinis\u00eb s\u00eb Kuqe t\u00eb partis\u00eb &#8220;Levica&#8221;, pas shfaqjes s\u00eb flamurit palestinez n\u00eb ndeshjen Maqedoni-Israel"},"content":{"rendered":"<p>Pak m\u00eb par\u00eb, n\u00eb ndeshjen e sotme t\u00eb hendbollit Maqedoni\u2013Izrael, kryetari i t\u00eb rinjve t\u00eb Levic\u00ebs \u2013 Rinia e Kuqe, Andrej Kuculovski, u ndalua nga policia p\u00ebr shkak t\u00eb shfaqjes paq\u00ebsore dhe dinjitoze t\u00eb flamurit t\u00eb Palestin\u00ebs, sikur t\u00eb b\u00ebhej fjal\u00eb p\u00ebr nj\u00eb kriminel t\u00eb rreziksh\u00ebm!<\/p>\n<p>Pa asnj\u00eb arsyetim, pa u dh\u00ebn\u00eb baz\u00eb p\u00ebr ndalimin, pa u p\u00ebrmendur ndonj\u00eb vep\u00ebr penale apo kund\u00ebrvajtje \u2013 ai u shty me forc\u00eb dhe me pranga u d\u00ebrgua n\u00eb stacion policor. Gjat\u00eb gjith\u00eb k\u00ebtij veprimi, asnj\u00eb nga polic\u00ebt nuk u legjitimua.<\/p>\n<p>Dhe nd\u00ebrkoh\u00eb q\u00eb DPMNE-s\u00eb dhe ministrit Pan\u00e7e Toshkovski u \u201crr\u00ebshqasin\u201d dhe u ikin kriminel\u00ebt e v\u00ebrtet\u00eb, policia n\u00ebn p\u00ebrgjegj\u00ebsin\u00eb e tij demonstron forc\u00eb ndaj t\u00eb rinjve q\u00eb nuk kan\u00eb b\u00ebr\u00eb asgj\u00eb tjet\u00ebr p\u00ebrve\u00e7se kan\u00eb shprehur humaniz\u00ebm.<\/p>\n<p>Levic\u00eb do t\u00eb nd\u00ebrmarr\u00eb t\u00eb gjitha mekanizmat e mundsh\u00ebm juridik\u00eb dhe institucional\u00eb p\u00ebr k\u00ebt\u00eb skandal.<\/p>\n<p>DPMNE sot arreston p\u00ebr flamur, nes\u00ebr do t\u00eb arrestoj\u00eb p\u00ebr mendim!<\/p>\n","protected":false},"excerpt":{"rendered":"<p>Pak m\u00eb par\u00eb, n\u00eb ndeshjen e sotme t\u00eb hendbollit Maqedoni\u2013Izrael, kryetari i t\u00eb rinjve t\u00eb Levic\u00ebs \u2013 Rinia e Kuqe, Andrej Kuculovski, u ndalua nga policia p\u00ebr shkak t\u00eb shfaqjes paq\u00ebsore dhe dinjitoze t\u00eb flamurit t\u00eb Palestin\u00ebs, sikur t\u00eb b\u00ebhej fjal\u00eb p\u00ebr nj\u00eb kriminel t\u00eb rreziksh\u00ebm! Pa asnj\u00eb arsyetim, pa u dh\u00ebn\u00eb baz\u00eb p\u00ebr ndalimin,&#8230;<\/p>\n","protected":false},"author":2,"featured_media":3537,"comment_status":"closed","ping_status":"open","sticky":false,"template":"","format":"standard","meta":{"footnotes":""},"categories":[1],"tags":[],"class_list":["post-3536","post","type-post","status-publish","format-standard","has-post-thumbnail","hentry","category-makedonija"],"yoast_head":"<!-- This site is optimized with the Yoast SEO plugin v27.2 - https:\/\/yoast.com\/product\/yoast-seo-wordpress\/ -->\n<title>Arrestohet aktivisti i Rinis\u00eb s\u00eb Kuqe t\u00eb partis\u00eb &quot;Levica&quot;, pas shfaqjes s\u00eb flamurit palestinez n\u00eb ndeshjen Maqedoni-Israel - Macedonia Press<\/title>\n<meta name=\"robots\" content=\"index, follow, max-snippet:-1, max-image-preview:large, max-video-preview:-1\" \/>\n<link rel=\"canonical\" href=\"https:\/\/www.macedoniapress.com\/?p=3536\" \/>\n<meta property=\"og:locale\" content=\"en_US\" \/>\n<meta property=\"og:type\" content=\"article\" \/>\n<meta property=\"og:title\" content=\"Arrestohet aktivisti i Rinis\u00eb s\u00eb Kuqe t\u00eb partis\u00eb &quot;Levica&quot;, pas shfaqjes s\u00eb flamurit palestinez n\u00eb ndeshjen Maqedoni-Israel - Macedonia Press\" \/>\n<meta property=\"og:description\" content=\"Pak m\u00eb par\u00eb, n\u00eb ndeshjen e sotme t\u00eb hendbollit Maqedoni\u2013Izrael, kryetari i t\u00eb rinjve t\u00eb Levic\u00ebs \u2013 Rinia e Kuqe, Andrej Kuculovski, u ndalua nga policia p\u00ebr shkak t\u00eb shfaqjes paq\u00ebsore dhe dinjitoze t\u00eb flamurit t\u00eb Palestin\u00ebs, sikur t\u00eb b\u00ebhej fjal\u00eb p\u00ebr nj\u00eb kriminel t\u00eb rreziksh\u00ebm! Pa asnj\u00eb arsyetim, pa u dh\u00ebn\u00eb baz\u00eb p\u00ebr ndalimin,...\" \/>\n<meta property=\"og:url\" content=\"https:\/\/www.macedoniapress.com\/?p=3536\" \/>\n<meta property=\"og:site_name\" content=\"Macedonia Press\" \/>\n<meta property=\"article:published_time\" content=\"2026-04-28T16:35:49+00:00\" \/>\n<meta property=\"og:image\" content=\"https:\/\/www.macedoniapress.com\/wp-content\/uploads\/2026\/04\/IMG_3021.jpeg\" \/>\n\t<meta property=\"og:image:width\" content=\"1206\" \/>\n\t<meta property=\"og:image:height\" content=\"1024\" \/>\n\t<meta property=\"og:image:type\" content=\"image\/jpeg\" \/>\n<meta name=\"author\" content=\"Macedonia Press\" \/>\n<meta name=\"twitter:card\" content=\"summary_large_image\" \/>\n<meta name=\"twitter:label1\" content=\"Written by\" \/>\n\t<meta name=\"twitter:data1\" content=\"Macedonia Press\" \/>\n\t<meta name=\"twitter:label2\" content=\"Est. reading time\" \/>\n\t<meta name=\"twitter:data2\" content=\"1 minute\" \/>\n<script type=\"application\/ld+json\" class=\"yoast-schema-graph\">{\"@context\":\"https:\/\/schema.org\",\"@graph\":[{\"@type\":\"Article\",\"@id\":\"https:\/\/www.macedoniapress.com\/?p=3536#article\",\"isPartOf\":{\"@id\":\"https:\/\/www.macedoniapress.com\/?p=3536\"},\"author\":{\"name\":\"Macedonia Press\",\"@id\":\"https:\/\/www.macedoniapress.com\/#\/schema\/person\/060101f54fa08b58b8847d6f8536f977\"},\"headline\":\"Arrestohet aktivisti i Rinis\u00eb s\u00eb Kuqe t\u00eb partis\u00eb &#8220;Levica&#8221;, pas shfaqjes s\u00eb flamurit palestinez n\u00eb ndeshjen Maqedoni-Israel\",\"datePublished\":\"2026-04-28T16:35:49+00:00\",\"mainEntityOfPage\":{\"@id\":\"https:\/\/www.macedoniapress.com\/?p=3536\"},\"wordCount\":200,\"publisher\":{\"@id\":\"https:\/\/www.macedoniapress.com\/#organization\"},\"image\":{\"@id\":\"https:\/\/www.macedoniapress.com\/?p=3536#primaryimage\"},\"thumbnailUrl\":\"https:\/\/www.macedoniapress.com\/wp-content\/uploads\/2026\/04\/IMG_3021.jpeg\",\"articleSection\":[\"MAQEDONI\"],\"inLanguage\":\"en-US\"},{\"@type\":\"WebPage\",\"@id\":\"https:\/\/www.macedoniapress.com\/?p=3536\",\"url\":\"https:\/\/www.macedoniapress.com\/?p=3536\",\"name\":\"Arrestohet aktivisti i Rinis\u00eb s\u00eb Kuqe t\u00eb partis\u00eb \\\"Levica\\\", pas shfaqjes s\u00eb flamurit palestinez n\u00eb ndeshjen Maqedoni-Israel - Macedonia Press\",\"isPartOf\":{\"@id\":\"https:\/\/www.macedoniapress.com\/#website\"},\"primaryImageOfPage\":{\"@id\":\"https:\/\/www.macedoniapress.com\/?p=3536#primaryimage\"},\"image\":{\"@id\":\"https:\/\/www.macedoniapress.com\/?p=3536#primaryimage\"},\"thumbnailUrl\":\"https:\/\/www.macedoniapress.com\/wp-content\/uploads\/2026\/04\/IMG_3021.jpeg\",\"datePublished\":\"2026-04-28T16:35:49+00:00\",\"breadcrumb\":{\"@id\":\"https:\/\/www.macedoniapress.com\/?p=3536#breadcrumb\"},\"inLanguage\":\"en-US\",\"potentialAction\":[{\"@type\":\"ReadAction\",\"target\":[\"https:\/\/www.macedoniapress.com\/?p=3536\"]}]},{\"@type\":\"ImageObject\",\"inLanguage\":\"en-US\",\"@id\":\"https:\/\/www.macedoniapress.com\/?p=3536#primaryimage\",\"url\":\"https:\/\/www.macedoniapress.com\/wp-content\/uploads\/2026\/04\/IMG_3021.jpeg\",\"contentUrl\":\"https:\/\/www.macedoniapress.com\/wp-content\/uploads\/2026\/04\/IMG_3021.jpeg\",\"width\":1206,\"height\":1024,\"caption\":\"Screenshot\"},{\"@type\":\"BreadcrumbList\",\"@id\":\"https:\/\/www.macedoniapress.com\/?p=3536#breadcrumb\",\"itemListElement\":[{\"@type\":\"ListItem\",\"position\":1,\"name\":\"Home\",\"item\":\"https:\/\/www.macedoniapress.com\/\"},{\"@type\":\"ListItem\",\"position\":2,\"name\":\"Arrestohet aktivisti i Rinis\u00eb s\u00eb Kuqe t\u00eb partis\u00eb &#8220;Levica&#8221;, pas shfaqjes s\u00eb flamurit palestinez n\u00eb ndeshjen Maqedoni-Israel\"}]},{\"@type\":\"WebSite\",\"@id\":\"https:\/\/www.macedoniapress.com\/#website\",\"url\":\"https:\/\/www.macedoniapress.com\/\",\"name\":\"Macedonia Press\",\"description\":\"macedoniapress.com\",\"publisher\":{\"@id\":\"https:\/\/www.macedoniapress.com\/#organization\"},\"potentialAction\":[{\"@type\":\"SearchAction\",\"target\":{\"@type\":\"EntryPoint\",\"urlTemplate\":\"https:\/\/www.macedoniapress.com\/?s={search_term_string}\"},\"query-input\":{\"@type\":\"PropertyValueSpecification\",\"valueRequired\":true,\"valueName\":\"search_term_string\"}}],\"inLanguage\":\"en-US\"},{\"@type\":\"Organization\",\"@id\":\"https:\/\/www.macedoniapress.com\/#organization\",\"name\":\"Macedonia Press\",\"url\":\"https:\/\/www.macedoniapress.com\/\",\"logo\":{\"@type\":\"ImageObject\",\"inLanguage\":\"en-US\",\"@id\":\"https:\/\/www.macedoniapress.com\/#\/schema\/logo\/image\/\",\"url\":\"https:\/\/www.macedoniapress.com\/wp-content\/uploads\/2025\/09\/21440B89-8EAC-4476-9403-469F5CA0CDC8.png\",\"contentUrl\":\"https:\/\/www.macedoniapress.com\/wp-content\/uploads\/2025\/09\/21440B89-8EAC-4476-9403-469F5CA0CDC8.png\",\"width\":1536,\"height\":1024,\"caption\":\"Macedonia Press\"},\"image\":{\"@id\":\"https:\/\/www.macedoniapress.com\/#\/schema\/logo\/image\/\"}},{\"@type\":\"Person\",\"@id\":\"https:\/\/www.macedoniapress.com\/#\/schema\/person\/060101f54fa08b58b8847d6f8536f977\",\"name\":\"Macedonia Press\",\"url\":\"https:\/\/www.macedoniapress.com\/?author=2\"}]}<\/script>\n<!-- \/ Yoast SEO plugin. -->","yoast_head_json":{"title":"Arrestohet aktivisti i Rinis\u00eb s\u00eb Kuqe t\u00eb partis\u00eb \"Levica\", pas shfaqjes s\u00eb flamurit palestinez n\u00eb ndeshjen Maqedoni-Israel - Macedonia Press","robots":{"index":"index","follow":"follow","max-snippet":"max-snippet:-1","max-image-preview":"max-image-preview:large","max-video-preview":"max-video-preview:-1"},"canonical":"https:\/\/www.macedoniapress.com\/?p=3536","og_locale":"en_US","og_type":"article","og_title":"Arrestohet aktivisti i Rinis\u00eb s\u00eb Kuqe t\u00eb partis\u00eb \"Levica\", pas shfaqjes s\u00eb flamurit palestinez n\u00eb ndeshjen Maqedoni-Israel - Macedonia Press","og_description":"Pak m\u00eb par\u00eb, n\u00eb ndeshjen e sotme t\u00eb hendbollit Maqedoni\u2013Izrael, kryetari i t\u00eb rinjve t\u00eb Levic\u00ebs \u2013 Rinia e Kuqe, Andrej Kuculovski, u ndalua nga policia p\u00ebr shkak t\u00eb shfaqjes paq\u00ebsore dhe dinjitoze t\u00eb flamurit t\u00eb Palestin\u00ebs, sikur t\u00eb b\u00ebhej fjal\u00eb p\u00ebr nj\u00eb kriminel t\u00eb rreziksh\u00ebm! Pa asnj\u00eb arsyetim, pa u dh\u00ebn\u00eb baz\u00eb p\u00ebr ndalimin,...","og_url":"https:\/\/www.macedoniapress.com\/?p=3536","og_site_name":"Macedonia Press","article_published_time":"2026-04-28T16:35:49+00:00","og_image":[{"width":1206,"height":1024,"url":"https:\/\/www.macedoniapress.com\/wp-content\/uploads\/2026\/04\/IMG_3021.jpeg","type":"image\/jpeg"}],"author":"Macedonia Press","twitter_card":"summary_large_image","twitter_misc":{"Written by":"Macedonia Press","Est. reading time":"1 minute"},"schema":{"@context":"https:\/\/schema.org","@graph":[{"@type":"Article","@id":"https:\/\/www.macedoniapress.com\/?p=3536#article","isPartOf":{"@id":"https:\/\/www.macedoniapress.com\/?p=3536"},"author":{"name":"Macedonia Press","@id":"https:\/\/www.macedoniapress.com\/#\/schema\/person\/060101f54fa08b58b8847d6f8536f977"},"headline":"Arrestohet aktivisti i Rinis\u00eb s\u00eb Kuqe t\u00eb partis\u00eb &#8220;Levica&#8221;, pas shfaqjes s\u00eb flamurit palestinez n\u00eb ndeshjen Maqedoni-Israel","datePublished":"2026-04-28T16:35:49+00:00","mainEntityOfPage":{"@id":"https:\/\/www.macedoniapress.com\/?p=3536"},"wordCount":200,"publisher":{"@id":"https:\/\/www.macedoniapress.com\/#organization"},"image":{"@id":"https:\/\/www.macedoniapress.com\/?p=3536#primaryimage"},"thumbnailUrl":"https:\/\/www.macedoniapress.com\/wp-content\/uploads\/2026\/04\/IMG_3021.jpeg","articleSection":["MAQEDONI"],"inLanguage":"en-US"},{"@type":"WebPage","@id":"https:\/\/www.macedoniapress.com\/?p=3536","url":"https:\/\/www.macedoniapress.com\/?p=3536","name":"Arrestohet aktivisti i Rinis\u00eb s\u00eb Kuqe t\u00eb partis\u00eb \"Levica\", pas shfaqjes s\u00eb flamurit palestinez n\u00eb ndeshjen Maqedoni-Israel - Macedonia Press","isPartOf":{"@id":"https:\/\/www.macedoniapress.com\/#website"},"primaryImageOfPage":{"@id":"https:\/\/www.macedoniapress.com\/?p=3536#primaryimage"},"image":{"@id":"https:\/\/www.macedoniapress.com\/?p=3536#primaryimage"},"thumbnailUrl":"https:\/\/www.macedoniapress.com\/wp-content\/uploads\/2026\/04\/IMG_3021.jpeg","datePublished":"2026-04-28T16:35:49+00:00","breadcrumb":{"@id":"https:\/\/www.macedoniapress.com\/?p=3536#breadcrumb"},"inLanguage":"en-US","potentialAction":[{"@type":"ReadAction","target":["https:\/\/www.macedoniapress.com\/?p=3536"]}]},{"@type":"ImageObject","inLanguage":"en-US","@id":"https:\/\/www.macedoniapress.com\/?p=3536#primaryimage","url":"https:\/\/www.macedoniapress.com\/wp-content\/uploads\/2026\/04\/IMG_3021.jpeg","contentUrl":"https:\/\/www.macedoniapress.com\/wp-content\/uploads\/2026\/04\/IMG_3021.jpeg","width":1206,"height":1024,"caption":"Screenshot"},{"@type":"BreadcrumbList","@id":"https:\/\/www.macedoniapress.com\/?p=3536#breadcrumb","itemListElement":[{"@type":"ListItem","position":1,"name":"Home","item":"https:\/\/www.macedoniapress.com\/"},{"@type":"ListItem","position":2,"name":"Arrestohet aktivisti i Rinis\u00eb s\u00eb Kuqe t\u00eb partis\u00eb &#8220;Levica&#8221;, pas shfaqjes s\u00eb flamurit palestinez n\u00eb ndeshjen Maqedoni-Israel"}]},{"@type":"WebSite","@id":"https:\/\/www.macedoniapress.com\/#website","url":"https:\/\/www.macedoniapress.com\/","name":"Macedonia Press","description":"macedoniapress.com","publisher":{"@id":"https:\/\/www.macedoniapress.com\/#organization"},"potentialAction":[{"@type":"SearchAction","target":{"@type":"EntryPoint","urlTemplate":"https:\/\/www.macedoniapress.com\/?s={search_term_string}"},"query-input":{"@type":"PropertyValueSpecification","valueRequired":true,"valueName":"search_term_string"}}],"inLanguage":"en-US"},{"@type":"Organization","@id":"https:\/\/www.macedoniapress.com\/#organization","name":"Macedonia Press","url":"https:\/\/www.macedoniapress.com\/","logo":{"@type":"ImageObject","inLanguage":"en-US","@id":"https:\/\/www.macedoniapress.com\/#\/schema\/logo\/image\/","url":"https:\/\/www.macedoniapress.com\/wp-content\/uploads\/2025\/09\/21440B89-8EAC-4476-9403-469F5CA0CDC8.png","contentUrl":"https:\/\/www.macedoniapress.com\/wp-content\/uploads\/2025\/09\/21440B89-8EAC-4476-9403-469F5CA0CDC8.png","width":1536,"height":1024,"caption":"Macedonia Press"},"image":{"@id":"https:\/\/www.macedoniapress.com\/#\/schema\/logo\/image\/"}},{"@type":"Person","@id":"https:\/\/www.macedoniapress.com\/#\/schema\/person\/060101f54fa08b58b8847d6f8536f977","name":"Macedonia Press","url":"https:\/\/www.macedoniapress.com\/?author=2"}]}},"_links":{"self":[{"href":"https:\/\/www.macedoniapress.com\/index.php?rest_route=\/wp\/v2\/posts\/3536","targetHints":{"allow":["GET"]}}],"collection":[{"href":"https:\/\/www.macedoniapress.com\/index.php?rest_route=\/wp\/v2\/posts"}],"about":[{"href":"https:\/\/www.macedoniapress.com\/index.php?rest_route=\/wp\/v2\/types\/post"}],"author":[{"embeddable":true,"href":"https:\/\/www.macedoniapress.com\/index.php?rest_route=\/wp\/v2\/users\/2"}],"replies":[{"embeddable":true,"href":"https:\/\/www.macedoniapress.com\/index.php?rest_route=%2Fwp%2Fv2%2Fcomments&post=3536"}],"version-history":[{"count":1,"href":"https:\/\/www.macedoniapress.com\/index.php?rest_route=\/wp\/v2\/posts\/3536\/revisions"}],"predecessor-version":[{"id":3538,"href":"https:\/\/www.macedoniapress.com\/index.php?rest_route=\/wp\/v2\/posts\/3536\/revisions\/3538"}],"wp:featuredmedia":[{"embeddable":true,"href":"https:\/\/www.macedoniapress.com\/index.php?rest_route=\/wp\/v2\/media\/3537"}],"wp:attachment":[{"href":"https:\/\/www.macedoniapress.com\/index.php?rest_route=%2Fwp%2Fv2%2Fmedia&parent=3536"}],"wp:term":[{"taxonomy":"category","embeddable":true,"href":"https:\/\/www.macedoniapress.com\/index.php?rest_route=%2Fwp%2Fv2%2Fcategories&post=3536"},{"taxonomy":"post_tag","embeddable":true,"href":"https:\/\/www.macedoniapress.com\/index.php?rest_route=%2Fwp%2Fv2%2Ftags&post=3536"}],"curies":[{"name":"wp","href":"https:\/\/api.w.org\/{rel}","templated":true}]}}