{"id":3530,"date":"2026-04-28T18:09:02","date_gmt":"2026-04-28T16:09:02","guid":{"rendered":"https:\/\/www.macedoniapress.com\/?p=3530"},"modified":"2026-04-28T18:09:02","modified_gmt":"2026-04-28T16:09:02","slug":"kurti-nuk-e-permend-vjosa-osmanin-ldk-te-tregoje-per-ke-jane-15-nenshkrimet","status":"publish","type":"post","link":"https:\/\/www.macedoniapress.com\/?p=3530","title":{"rendered":"Kurti nuk e p\u00ebrmend Vjosa Osmanin: LDK t\u00eb tregoj\u00eb p\u00ebr k\u00eb jan\u00eb 15 n\u00ebnshkrimet"},"content":{"rendered":"<p data-start=\"115\" data-end=\"367\">Kryeministri i Kosov\u00ebs, <span class=\"hover:entity-accent entity-underline inline cursor-pointer align-baseline\"><span class=\"whitespace-normal\">Albin Kurti<\/span><\/span>, n\u00eb nj\u00eb konferenc\u00eb p\u00ebr media ka theksuar munges\u00ebn e qart\u00ebsis\u00eb p\u00ebr n\u00ebnshkrimet e dor\u00ebzuara nga LDK.<\/p>\n<p data-start=\"369\" data-end=\"600\">Sipas Kurtit, ende nuk \u00ebsht\u00eb e qart\u00eb se p\u00ebr cilin kandidat jan\u00eb 15 n\u00ebnshkrimet e dor\u00ebzuara nga <span class=\"hover:entity-accent entity-underline inline cursor-pointer align-baseline\"><span class=\"whitespace-normal\">Lumir Abdixhiku<\/span><\/span>, nd\u00ebrsa ai shtoi se nga LDK \u00ebsht\u00eb k\u00ebrkuar edhe garantimi i votave p\u00ebr nj\u00eb marr\u00ebveshje t\u00eb mundshme.<\/p>\n<p data-start=\"602\" data-end=\"782\">\u201cKryetari i LDK nuk tregon se p\u00ebr k\u00eb jan\u00eb 15 n\u00ebnshkrimet, por thot\u00eb \u2018a mi garanton ti votat\u2019. LDK nuk po e tregon emrin e kandidatit, po tregon se p\u00ebr k\u00eb jan\u00eb,\u201d u shpreh Kurti, Ai nuk e p\u00ebrmendi emrin e <span class=\"hover:entity-accent entity-underline inline cursor-pointer align-baseline\"><span class=\"whitespace-normal\">Vjosa Osmani<\/span><\/span>, pavar\u00ebsisht pyetjeve t\u00eb gazetar\u00ebve lidhur me t\u00eb.<\/p>\n<hr \/>\n<section class=\"text-token-text-primary w-full focus:outline-none [--shadow-height:45px] has-data-writing-block:pointer-events-none has-data-writing-block:-mt-(--shadow-height) has-data-writing-block:pt-(--shadow-height) [&amp;:has([data-writing-block])&gt;*]:pointer-events-auto [content-visibility:auto] supports-[content-visibility:auto]:[contain-intrinsic-size:auto_100lvh] R6Vx5W_threadScrollVars scroll-mb-[calc(var(--scroll-root-safe-area-inset-bottom,0px)+var(--thread-response-height))] scroll-mt-[calc(var(--header-height)+min(200px,max(70px,20svh)))]\" dir=\"auto\" data-turn-id=\"request-WEB:06f1f1e2-506a-4c83-9f23-547809b8281d-11\" data-testid=\"conversation-turn-24\" data-scroll-anchor=\"false\" data-turn=\"assistant\">\n<div class=\"text-base my-auto mx-auto pb-10 [--thread-content-margin:var(--thread-content-margin-xs,calc(var(--spacing)*4))] @w-sm\/main:[--thread-content-margin:var(--thread-content-margin-sm,calc(var(--spacing)*6))] @w-lg\/main:[--thread-content-margin:var(--thread-content-margin-lg,calc(var(--spacing)*16))] px-(--thread-content-margin)\">\n<div class=\"[--thread-content-max-width:40rem] @w-lg\/main:[--thread-content-max-width:48rem] mx-auto max-w-(--thread-content-max-width) flex-1 group\/turn-messages focus-visible:outline-hidden relative flex w-full min-w-0 flex-col agent-turn\">\n<div class=\"flex max-w-full flex-col gap-4 grow\">\n<div class=\"min-h-8 text-message relative flex w-full flex-col items-end gap-2 text-start break-words whitespace-normal outline-none keyboard-focused:focus-ring [.text-message+&amp;]:mt-1\" dir=\"auto\" tabindex=\"0\" data-message-author-role=\"assistant\" data-message-id=\"0dd10f49-a269-41c8-bfff-72d7e77eee13\" data-message-model-slug=\"gpt-5-3-mini\" data-turn-start-message=\"true\">\n<div class=\"flex w-full flex-col gap-1 empty:hidden\">\n<div class=\"markdown prose dark:prose-invert w-full wrap-break-word light markdown-new-styling\">\n<p data-start=\"0\" data-end=\"95\" data-is-last-node=\"\" data-is-only-node=\"\"><strong>Kurti: Rreth or\u00ebs 21:00 i shkrova Hamz\u00ebs dhe Abdixhikut, por nuk mora p\u00ebrgjigje<\/strong><\/p>\n<\/div>\n<\/div>\n<\/div>\n<\/div>\n<\/div>\n<\/div>\n<\/section>\n<p data-start=\"84\" data-end=\"298\">Kryeministri i Kosov\u00ebs, <span class=\"hover:entity-accent entity-underline inline cursor-pointer align-baseline\"><span class=\"whitespace-normal\">Albin Kurti<\/span><\/span>, ka deklaruar se \u00ebsht\u00eb n\u00eb komunikim t\u00eb vazhduesh\u00ebm me partit\u00eb opozitare, por sipas tij mungon p\u00ebrgjigjja nga ana e tyre n\u00eb disa raste ky\u00e7e.<\/p>\n<p data-start=\"300\" data-end=\"458\">Ai tha se nuk ka qen\u00eb e qart\u00eb se kur ka qen\u00eb afati i fundit p\u00ebr veprimet e nevojshme institucionale, duke theksuar se situata nuk lidhej me mbr\u00ebmjen e kaluar.<\/p>\n<p data-start=\"460\" data-end=\"816\">\u201cNe jemi vazhdimisht n\u00eb komunikim me partit\u00eb opozitare, por problemi \u00ebsht\u00eb se nuk marrim p\u00ebrgjigje. Ne nuk e kishim t\u00eb qart\u00eb se kur \u00ebsht\u00eb afati i fundit, nuk ka qen\u00eb mbr\u00ebm\u00eb. Ne duhej sa m\u00eb shpejt t\u00eb vepronim rreth or\u00ebs 21:00, i kam shkruar <span class=\"hover:entity-accent entity-underline inline cursor-pointer align-baseline\"><span class=\"whitespace-normal\">Bedri Hamza<\/span><\/span>dhe <span class=\"hover:entity-accent entity-underline inline cursor-pointer align-baseline\"><span class=\"whitespace-normal\">Lumir Abdixhiku<\/span><\/span>, nuk m\u00eb jan\u00eb p\u00ebrgjigjur,\u201d tha Kurti.<\/p>\n<hr \/>\n<section class=\"text-token-text-primary w-full focus:outline-none [--shadow-height:45px] has-data-writing-block:pointer-events-none has-data-writing-block:-mt-(--shadow-height) has-data-writing-block:pt-(--shadow-height) [&amp;:has([data-writing-block])&gt;*]:pointer-events-auto [content-visibility:auto] supports-[content-visibility:auto]:[contain-intrinsic-size:auto_100lvh] R6Vx5W_threadScrollVars scroll-mb-[calc(var(--scroll-root-safe-area-inset-bottom,0px)+var(--thread-response-height))] scroll-mt-[calc(var(--header-height)+min(200px,max(70px,20svh)))]\" dir=\"auto\" data-turn-id=\"request-WEB:06f1f1e2-506a-4c83-9f23-547809b8281d-6\" data-testid=\"conversation-turn-14\" data-scroll-anchor=\"false\" data-turn=\"assistant\">\n<div class=\"text-base my-auto mx-auto pb-10 [--thread-content-margin:var(--thread-content-margin-xs,calc(var(--spacing)*4))] @w-sm\/main:[--thread-content-margin:var(--thread-content-margin-sm,calc(var(--spacing)*6))] @w-lg\/main:[--thread-content-margin:var(--thread-content-margin-lg,calc(var(--spacing)*16))] px-(--thread-content-margin)\">\n<div class=\"[--thread-content-max-width:40rem] @w-lg\/main:[--thread-content-max-width:48rem] mx-auto max-w-(--thread-content-max-width) flex-1 group\/turn-messages focus-visible:outline-hidden relative flex w-full min-w-0 flex-col agent-turn\">\n<div class=\"flex max-w-full flex-col gap-4 grow\">\n<div class=\"min-h-8 text-message relative flex w-full flex-col items-end gap-2 text-start break-words whitespace-normal outline-none keyboard-focused:focus-ring [.text-message+&amp;]:mt-1\" dir=\"auto\" tabindex=\"0\" data-message-author-role=\"assistant\" data-message-id=\"4a360528-b100-4a86-b4c7-92db73d8e07a\" data-message-model-slug=\"gpt-5-3\" data-turn-start-message=\"true\">\n<div class=\"flex w-full flex-col gap-1 empty:hidden\">\n<div class=\"markdown prose dark:prose-invert w-full wrap-break-word light markdown-new-styling\">\n<p data-pm-slice=\"1 1 []\"><strong>Kurti: Lumir Abdixhiku ofroi vet\u00ebm refuzime, jo propozime<\/strong><\/p>\n<\/div>\n<\/div>\n<\/div>\n<\/div>\n<\/div>\n<\/div>\n<\/section>\n<p data-start=\"97\" data-end=\"387\">Kryeministri i Kosov\u00ebs, <span class=\"hover:entity-accent entity-underline inline cursor-pointer align-baseline\"><span class=\"whitespace-normal\">Albin Kurti<\/span><\/span>, ka komentuar listen e \u00a0LDK-s\u00eb me 15 n\u00ebnshkrime, duke kritikuar m\u00ebnyr\u00ebn e paraqitjes dhe munges\u00ebn e propozimeve konkrete nga opozita.<\/p>\n<p data-start=\"389\" data-end=\"512\">Kurti tha se gjat\u00eb takimeve t\u00eb shumta me kryetarin e LDK-s\u00eb Lumri Abdixhikun nuk ka pasur asnj\u00eb propozim konkret, por vet\u00ebm refuzime t\u00eb vazhdueshme.<\/p>\n<p data-start=\"514\" data-end=\"1004\">\u201cUn\u00eb Abdixhikun e kam takuar shum\u00eb her\u00eb, nuk ka pasur asnj\u00ebher\u00eb asnj\u00eb propozim, ve\u00e7 refuzim. Nd\u00ebrkaq sa i p\u00ebrket paraqitjes s\u00eb djeshme n\u00eb or\u00ebt e vona t\u00eb nat\u00ebs, ata dol\u00ebn pas seanc\u00ebs, para seanc\u00ebs nuk than\u00eb asnj\u00eb propozim. Letra me 15 n\u00ebnshkrime mund t\u00eb dor\u00ebzohej n\u00eb m\u00ebnyr\u00eb t\u00eb rregullt, sepse rreth or\u00ebs 23:00 t\u00eb nat\u00ebs nuk shkruante p\u00ebr \u00e7ka jan\u00eb ata emra, nuk shkruante asnj\u00eb em\u00ebr, nuk thuhej q\u00eb ata emra jan\u00eb p\u00ebr k\u00ebt\u00eb kandidate. Ata emra \u00ebsht\u00eb dashur t\u00eb m\u2019i jepnin mua,\u201d deklaroi Kurti.<\/p>\n<p data-start=\"1006\" data-end=\"1215\" data-is-last-node=\"\" data-is-only-node=\"\">Ai shtoi se procedurat duhet t\u00eb ndiqen n\u00eb m\u00ebnyr\u00eb institucionale dhe transparente<\/p>\n<hr \/>\n<p data-start=\"0\" data-end=\"81\"><strong>Kurti fton opozit\u00ebn n\u00eb seanc\u00eb: Kuvendi \u00ebsht\u00eb sht\u00ebpia e deputet\u00ebve<\/strong><\/p>\n<p data-start=\"83\" data-end=\"320\">Kryeministri i Kosov\u00ebs, <span class=\"hover:entity-accent entity-underline inline cursor-pointer align-baseline\"><span class=\"whitespace-normal\">Albin Kurti<\/span><\/span>, u ka b\u00ebr\u00eb thirrje deputet\u00ebve t\u00eb opozit\u00ebs q\u00eb t\u00eb marrin pjes\u00eb n\u00eb seancat e Kuvendit, duke theksuar r\u00ebnd\u00ebsin\u00eb e funksionimit t\u00eb rregullt t\u00eb institucionit ligjv\u00ebn\u00ebs.<\/p>\n<p data-start=\"322\" data-end=\"450\">Ai n\u00ebnvizoi se Kuvendi \u00ebsht\u00eb vendi ku deputet\u00ebt duhet t\u00eb ushtrojn\u00eb detyr\u00ebn e tyre dhe t\u00eb kontribuojn\u00eb n\u00eb proceset vendimmarr\u00ebse.<\/p>\n<p data-start=\"452\" data-end=\"633\">\u201cT\u00eb vijn\u00eb n\u00eb Kuvend sepse Kuvendi \u00ebsht\u00eb sht\u00ebpia e deputetit. N\u00eb seanc\u00ebn e or\u00ebs 19:00 presim t\u00eb kemi edhe deputet\u00eb t\u00eb opozit\u00ebs, t\u00eb cil\u00ebt e kan\u00eb vendin n\u00eb Kuvend,\u201d deklaroi Kurti.<\/p>\n<hr \/>\n<p data-start=\"85\" data-end=\"335\">Kryeministri i Kosov\u00ebs, <span class=\"hover:entity-accent entity-underline inline cursor-pointer align-baseline\"><span class=\"whitespace-normal\">Albin Kurti<\/span><\/span>, n\u00eb nj\u00eb konferenc\u00eb p\u00ebr media ka komentuar zhvillimet e fundit politike dhe \u00e7\u00ebshtjen e presidentit, duke akuzuar opozit\u00ebn p\u00ebr bllokim t\u00eb q\u00ebllimsh\u00ebm t\u00eb proceseve institucionale.<\/p>\n<p data-start=\"337\" data-end=\"531\">Ai u shpreh se opozita nuk ka objektiv tjet\u00ebr p\u00ebrve\u00e7 pengimit t\u00eb qeveris\u00eb, duke shtuar se kjo po b\u00ebhet p\u00ebrmes bllokimit t\u00eb seancave p\u00ebr \u00e7ka sipas tij rezulton me \u201dmosnjohje t\u00eb rezultatit zgjedhor t\u00eb 28 dhjetorit\u201d.<\/p>\n<p data-start=\"533\" data-end=\"741\">\u201c\u00cbsht\u00eb b\u00ebr\u00eb mjaftuesh\u00ebm e qart\u00eb se opozita n\u00eb Kosov\u00eb nuk ka q\u00ebllim tjet\u00ebr ve\u00e7se bllokimin. Ajo \u00ebsht\u00eb e interesuar vet\u00ebm p\u00ebr bllokimin e qeveris\u00eb, e cila n\u00eb k\u00ebt\u00eb mandat ka rezultate historike,\u201d deklaroi Kurti.<\/p>\n<p data-start=\"743\" data-end=\"915\">Sipas tij, nj\u00eb tjet\u00ebr tregues i k\u00ebsaj qasjeje \u00ebsht\u00eb kund\u00ebrshtimi i paket\u00ebs ekonomike p\u00ebr qytetar\u00ebt, si dhe refuzimi i vazhduesh\u00ebm i propozimeve nga ana e partive opozitare.<\/p>\n<p data-start=\"917\" data-end=\"1141\">\u201cAsnj\u00eb propozim, ve\u00e7 refuzim. Filluan t\u2019i refuzojn\u00eb takimet edhe me mua, nuk erdh\u00ebn as n\u00eb debat. U detyruam t\u00eb flasim me qytetar\u00ebt, ata nuk erdh\u00ebn n\u00eb takime, nuk erdh\u00ebn n\u00eb debat, n\u00eb propozime vet\u00ebm refuzime,\u201d theksoi ai<strong>.<\/strong><\/p>\n","protected":false},"excerpt":{"rendered":"<p>Kryeministri i Kosov\u00ebs, Albin Kurti, n\u00eb nj\u00eb konferenc\u00eb p\u00ebr media ka theksuar munges\u00ebn e qart\u00ebsis\u00eb p\u00ebr n\u00ebnshkrimet e dor\u00ebzuara nga LDK. Sipas Kurtit, ende nuk \u00ebsht\u00eb e qart\u00eb se p\u00ebr cilin kandidat jan\u00eb 15 n\u00ebnshkrimet e dor\u00ebzuara nga Lumir Abdixhiku, nd\u00ebrsa ai shtoi se nga LDK \u00ebsht\u00eb k\u00ebrkuar edhe garantimi i votave p\u00ebr nj\u00eb marr\u00ebveshje&#8230;<\/p>\n","protected":false},"author":2,"featured_media":3531,"comment_status":"closed","ping_status":"open","sticky":false,"template":"","format":"standard","meta":{"footnotes":""},"categories":[5],"tags":[],"class_list":["post-3530","post","type-post","status-publish","format-standard","has-post-thumbnail","hentry","category-rajoni"],"yoast_head":"<!-- This site is optimized with the Yoast SEO plugin v27.2 - https:\/\/yoast.com\/product\/yoast-seo-wordpress\/ -->\n<title>Kurti nuk e p\u00ebrmend Vjosa Osmanin: LDK t\u00eb tregoj\u00eb p\u00ebr k\u00eb jan\u00eb 15 n\u00ebnshkrimet - Macedonia Press<\/title>\n<meta name=\"robots\" content=\"index, follow, max-snippet:-1, max-image-preview:large, max-video-preview:-1\" \/>\n<link rel=\"canonical\" href=\"https:\/\/www.macedoniapress.com\/?p=3530\" \/>\n<meta property=\"og:locale\" content=\"en_US\" \/>\n<meta property=\"og:type\" content=\"article\" \/>\n<meta property=\"og:title\" content=\"Kurti nuk e p\u00ebrmend Vjosa Osmanin: LDK t\u00eb tregoj\u00eb p\u00ebr k\u00eb jan\u00eb 15 n\u00ebnshkrimet - Macedonia Press\" \/>\n<meta property=\"og:description\" content=\"Kryeministri i Kosov\u00ebs, Albin Kurti, n\u00eb nj\u00eb konferenc\u00eb p\u00ebr media ka theksuar munges\u00ebn e qart\u00ebsis\u00eb p\u00ebr n\u00ebnshkrimet e dor\u00ebzuara nga LDK. Sipas Kurtit, ende nuk \u00ebsht\u00eb e qart\u00eb se p\u00ebr cilin kandidat jan\u00eb 15 n\u00ebnshkrimet e dor\u00ebzuara nga Lumir Abdixhiku, nd\u00ebrsa ai shtoi se nga LDK \u00ebsht\u00eb k\u00ebrkuar edhe garantimi i votave p\u00ebr nj\u00eb marr\u00ebveshje...\" \/>\n<meta property=\"og:url\" content=\"https:\/\/www.macedoniapress.com\/?p=3530\" \/>\n<meta property=\"og:site_name\" content=\"Macedonia Press\" \/>\n<meta property=\"article:published_time\" content=\"2026-04-28T16:09:02+00:00\" \/>\n<meta property=\"og:image\" content=\"https:\/\/www.macedoniapress.com\/wp-content\/uploads\/2026\/04\/IMG_3016.webp\" \/>\n\t<meta property=\"og:image:width\" content=\"780\" \/>\n\t<meta property=\"og:image:height\" content=\"470\" \/>\n\t<meta property=\"og:image:type\" content=\"image\/webp\" \/>\n<meta name=\"author\" content=\"Macedonia Press\" \/>\n<meta name=\"twitter:card\" content=\"summary_large_image\" \/>\n<meta name=\"twitter:label1\" content=\"Written by\" \/>\n\t<meta name=\"twitter:data1\" content=\"Macedonia Press\" \/>\n\t<meta name=\"twitter:label2\" content=\"Est. reading time\" \/>\n\t<meta name=\"twitter:data2\" content=\"3 minutes\" \/>\n<script type=\"application\/ld+json\" class=\"yoast-schema-graph\">{\"@context\":\"https:\/\/schema.org\",\"@graph\":[{\"@type\":\"Article\",\"@id\":\"https:\/\/www.macedoniapress.com\/?p=3530#article\",\"isPartOf\":{\"@id\":\"https:\/\/www.macedoniapress.com\/?p=3530\"},\"author\":{\"name\":\"Macedonia Press\",\"@id\":\"https:\/\/www.macedoniapress.com\/#\/schema\/person\/060101f54fa08b58b8847d6f8536f977\"},\"headline\":\"Kurti nuk e p\u00ebrmend Vjosa Osmanin: LDK t\u00eb tregoj\u00eb p\u00ebr k\u00eb jan\u00eb 15 n\u00ebnshkrimet\",\"datePublished\":\"2026-04-28T16:09:02+00:00\",\"mainEntityOfPage\":{\"@id\":\"https:\/\/www.macedoniapress.com\/?p=3530\"},\"wordCount\":761,\"publisher\":{\"@id\":\"https:\/\/www.macedoniapress.com\/#organization\"},\"image\":{\"@id\":\"https:\/\/www.macedoniapress.com\/?p=3530#primaryimage\"},\"thumbnailUrl\":\"https:\/\/www.macedoniapress.com\/wp-content\/uploads\/2026\/04\/IMG_3016.webp\",\"articleSection\":[\"RAJONI\"],\"inLanguage\":\"en-US\"},{\"@type\":\"WebPage\",\"@id\":\"https:\/\/www.macedoniapress.com\/?p=3530\",\"url\":\"https:\/\/www.macedoniapress.com\/?p=3530\",\"name\":\"Kurti nuk e p\u00ebrmend Vjosa Osmanin: LDK t\u00eb tregoj\u00eb p\u00ebr k\u00eb jan\u00eb 15 n\u00ebnshkrimet - Macedonia Press\",\"isPartOf\":{\"@id\":\"https:\/\/www.macedoniapress.com\/#website\"},\"primaryImageOfPage\":{\"@id\":\"https:\/\/www.macedoniapress.com\/?p=3530#primaryimage\"},\"image\":{\"@id\":\"https:\/\/www.macedoniapress.com\/?p=3530#primaryimage\"},\"thumbnailUrl\":\"https:\/\/www.macedoniapress.com\/wp-content\/uploads\/2026\/04\/IMG_3016.webp\",\"datePublished\":\"2026-04-28T16:09:02+00:00\",\"breadcrumb\":{\"@id\":\"https:\/\/www.macedoniapress.com\/?p=3530#breadcrumb\"},\"inLanguage\":\"en-US\",\"potentialAction\":[{\"@type\":\"ReadAction\",\"target\":[\"https:\/\/www.macedoniapress.com\/?p=3530\"]}]},{\"@type\":\"ImageObject\",\"inLanguage\":\"en-US\",\"@id\":\"https:\/\/www.macedoniapress.com\/?p=3530#primaryimage\",\"url\":\"https:\/\/www.macedoniapress.com\/wp-content\/uploads\/2026\/04\/IMG_3016.webp\",\"contentUrl\":\"https:\/\/www.macedoniapress.com\/wp-content\/uploads\/2026\/04\/IMG_3016.webp\",\"width\":780,\"height\":470},{\"@type\":\"BreadcrumbList\",\"@id\":\"https:\/\/www.macedoniapress.com\/?p=3530#breadcrumb\",\"itemListElement\":[{\"@type\":\"ListItem\",\"position\":1,\"name\":\"Home\",\"item\":\"https:\/\/www.macedoniapress.com\/\"},{\"@type\":\"ListItem\",\"position\":2,\"name\":\"Kurti nuk e p\u00ebrmend Vjosa Osmanin: LDK t\u00eb tregoj\u00eb p\u00ebr k\u00eb jan\u00eb 15 n\u00ebnshkrimet\"}]},{\"@type\":\"WebSite\",\"@id\":\"https:\/\/www.macedoniapress.com\/#website\",\"url\":\"https:\/\/www.macedoniapress.com\/\",\"name\":\"Macedonia Press\",\"description\":\"macedoniapress.com\",\"publisher\":{\"@id\":\"https:\/\/www.macedoniapress.com\/#organization\"},\"potentialAction\":[{\"@type\":\"SearchAction\",\"target\":{\"@type\":\"EntryPoint\",\"urlTemplate\":\"https:\/\/www.macedoniapress.com\/?s={search_term_string}\"},\"query-input\":{\"@type\":\"PropertyValueSpecification\",\"valueRequired\":true,\"valueName\":\"search_term_string\"}}],\"inLanguage\":\"en-US\"},{\"@type\":\"Organization\",\"@id\":\"https:\/\/www.macedoniapress.com\/#organization\",\"name\":\"Macedonia Press\",\"url\":\"https:\/\/www.macedoniapress.com\/\",\"logo\":{\"@type\":\"ImageObject\",\"inLanguage\":\"en-US\",\"@id\":\"https:\/\/www.macedoniapress.com\/#\/schema\/logo\/image\/\",\"url\":\"https:\/\/www.macedoniapress.com\/wp-content\/uploads\/2025\/09\/21440B89-8EAC-4476-9403-469F5CA0CDC8.png\",\"contentUrl\":\"https:\/\/www.macedoniapress.com\/wp-content\/uploads\/2025\/09\/21440B89-8EAC-4476-9403-469F5CA0CDC8.png\",\"width\":1536,\"height\":1024,\"caption\":\"Macedonia Press\"},\"image\":{\"@id\":\"https:\/\/www.macedoniapress.com\/#\/schema\/logo\/image\/\"}},{\"@type\":\"Person\",\"@id\":\"https:\/\/www.macedoniapress.com\/#\/schema\/person\/060101f54fa08b58b8847d6f8536f977\",\"name\":\"Macedonia Press\",\"url\":\"https:\/\/www.macedoniapress.com\/?author=2\"}]}<\/script>\n<!-- \/ Yoast SEO plugin. -->","yoast_head_json":{"title":"Kurti nuk e p\u00ebrmend Vjosa Osmanin: LDK t\u00eb tregoj\u00eb p\u00ebr k\u00eb jan\u00eb 15 n\u00ebnshkrimet - Macedonia Press","robots":{"index":"index","follow":"follow","max-snippet":"max-snippet:-1","max-image-preview":"max-image-preview:large","max-video-preview":"max-video-preview:-1"},"canonical":"https:\/\/www.macedoniapress.com\/?p=3530","og_locale":"en_US","og_type":"article","og_title":"Kurti nuk e p\u00ebrmend Vjosa Osmanin: LDK t\u00eb tregoj\u00eb p\u00ebr k\u00eb jan\u00eb 15 n\u00ebnshkrimet - Macedonia Press","og_description":"Kryeministri i Kosov\u00ebs, Albin Kurti, n\u00eb nj\u00eb konferenc\u00eb p\u00ebr media ka theksuar munges\u00ebn e qart\u00ebsis\u00eb p\u00ebr n\u00ebnshkrimet e dor\u00ebzuara nga LDK. Sipas Kurtit, ende nuk \u00ebsht\u00eb e qart\u00eb se p\u00ebr cilin kandidat jan\u00eb 15 n\u00ebnshkrimet e dor\u00ebzuara nga Lumir Abdixhiku, nd\u00ebrsa ai shtoi se nga LDK \u00ebsht\u00eb k\u00ebrkuar edhe garantimi i votave p\u00ebr nj\u00eb marr\u00ebveshje...","og_url":"https:\/\/www.macedoniapress.com\/?p=3530","og_site_name":"Macedonia Press","article_published_time":"2026-04-28T16:09:02+00:00","og_image":[{"width":780,"height":470,"url":"https:\/\/www.macedoniapress.com\/wp-content\/uploads\/2026\/04\/IMG_3016.webp","type":"image\/webp"}],"author":"Macedonia Press","twitter_card":"summary_large_image","twitter_misc":{"Written by":"Macedonia Press","Est. reading time":"3 minutes"},"schema":{"@context":"https:\/\/schema.org","@graph":[{"@type":"Article","@id":"https:\/\/www.macedoniapress.com\/?p=3530#article","isPartOf":{"@id":"https:\/\/www.macedoniapress.com\/?p=3530"},"author":{"name":"Macedonia Press","@id":"https:\/\/www.macedoniapress.com\/#\/schema\/person\/060101f54fa08b58b8847d6f8536f977"},"headline":"Kurti nuk e p\u00ebrmend Vjosa Osmanin: LDK t\u00eb tregoj\u00eb p\u00ebr k\u00eb jan\u00eb 15 n\u00ebnshkrimet","datePublished":"2026-04-28T16:09:02+00:00","mainEntityOfPage":{"@id":"https:\/\/www.macedoniapress.com\/?p=3530"},"wordCount":761,"publisher":{"@id":"https:\/\/www.macedoniapress.com\/#organization"},"image":{"@id":"https:\/\/www.macedoniapress.com\/?p=3530#primaryimage"},"thumbnailUrl":"https:\/\/www.macedoniapress.com\/wp-content\/uploads\/2026\/04\/IMG_3016.webp","articleSection":["RAJONI"],"inLanguage":"en-US"},{"@type":"WebPage","@id":"https:\/\/www.macedoniapress.com\/?p=3530","url":"https:\/\/www.macedoniapress.com\/?p=3530","name":"Kurti nuk e p\u00ebrmend Vjosa Osmanin: LDK t\u00eb tregoj\u00eb p\u00ebr k\u00eb jan\u00eb 15 n\u00ebnshkrimet - Macedonia Press","isPartOf":{"@id":"https:\/\/www.macedoniapress.com\/#website"},"primaryImageOfPage":{"@id":"https:\/\/www.macedoniapress.com\/?p=3530#primaryimage"},"image":{"@id":"https:\/\/www.macedoniapress.com\/?p=3530#primaryimage"},"thumbnailUrl":"https:\/\/www.macedoniapress.com\/wp-content\/uploads\/2026\/04\/IMG_3016.webp","datePublished":"2026-04-28T16:09:02+00:00","breadcrumb":{"@id":"https:\/\/www.macedoniapress.com\/?p=3530#breadcrumb"},"inLanguage":"en-US","potentialAction":[{"@type":"ReadAction","target":["https:\/\/www.macedoniapress.com\/?p=3530"]}]},{"@type":"ImageObject","inLanguage":"en-US","@id":"https:\/\/www.macedoniapress.com\/?p=3530#primaryimage","url":"https:\/\/www.macedoniapress.com\/wp-content\/uploads\/2026\/04\/IMG_3016.webp","contentUrl":"https:\/\/www.macedoniapress.com\/wp-content\/uploads\/2026\/04\/IMG_3016.webp","width":780,"height":470},{"@type":"BreadcrumbList","@id":"https:\/\/www.macedoniapress.com\/?p=3530#breadcrumb","itemListElement":[{"@type":"ListItem","position":1,"name":"Home","item":"https:\/\/www.macedoniapress.com\/"},{"@type":"ListItem","position":2,"name":"Kurti nuk e p\u00ebrmend Vjosa Osmanin: LDK t\u00eb tregoj\u00eb p\u00ebr k\u00eb jan\u00eb 15 n\u00ebnshkrimet"}]},{"@type":"WebSite","@id":"https:\/\/www.macedoniapress.com\/#website","url":"https:\/\/www.macedoniapress.com\/","name":"Macedonia Press","description":"macedoniapress.com","publisher":{"@id":"https:\/\/www.macedoniapress.com\/#organization"},"potentialAction":[{"@type":"SearchAction","target":{"@type":"EntryPoint","urlTemplate":"https:\/\/www.macedoniapress.com\/?s={search_term_string}"},"query-input":{"@type":"PropertyValueSpecification","valueRequired":true,"valueName":"search_term_string"}}],"inLanguage":"en-US"},{"@type":"Organization","@id":"https:\/\/www.macedoniapress.com\/#organization","name":"Macedonia Press","url":"https:\/\/www.macedoniapress.com\/","logo":{"@type":"ImageObject","inLanguage":"en-US","@id":"https:\/\/www.macedoniapress.com\/#\/schema\/logo\/image\/","url":"https:\/\/www.macedoniapress.com\/wp-content\/uploads\/2025\/09\/21440B89-8EAC-4476-9403-469F5CA0CDC8.png","contentUrl":"https:\/\/www.macedoniapress.com\/wp-content\/uploads\/2025\/09\/21440B89-8EAC-4476-9403-469F5CA0CDC8.png","width":1536,"height":1024,"caption":"Macedonia Press"},"image":{"@id":"https:\/\/www.macedoniapress.com\/#\/schema\/logo\/image\/"}},{"@type":"Person","@id":"https:\/\/www.macedoniapress.com\/#\/schema\/person\/060101f54fa08b58b8847d6f8536f977","name":"Macedonia Press","url":"https:\/\/www.macedoniapress.com\/?author=2"}]}},"_links":{"self":[{"href":"https:\/\/www.macedoniapress.com\/index.php?rest_route=\/wp\/v2\/posts\/3530","targetHints":{"allow":["GET"]}}],"collection":[{"href":"https:\/\/www.macedoniapress.com\/index.php?rest_route=\/wp\/v2\/posts"}],"about":[{"href":"https:\/\/www.macedoniapress.com\/index.php?rest_route=\/wp\/v2\/types\/post"}],"author":[{"embeddable":true,"href":"https:\/\/www.macedoniapress.com\/index.php?rest_route=\/wp\/v2\/users\/2"}],"replies":[{"embeddable":true,"href":"https:\/\/www.macedoniapress.com\/index.php?rest_route=%2Fwp%2Fv2%2Fcomments&post=3530"}],"version-history":[{"count":1,"href":"https:\/\/www.macedoniapress.com\/index.php?rest_route=\/wp\/v2\/posts\/3530\/revisions"}],"predecessor-version":[{"id":3532,"href":"https:\/\/www.macedoniapress.com\/index.php?rest_route=\/wp\/v2\/posts\/3530\/revisions\/3532"}],"wp:featuredmedia":[{"embeddable":true,"href":"https:\/\/www.macedoniapress.com\/index.php?rest_route=\/wp\/v2\/media\/3531"}],"wp:attachment":[{"href":"https:\/\/www.macedoniapress.com\/index.php?rest_route=%2Fwp%2Fv2%2Fmedia&parent=3530"}],"wp:term":[{"taxonomy":"category","embeddable":true,"href":"https:\/\/www.macedoniapress.com\/index.php?rest_route=%2Fwp%2Fv2%2Fcategories&post=3530"},{"taxonomy":"post_tag","embeddable":true,"href":"https:\/\/www.macedoniapress.com\/index.php?rest_route=%2Fwp%2Fv2%2Ftags&post=3530"}],"curies":[{"name":"wp","href":"https:\/\/api.w.org\/{rel}","templated":true}]}}