{"id":3527,"date":"2026-04-28T10:57:26","date_gmt":"2026-04-28T08:57:26","guid":{"rendered":"https:\/\/www.macedoniapress.com\/?p=3527"},"modified":"2026-04-28T10:57:26","modified_gmt":"2026-04-28T08:57:26","slug":"sot-afati-per-zgjedhjen-e-presidentit-te-kosoves-ldk-ofron-vjosa-osmanin-flet-albin-kurti","status":"publish","type":"post","link":"https:\/\/www.macedoniapress.com\/?p=3527","title":{"rendered":"Sot afati p\u00ebr zgjedhjen e Presidentit t\u00eb Kosov\u00ebs, LDK ofron Vjosa Osmanin! Flet Albin Kurti"},"content":{"rendered":"<p>Kryeministri i Kosov\u00ebs, Albin Kurti, ka deklaruar se procesi i zgjedhjes s\u00eb presidentit do t\u00eb k\u00ebrkoj\u00eb angazhim maksimal dhe p\u00ebrpjekje t\u00eb vazhdueshme nga ana e tyre.<\/p>\n<p>Ai theksoi se mbetet p\u00ebr t\u2019u par\u00eb n\u00ebse opozita do t\u00eb marr\u00eb pjes\u00eb n\u00eb votim, duke mos u ndalur n\u00eb \u00e7\u00ebshtjen e mb\u00ebshtetjes p\u00ebr propozimin e LDK-s\u00eb p\u00ebr Vjosa Osmanin.<\/p>\n<p>\u201cNe i b\u00ebjm\u00eb p\u00ebrpjekjet maksimale, tani ta shohim a do t\u00eb vijn\u00eb deputet\u00ebt e opozit\u00ebs q\u00eb e kan\u00eb obligim kushtetues t\u00eb p\u00ebrfaq\u00ebsojn\u00eb popullin, t\u00eb marrin pjes\u00eb n\u00eb votim\u201d, u shpreh shkurt Kurti.<br \/>\nNd\u00ebrkoh\u00eb, LDK ka vendosur t\u00eb mos jet\u00eb pjes\u00eb e seanc\u00ebs. Megjithat\u00eb, sipas REL, kryetari i k\u00ebsaj partie Lumir Abdixhiku \u00ebsht\u00eb par\u00eb duke hyr\u00eb n\u00eb nd\u00ebrtes\u00ebn e Kuvendit.<\/p>\n","protected":false},"excerpt":{"rendered":"<p>Kryeministri i Kosov\u00ebs, Albin Kurti, ka deklaruar se procesi i zgjedhjes s\u00eb presidentit do t\u00eb k\u00ebrkoj\u00eb angazhim maksimal dhe p\u00ebrpjekje t\u00eb vazhdueshme nga ana e tyre. Ai theksoi se mbetet p\u00ebr t\u2019u par\u00eb n\u00ebse opozita do t\u00eb marr\u00eb pjes\u00eb n\u00eb votim, duke mos u ndalur n\u00eb \u00e7\u00ebshtjen e mb\u00ebshtetjes p\u00ebr propozimin e LDK-s\u00eb p\u00ebr Vjosa&#8230;<\/p>\n","protected":false},"author":2,"featured_media":3528,"comment_status":"closed","ping_status":"open","sticky":false,"template":"","format":"standard","meta":{"footnotes":""},"categories":[5],"tags":[],"class_list":["post-3527","post","type-post","status-publish","format-standard","has-post-thumbnail","hentry","category-rajoni"],"yoast_head":"<!-- This site is optimized with the Yoast SEO plugin v27.2 - https:\/\/yoast.com\/product\/yoast-seo-wordpress\/ -->\n<title>Sot afati p\u00ebr zgjedhjen e Presidentit t\u00eb Kosov\u00ebs, LDK ofron Vjosa Osmanin! Flet Albin Kurti - Macedonia Press<\/title>\n<meta name=\"robots\" content=\"index, follow, max-snippet:-1, max-image-preview:large, max-video-preview:-1\" \/>\n<link rel=\"canonical\" href=\"https:\/\/www.macedoniapress.com\/?p=3527\" \/>\n<meta property=\"og:locale\" content=\"en_US\" \/>\n<meta property=\"og:type\" content=\"article\" \/>\n<meta property=\"og:title\" content=\"Sot afati p\u00ebr zgjedhjen e Presidentit t\u00eb Kosov\u00ebs, LDK ofron Vjosa Osmanin! Flet Albin Kurti - Macedonia Press\" \/>\n<meta property=\"og:description\" content=\"Kryeministri i Kosov\u00ebs, Albin Kurti, ka deklaruar se procesi i zgjedhjes s\u00eb presidentit do t\u00eb k\u00ebrkoj\u00eb angazhim maksimal dhe p\u00ebrpjekje t\u00eb vazhdueshme nga ana e tyre. Ai theksoi se mbetet p\u00ebr t\u2019u par\u00eb n\u00ebse opozita do t\u00eb marr\u00eb pjes\u00eb n\u00eb votim, duke mos u ndalur n\u00eb \u00e7\u00ebshtjen e mb\u00ebshtetjes p\u00ebr propozimin e LDK-s\u00eb p\u00ebr Vjosa...\" \/>\n<meta property=\"og:url\" content=\"https:\/\/www.macedoniapress.com\/?p=3527\" \/>\n<meta property=\"og:site_name\" content=\"Macedonia Press\" \/>\n<meta property=\"article:published_time\" content=\"2026-04-28T08:57:26+00:00\" \/>\n<meta property=\"og:image\" content=\"https:\/\/www.macedoniapress.com\/wp-content\/uploads\/2026\/04\/IMG_3010.jpeg\" \/>\n\t<meta property=\"og:image:width\" content=\"834\" \/>\n\t<meta property=\"og:image:height\" content=\"490\" \/>\n\t<meta property=\"og:image:type\" content=\"image\/jpeg\" \/>\n<meta name=\"author\" content=\"Macedonia Press\" \/>\n<meta name=\"twitter:card\" content=\"summary_large_image\" \/>\n<meta name=\"twitter:label1\" content=\"Written by\" \/>\n\t<meta name=\"twitter:data1\" content=\"Macedonia Press\" \/>\n\t<meta name=\"twitter:label2\" content=\"Est. reading time\" \/>\n\t<meta name=\"twitter:data2\" content=\"1 minute\" \/>\n<script type=\"application\/ld+json\" class=\"yoast-schema-graph\">{\"@context\":\"https:\/\/schema.org\",\"@graph\":[{\"@type\":\"Article\",\"@id\":\"https:\/\/www.macedoniapress.com\/?p=3527#article\",\"isPartOf\":{\"@id\":\"https:\/\/www.macedoniapress.com\/?p=3527\"},\"author\":{\"name\":\"Macedonia Press\",\"@id\":\"https:\/\/www.macedoniapress.com\/#\/schema\/person\/060101f54fa08b58b8847d6f8536f977\"},\"headline\":\"Sot afati p\u00ebr zgjedhjen e Presidentit t\u00eb Kosov\u00ebs, LDK ofron Vjosa Osmanin! Flet Albin Kurti\",\"datePublished\":\"2026-04-28T08:57:26+00:00\",\"mainEntityOfPage\":{\"@id\":\"https:\/\/www.macedoniapress.com\/?p=3527\"},\"wordCount\":152,\"publisher\":{\"@id\":\"https:\/\/www.macedoniapress.com\/#organization\"},\"image\":{\"@id\":\"https:\/\/www.macedoniapress.com\/?p=3527#primaryimage\"},\"thumbnailUrl\":\"https:\/\/www.macedoniapress.com\/wp-content\/uploads\/2026\/04\/IMG_3010.jpeg\",\"articleSection\":[\"RAJONI\"],\"inLanguage\":\"en-US\"},{\"@type\":\"WebPage\",\"@id\":\"https:\/\/www.macedoniapress.com\/?p=3527\",\"url\":\"https:\/\/www.macedoniapress.com\/?p=3527\",\"name\":\"Sot afati p\u00ebr zgjedhjen e Presidentit t\u00eb Kosov\u00ebs, LDK ofron Vjosa Osmanin! Flet Albin Kurti - Macedonia Press\",\"isPartOf\":{\"@id\":\"https:\/\/www.macedoniapress.com\/#website\"},\"primaryImageOfPage\":{\"@id\":\"https:\/\/www.macedoniapress.com\/?p=3527#primaryimage\"},\"image\":{\"@id\":\"https:\/\/www.macedoniapress.com\/?p=3527#primaryimage\"},\"thumbnailUrl\":\"https:\/\/www.macedoniapress.com\/wp-content\/uploads\/2026\/04\/IMG_3010.jpeg\",\"datePublished\":\"2026-04-28T08:57:26+00:00\",\"breadcrumb\":{\"@id\":\"https:\/\/www.macedoniapress.com\/?p=3527#breadcrumb\"},\"inLanguage\":\"en-US\",\"potentialAction\":[{\"@type\":\"ReadAction\",\"target\":[\"https:\/\/www.macedoniapress.com\/?p=3527\"]}]},{\"@type\":\"ImageObject\",\"inLanguage\":\"en-US\",\"@id\":\"https:\/\/www.macedoniapress.com\/?p=3527#primaryimage\",\"url\":\"https:\/\/www.macedoniapress.com\/wp-content\/uploads\/2026\/04\/IMG_3010.jpeg\",\"contentUrl\":\"https:\/\/www.macedoniapress.com\/wp-content\/uploads\/2026\/04\/IMG_3010.jpeg\",\"width\":834,\"height\":490},{\"@type\":\"BreadcrumbList\",\"@id\":\"https:\/\/www.macedoniapress.com\/?p=3527#breadcrumb\",\"itemListElement\":[{\"@type\":\"ListItem\",\"position\":1,\"name\":\"Home\",\"item\":\"https:\/\/www.macedoniapress.com\/\"},{\"@type\":\"ListItem\",\"position\":2,\"name\":\"Sot afati p\u00ebr zgjedhjen e Presidentit t\u00eb Kosov\u00ebs, LDK ofron Vjosa Osmanin! Flet Albin Kurti\"}]},{\"@type\":\"WebSite\",\"@id\":\"https:\/\/www.macedoniapress.com\/#website\",\"url\":\"https:\/\/www.macedoniapress.com\/\",\"name\":\"Macedonia Press\",\"description\":\"macedoniapress.com\",\"publisher\":{\"@id\":\"https:\/\/www.macedoniapress.com\/#organization\"},\"potentialAction\":[{\"@type\":\"SearchAction\",\"target\":{\"@type\":\"EntryPoint\",\"urlTemplate\":\"https:\/\/www.macedoniapress.com\/?s={search_term_string}\"},\"query-input\":{\"@type\":\"PropertyValueSpecification\",\"valueRequired\":true,\"valueName\":\"search_term_string\"}}],\"inLanguage\":\"en-US\"},{\"@type\":\"Organization\",\"@id\":\"https:\/\/www.macedoniapress.com\/#organization\",\"name\":\"Macedonia Press\",\"url\":\"https:\/\/www.macedoniapress.com\/\",\"logo\":{\"@type\":\"ImageObject\",\"inLanguage\":\"en-US\",\"@id\":\"https:\/\/www.macedoniapress.com\/#\/schema\/logo\/image\/\",\"url\":\"https:\/\/www.macedoniapress.com\/wp-content\/uploads\/2025\/09\/21440B89-8EAC-4476-9403-469F5CA0CDC8.png\",\"contentUrl\":\"https:\/\/www.macedoniapress.com\/wp-content\/uploads\/2025\/09\/21440B89-8EAC-4476-9403-469F5CA0CDC8.png\",\"width\":1536,\"height\":1024,\"caption\":\"Macedonia Press\"},\"image\":{\"@id\":\"https:\/\/www.macedoniapress.com\/#\/schema\/logo\/image\/\"}},{\"@type\":\"Person\",\"@id\":\"https:\/\/www.macedoniapress.com\/#\/schema\/person\/060101f54fa08b58b8847d6f8536f977\",\"name\":\"Macedonia Press\",\"url\":\"https:\/\/www.macedoniapress.com\/?author=2\"}]}<\/script>\n<!-- \/ Yoast SEO plugin. -->","yoast_head_json":{"title":"Sot afati p\u00ebr zgjedhjen e Presidentit t\u00eb Kosov\u00ebs, LDK ofron Vjosa Osmanin! Flet Albin Kurti - Macedonia Press","robots":{"index":"index","follow":"follow","max-snippet":"max-snippet:-1","max-image-preview":"max-image-preview:large","max-video-preview":"max-video-preview:-1"},"canonical":"https:\/\/www.macedoniapress.com\/?p=3527","og_locale":"en_US","og_type":"article","og_title":"Sot afati p\u00ebr zgjedhjen e Presidentit t\u00eb Kosov\u00ebs, LDK ofron Vjosa Osmanin! Flet Albin Kurti - Macedonia Press","og_description":"Kryeministri i Kosov\u00ebs, Albin Kurti, ka deklaruar se procesi i zgjedhjes s\u00eb presidentit do t\u00eb k\u00ebrkoj\u00eb angazhim maksimal dhe p\u00ebrpjekje t\u00eb vazhdueshme nga ana e tyre. Ai theksoi se mbetet p\u00ebr t\u2019u par\u00eb n\u00ebse opozita do t\u00eb marr\u00eb pjes\u00eb n\u00eb votim, duke mos u ndalur n\u00eb \u00e7\u00ebshtjen e mb\u00ebshtetjes p\u00ebr propozimin e LDK-s\u00eb p\u00ebr Vjosa...","og_url":"https:\/\/www.macedoniapress.com\/?p=3527","og_site_name":"Macedonia Press","article_published_time":"2026-04-28T08:57:26+00:00","og_image":[{"width":834,"height":490,"url":"https:\/\/www.macedoniapress.com\/wp-content\/uploads\/2026\/04\/IMG_3010.jpeg","type":"image\/jpeg"}],"author":"Macedonia Press","twitter_card":"summary_large_image","twitter_misc":{"Written by":"Macedonia Press","Est. reading time":"1 minute"},"schema":{"@context":"https:\/\/schema.org","@graph":[{"@type":"Article","@id":"https:\/\/www.macedoniapress.com\/?p=3527#article","isPartOf":{"@id":"https:\/\/www.macedoniapress.com\/?p=3527"},"author":{"name":"Macedonia Press","@id":"https:\/\/www.macedoniapress.com\/#\/schema\/person\/060101f54fa08b58b8847d6f8536f977"},"headline":"Sot afati p\u00ebr zgjedhjen e Presidentit t\u00eb Kosov\u00ebs, LDK ofron Vjosa Osmanin! Flet Albin Kurti","datePublished":"2026-04-28T08:57:26+00:00","mainEntityOfPage":{"@id":"https:\/\/www.macedoniapress.com\/?p=3527"},"wordCount":152,"publisher":{"@id":"https:\/\/www.macedoniapress.com\/#organization"},"image":{"@id":"https:\/\/www.macedoniapress.com\/?p=3527#primaryimage"},"thumbnailUrl":"https:\/\/www.macedoniapress.com\/wp-content\/uploads\/2026\/04\/IMG_3010.jpeg","articleSection":["RAJONI"],"inLanguage":"en-US"},{"@type":"WebPage","@id":"https:\/\/www.macedoniapress.com\/?p=3527","url":"https:\/\/www.macedoniapress.com\/?p=3527","name":"Sot afati p\u00ebr zgjedhjen e Presidentit t\u00eb Kosov\u00ebs, LDK ofron Vjosa Osmanin! Flet Albin Kurti - Macedonia Press","isPartOf":{"@id":"https:\/\/www.macedoniapress.com\/#website"},"primaryImageOfPage":{"@id":"https:\/\/www.macedoniapress.com\/?p=3527#primaryimage"},"image":{"@id":"https:\/\/www.macedoniapress.com\/?p=3527#primaryimage"},"thumbnailUrl":"https:\/\/www.macedoniapress.com\/wp-content\/uploads\/2026\/04\/IMG_3010.jpeg","datePublished":"2026-04-28T08:57:26+00:00","breadcrumb":{"@id":"https:\/\/www.macedoniapress.com\/?p=3527#breadcrumb"},"inLanguage":"en-US","potentialAction":[{"@type":"ReadAction","target":["https:\/\/www.macedoniapress.com\/?p=3527"]}]},{"@type":"ImageObject","inLanguage":"en-US","@id":"https:\/\/www.macedoniapress.com\/?p=3527#primaryimage","url":"https:\/\/www.macedoniapress.com\/wp-content\/uploads\/2026\/04\/IMG_3010.jpeg","contentUrl":"https:\/\/www.macedoniapress.com\/wp-content\/uploads\/2026\/04\/IMG_3010.jpeg","width":834,"height":490},{"@type":"BreadcrumbList","@id":"https:\/\/www.macedoniapress.com\/?p=3527#breadcrumb","itemListElement":[{"@type":"ListItem","position":1,"name":"Home","item":"https:\/\/www.macedoniapress.com\/"},{"@type":"ListItem","position":2,"name":"Sot afati p\u00ebr zgjedhjen e Presidentit t\u00eb Kosov\u00ebs, LDK ofron Vjosa Osmanin! Flet Albin Kurti"}]},{"@type":"WebSite","@id":"https:\/\/www.macedoniapress.com\/#website","url":"https:\/\/www.macedoniapress.com\/","name":"Macedonia Press","description":"macedoniapress.com","publisher":{"@id":"https:\/\/www.macedoniapress.com\/#organization"},"potentialAction":[{"@type":"SearchAction","target":{"@type":"EntryPoint","urlTemplate":"https:\/\/www.macedoniapress.com\/?s={search_term_string}"},"query-input":{"@type":"PropertyValueSpecification","valueRequired":true,"valueName":"search_term_string"}}],"inLanguage":"en-US"},{"@type":"Organization","@id":"https:\/\/www.macedoniapress.com\/#organization","name":"Macedonia Press","url":"https:\/\/www.macedoniapress.com\/","logo":{"@type":"ImageObject","inLanguage":"en-US","@id":"https:\/\/www.macedoniapress.com\/#\/schema\/logo\/image\/","url":"https:\/\/www.macedoniapress.com\/wp-content\/uploads\/2025\/09\/21440B89-8EAC-4476-9403-469F5CA0CDC8.png","contentUrl":"https:\/\/www.macedoniapress.com\/wp-content\/uploads\/2025\/09\/21440B89-8EAC-4476-9403-469F5CA0CDC8.png","width":1536,"height":1024,"caption":"Macedonia Press"},"image":{"@id":"https:\/\/www.macedoniapress.com\/#\/schema\/logo\/image\/"}},{"@type":"Person","@id":"https:\/\/www.macedoniapress.com\/#\/schema\/person\/060101f54fa08b58b8847d6f8536f977","name":"Macedonia Press","url":"https:\/\/www.macedoniapress.com\/?author=2"}]}},"_links":{"self":[{"href":"https:\/\/www.macedoniapress.com\/index.php?rest_route=\/wp\/v2\/posts\/3527","targetHints":{"allow":["GET"]}}],"collection":[{"href":"https:\/\/www.macedoniapress.com\/index.php?rest_route=\/wp\/v2\/posts"}],"about":[{"href":"https:\/\/www.macedoniapress.com\/index.php?rest_route=\/wp\/v2\/types\/post"}],"author":[{"embeddable":true,"href":"https:\/\/www.macedoniapress.com\/index.php?rest_route=\/wp\/v2\/users\/2"}],"replies":[{"embeddable":true,"href":"https:\/\/www.macedoniapress.com\/index.php?rest_route=%2Fwp%2Fv2%2Fcomments&post=3527"}],"version-history":[{"count":1,"href":"https:\/\/www.macedoniapress.com\/index.php?rest_route=\/wp\/v2\/posts\/3527\/revisions"}],"predecessor-version":[{"id":3529,"href":"https:\/\/www.macedoniapress.com\/index.php?rest_route=\/wp\/v2\/posts\/3527\/revisions\/3529"}],"wp:featuredmedia":[{"embeddable":true,"href":"https:\/\/www.macedoniapress.com\/index.php?rest_route=\/wp\/v2\/media\/3528"}],"wp:attachment":[{"href":"https:\/\/www.macedoniapress.com\/index.php?rest_route=%2Fwp%2Fv2%2Fmedia&parent=3527"}],"wp:term":[{"taxonomy":"category","embeddable":true,"href":"https:\/\/www.macedoniapress.com\/index.php?rest_route=%2Fwp%2Fv2%2Fcategories&post=3527"},{"taxonomy":"post_tag","embeddable":true,"href":"https:\/\/www.macedoniapress.com\/index.php?rest_route=%2Fwp%2Fv2%2Ftags&post=3527"}],"curies":[{"name":"wp","href":"https:\/\/api.w.org\/{rel}","templated":true}]}}