{"id":3521,"date":"2026-04-27T16:01:40","date_gmt":"2026-04-27T14:01:40","guid":{"rendered":"https:\/\/www.macedoniapress.com\/?p=3521"},"modified":"2026-04-27T16:01:40","modified_gmt":"2026-04-27T14:01:40","slug":"rikthehet-ne-ring-anthony-joshua-do-te-perballet-me-boksierin-shqiptar","status":"publish","type":"post","link":"https:\/\/www.macedoniapress.com\/?p=3521","title":{"rendered":"Rikthehet n\u00eb ring Anthony Joshua, do t\u00eb p\u00ebrballet me boksierin shqiptar"},"content":{"rendered":"<p><strong>Boksieri Anthony Joshua do t\u00eb rikthehet s\u00ebrish n\u00eb ring pas incidentit q\u00eb i ndodhi, e m\u00eb e bukura se do t\u00eb p\u00ebrballet me shqiptarin Kristian Prenga.<\/strong><\/p>\n<p>Joshua kaloi nj\u00eb periudh\u00eb t\u00eb r\u00ebnd\u00eb emocionale kur ishte i pranish\u00ebm n\u00eb nj\u00eb aksident, n\u00eb t\u00eb cilin dy miqt\u00eb e tij t\u00eb ngusht\u00eb nd\u00ebrruan jet\u00eb n\u00eb dhjetor.<\/p>\n<p>Tyson Fury i k\u00ebrkoi p\u00ebrballje muajin e kaluar, megjithat\u00eb Joshua fillimisht do t\u00eb p\u00ebrballe me shqiptarin Prenga.<\/p>\n<div class=\"des-adv jashtshteti\"><ins id=\"revive-0-1\" data-revive-zoneid=\"2\" data-revive-id=\"72a2027980ba5271e779e821c7719f8a\" data-revive-seq=\"1\" data-revive-loaded=\"1\"><\/p>\n<div id=\"beacon_fb6726e7ef\"><img loading=\"lazy\" decoding=\"async\" src=\"https:\/\/insajderi.org\/ads\/www\/delivery\/lg.php?bannerid=0&amp;campaignid=0&amp;zoneid=2&amp;loc=https%3A%2F%2Finsajderi.org%2Frikthehet-ne-ring-anthony-joshua-do-te-perballet-me-boksierin-shqiptar%2F%3Ffbclid%3DIwZXh0bgNhZW0CMTEAc3J0YwZhcHBfaWQKNjYyODU2ODM3OQABHgPqGJ_4zkoYPnyhLTXAWMomTpRWcsL6oyjKPFGL52631uwfK1hjzUlVUBgv_aem_aSdkcPXI_HT5Tg5hhpZdCA&amp;referer=https%3A%2F%2Ffacebook.com%2F&amp;cb=fb6726e7ef\" alt=\"\" width=\"0\" height=\"0\" \/><\/div>\n<p><\/ins><\/div>\n<p>Tashm\u00eb \u00ebsht\u00eb zyrtare, se p\u00ebrballja e zjarrt\u00eb do t\u00eb zhvillohet n\u00eb Arabin\u00eb Saudite m\u00eb 25 dhjetor, m\u00eb sakt\u00ebsisht n\u00eb Riyadh.<\/p>\n<figure class=\"wp-block-image size-full\"><img loading=\"lazy\" decoding=\"async\" class=\"wp-image-2056558\" src=\"https:\/\/insajderi.org\/wp-content\/uploads\/2026\/04\/image-213.png\" sizes=\"auto, (max-width: 625px) 100vw, 625px\" srcset=\"https:\/\/insajderi.org\/wp-content\/uploads\/2026\/04\/image-213.png 625w, https:\/\/insajderi.org\/wp-content\/uploads\/2026\/04\/image-213-80x50.png 80w\" alt=\"\" width=\"625\" height=\"400\" \/><\/figure>\n<p>Nd\u00ebrkoh\u00eb, n\u00eb rast fitore \u2013 at\u00ebher\u00eb me\u00e7i i radh\u00ebs do t\u00eb jet\u00eb kund\u00ebr Furyt, si\u00e7 ka konfirmuar edhe vet\u00eb Joshua.<\/p>\n<p>\u201cNuk \u00ebsht\u00eb sekret se kam marr\u00eb pak koh\u00eb p\u00ebr t\u2019u ngush\u00eblluar dhe p\u00ebrgatitur p\u00ebr t\u2019u rikthyer s\u00ebrish n\u00eb ring dhe tani \u00ebsht\u00eb koha p\u00ebr ta marr\u00eb hapin. Jam i lumtur se kam n\u00ebnshkruar nj\u00eb me\u00e7 m\u00eb 25 korrik n\u00eb Arabin\u00eb Saudite\u201d.<\/p>\n<p>\u201cMezi po pres t\u00eb garoj dhe vazhdoj ku mbeta. Kjo \u00ebsht\u00eb e sigurt\u201d, deklaroi ai.<\/p>\n","protected":false},"excerpt":{"rendered":"<p>Boksieri Anthony Joshua do t\u00eb rikthehet s\u00ebrish n\u00eb ring pas incidentit q\u00eb i ndodhi, e m\u00eb e bukura se do t\u00eb p\u00ebrballet me shqiptarin Kristian Prenga. Joshua kaloi nj\u00eb periudh\u00eb t\u00eb r\u00ebnd\u00eb emocionale kur ishte i pranish\u00ebm n\u00eb nj\u00eb aksident, n\u00eb t\u00eb cilin dy miqt\u00eb e tij t\u00eb ngusht\u00eb nd\u00ebrruan jet\u00eb n\u00eb dhjetor. Tyson Fury&#8230;<\/p>\n","protected":false},"author":2,"featured_media":3522,"comment_status":"closed","ping_status":"open","sticky":false,"template":"","format":"standard","meta":{"footnotes":""},"categories":[10],"tags":[],"class_list":["post-3521","post","type-post","status-publish","format-standard","has-post-thumbnail","hentry","category-sport"],"yoast_head":"<!-- This site is optimized with the Yoast SEO plugin v27.2 - https:\/\/yoast.com\/product\/yoast-seo-wordpress\/ -->\n<title>Rikthehet n\u00eb ring Anthony Joshua, do t\u00eb p\u00ebrballet me boksierin shqiptar - Macedonia Press<\/title>\n<meta name=\"robots\" content=\"index, follow, max-snippet:-1, max-image-preview:large, max-video-preview:-1\" \/>\n<link rel=\"canonical\" href=\"https:\/\/www.macedoniapress.com\/?p=3521\" \/>\n<meta property=\"og:locale\" content=\"en_US\" \/>\n<meta property=\"og:type\" content=\"article\" \/>\n<meta property=\"og:title\" content=\"Rikthehet n\u00eb ring Anthony Joshua, do t\u00eb p\u00ebrballet me boksierin shqiptar - Macedonia Press\" \/>\n<meta property=\"og:description\" content=\"Boksieri Anthony Joshua do t\u00eb rikthehet s\u00ebrish n\u00eb ring pas incidentit q\u00eb i ndodhi, e m\u00eb e bukura se do t\u00eb p\u00ebrballet me shqiptarin Kristian Prenga. Joshua kaloi nj\u00eb periudh\u00eb t\u00eb r\u00ebnd\u00eb emocionale kur ishte i pranish\u00ebm n\u00eb nj\u00eb aksident, n\u00eb t\u00eb cilin dy miqt\u00eb e tij t\u00eb ngusht\u00eb nd\u00ebrruan jet\u00eb n\u00eb dhjetor. Tyson Fury...\" \/>\n<meta property=\"og:url\" content=\"https:\/\/www.macedoniapress.com\/?p=3521\" \/>\n<meta property=\"og:site_name\" content=\"Macedonia Press\" \/>\n<meta property=\"article:published_time\" content=\"2026-04-27T14:01:40+00:00\" \/>\n<meta property=\"og:image\" content=\"https:\/\/www.macedoniapress.com\/wp-content\/uploads\/2026\/04\/IMG_3003.jpeg\" \/>\n\t<meta property=\"og:image:width\" content=\"767\" \/>\n\t<meta property=\"og:image:height\" content=\"431\" \/>\n\t<meta property=\"og:image:type\" content=\"image\/jpeg\" \/>\n<meta name=\"author\" content=\"Macedonia Press\" \/>\n<meta name=\"twitter:card\" content=\"summary_large_image\" \/>\n<meta name=\"twitter:label1\" content=\"Written by\" \/>\n\t<meta name=\"twitter:data1\" content=\"Macedonia Press\" \/>\n\t<meta name=\"twitter:label2\" content=\"Est. reading time\" \/>\n\t<meta name=\"twitter:data2\" content=\"2 minutes\" \/>\n<script type=\"application\/ld+json\" class=\"yoast-schema-graph\">{\"@context\":\"https:\/\/schema.org\",\"@graph\":[{\"@type\":\"Article\",\"@id\":\"https:\/\/www.macedoniapress.com\/?p=3521#article\",\"isPartOf\":{\"@id\":\"https:\/\/www.macedoniapress.com\/?p=3521\"},\"author\":{\"name\":\"Macedonia Press\",\"@id\":\"https:\/\/www.macedoniapress.com\/#\/schema\/person\/060101f54fa08b58b8847d6f8536f977\"},\"headline\":\"Rikthehet n\u00eb ring Anthony Joshua, do t\u00eb p\u00ebrballet me boksierin shqiptar\",\"datePublished\":\"2026-04-27T14:01:40+00:00\",\"mainEntityOfPage\":{\"@id\":\"https:\/\/www.macedoniapress.com\/?p=3521\"},\"wordCount\":199,\"publisher\":{\"@id\":\"https:\/\/www.macedoniapress.com\/#organization\"},\"image\":{\"@id\":\"https:\/\/www.macedoniapress.com\/?p=3521#primaryimage\"},\"thumbnailUrl\":\"https:\/\/www.macedoniapress.com\/wp-content\/uploads\/2026\/04\/IMG_3003.jpeg\",\"articleSection\":[\"SPORT\"],\"inLanguage\":\"en-US\"},{\"@type\":\"WebPage\",\"@id\":\"https:\/\/www.macedoniapress.com\/?p=3521\",\"url\":\"https:\/\/www.macedoniapress.com\/?p=3521\",\"name\":\"Rikthehet n\u00eb ring Anthony Joshua, do t\u00eb p\u00ebrballet me boksierin shqiptar - Macedonia Press\",\"isPartOf\":{\"@id\":\"https:\/\/www.macedoniapress.com\/#website\"},\"primaryImageOfPage\":{\"@id\":\"https:\/\/www.macedoniapress.com\/?p=3521#primaryimage\"},\"image\":{\"@id\":\"https:\/\/www.macedoniapress.com\/?p=3521#primaryimage\"},\"thumbnailUrl\":\"https:\/\/www.macedoniapress.com\/wp-content\/uploads\/2026\/04\/IMG_3003.jpeg\",\"datePublished\":\"2026-04-27T14:01:40+00:00\",\"breadcrumb\":{\"@id\":\"https:\/\/www.macedoniapress.com\/?p=3521#breadcrumb\"},\"inLanguage\":\"en-US\",\"potentialAction\":[{\"@type\":\"ReadAction\",\"target\":[\"https:\/\/www.macedoniapress.com\/?p=3521\"]}]},{\"@type\":\"ImageObject\",\"inLanguage\":\"en-US\",\"@id\":\"https:\/\/www.macedoniapress.com\/?p=3521#primaryimage\",\"url\":\"https:\/\/www.macedoniapress.com\/wp-content\/uploads\/2026\/04\/IMG_3003.jpeg\",\"contentUrl\":\"https:\/\/www.macedoniapress.com\/wp-content\/uploads\/2026\/04\/IMG_3003.jpeg\",\"width\":767,\"height\":431},{\"@type\":\"BreadcrumbList\",\"@id\":\"https:\/\/www.macedoniapress.com\/?p=3521#breadcrumb\",\"itemListElement\":[{\"@type\":\"ListItem\",\"position\":1,\"name\":\"Home\",\"item\":\"https:\/\/www.macedoniapress.com\/\"},{\"@type\":\"ListItem\",\"position\":2,\"name\":\"Rikthehet n\u00eb ring Anthony Joshua, do t\u00eb p\u00ebrballet me boksierin shqiptar\"}]},{\"@type\":\"WebSite\",\"@id\":\"https:\/\/www.macedoniapress.com\/#website\",\"url\":\"https:\/\/www.macedoniapress.com\/\",\"name\":\"Macedonia Press\",\"description\":\"macedoniapress.com\",\"publisher\":{\"@id\":\"https:\/\/www.macedoniapress.com\/#organization\"},\"potentialAction\":[{\"@type\":\"SearchAction\",\"target\":{\"@type\":\"EntryPoint\",\"urlTemplate\":\"https:\/\/www.macedoniapress.com\/?s={search_term_string}\"},\"query-input\":{\"@type\":\"PropertyValueSpecification\",\"valueRequired\":true,\"valueName\":\"search_term_string\"}}],\"inLanguage\":\"en-US\"},{\"@type\":\"Organization\",\"@id\":\"https:\/\/www.macedoniapress.com\/#organization\",\"name\":\"Macedonia Press\",\"url\":\"https:\/\/www.macedoniapress.com\/\",\"logo\":{\"@type\":\"ImageObject\",\"inLanguage\":\"en-US\",\"@id\":\"https:\/\/www.macedoniapress.com\/#\/schema\/logo\/image\/\",\"url\":\"https:\/\/www.macedoniapress.com\/wp-content\/uploads\/2025\/09\/21440B89-8EAC-4476-9403-469F5CA0CDC8.png\",\"contentUrl\":\"https:\/\/www.macedoniapress.com\/wp-content\/uploads\/2025\/09\/21440B89-8EAC-4476-9403-469F5CA0CDC8.png\",\"width\":1536,\"height\":1024,\"caption\":\"Macedonia Press\"},\"image\":{\"@id\":\"https:\/\/www.macedoniapress.com\/#\/schema\/logo\/image\/\"}},{\"@type\":\"Person\",\"@id\":\"https:\/\/www.macedoniapress.com\/#\/schema\/person\/060101f54fa08b58b8847d6f8536f977\",\"name\":\"Macedonia Press\",\"url\":\"https:\/\/www.macedoniapress.com\/?author=2\"}]}<\/script>\n<!-- \/ Yoast SEO plugin. -->","yoast_head_json":{"title":"Rikthehet n\u00eb ring Anthony Joshua, do t\u00eb p\u00ebrballet me boksierin shqiptar - Macedonia Press","robots":{"index":"index","follow":"follow","max-snippet":"max-snippet:-1","max-image-preview":"max-image-preview:large","max-video-preview":"max-video-preview:-1"},"canonical":"https:\/\/www.macedoniapress.com\/?p=3521","og_locale":"en_US","og_type":"article","og_title":"Rikthehet n\u00eb ring Anthony Joshua, do t\u00eb p\u00ebrballet me boksierin shqiptar - Macedonia Press","og_description":"Boksieri Anthony Joshua do t\u00eb rikthehet s\u00ebrish n\u00eb ring pas incidentit q\u00eb i ndodhi, e m\u00eb e bukura se do t\u00eb p\u00ebrballet me shqiptarin Kristian Prenga. Joshua kaloi nj\u00eb periudh\u00eb t\u00eb r\u00ebnd\u00eb emocionale kur ishte i pranish\u00ebm n\u00eb nj\u00eb aksident, n\u00eb t\u00eb cilin dy miqt\u00eb e tij t\u00eb ngusht\u00eb nd\u00ebrruan jet\u00eb n\u00eb dhjetor. Tyson Fury...","og_url":"https:\/\/www.macedoniapress.com\/?p=3521","og_site_name":"Macedonia Press","article_published_time":"2026-04-27T14:01:40+00:00","og_image":[{"width":767,"height":431,"url":"https:\/\/www.macedoniapress.com\/wp-content\/uploads\/2026\/04\/IMG_3003.jpeg","type":"image\/jpeg"}],"author":"Macedonia Press","twitter_card":"summary_large_image","twitter_misc":{"Written by":"Macedonia Press","Est. reading time":"2 minutes"},"schema":{"@context":"https:\/\/schema.org","@graph":[{"@type":"Article","@id":"https:\/\/www.macedoniapress.com\/?p=3521#article","isPartOf":{"@id":"https:\/\/www.macedoniapress.com\/?p=3521"},"author":{"name":"Macedonia Press","@id":"https:\/\/www.macedoniapress.com\/#\/schema\/person\/060101f54fa08b58b8847d6f8536f977"},"headline":"Rikthehet n\u00eb ring Anthony Joshua, do t\u00eb p\u00ebrballet me boksierin shqiptar","datePublished":"2026-04-27T14:01:40+00:00","mainEntityOfPage":{"@id":"https:\/\/www.macedoniapress.com\/?p=3521"},"wordCount":199,"publisher":{"@id":"https:\/\/www.macedoniapress.com\/#organization"},"image":{"@id":"https:\/\/www.macedoniapress.com\/?p=3521#primaryimage"},"thumbnailUrl":"https:\/\/www.macedoniapress.com\/wp-content\/uploads\/2026\/04\/IMG_3003.jpeg","articleSection":["SPORT"],"inLanguage":"en-US"},{"@type":"WebPage","@id":"https:\/\/www.macedoniapress.com\/?p=3521","url":"https:\/\/www.macedoniapress.com\/?p=3521","name":"Rikthehet n\u00eb ring Anthony Joshua, do t\u00eb p\u00ebrballet me boksierin shqiptar - Macedonia Press","isPartOf":{"@id":"https:\/\/www.macedoniapress.com\/#website"},"primaryImageOfPage":{"@id":"https:\/\/www.macedoniapress.com\/?p=3521#primaryimage"},"image":{"@id":"https:\/\/www.macedoniapress.com\/?p=3521#primaryimage"},"thumbnailUrl":"https:\/\/www.macedoniapress.com\/wp-content\/uploads\/2026\/04\/IMG_3003.jpeg","datePublished":"2026-04-27T14:01:40+00:00","breadcrumb":{"@id":"https:\/\/www.macedoniapress.com\/?p=3521#breadcrumb"},"inLanguage":"en-US","potentialAction":[{"@type":"ReadAction","target":["https:\/\/www.macedoniapress.com\/?p=3521"]}]},{"@type":"ImageObject","inLanguage":"en-US","@id":"https:\/\/www.macedoniapress.com\/?p=3521#primaryimage","url":"https:\/\/www.macedoniapress.com\/wp-content\/uploads\/2026\/04\/IMG_3003.jpeg","contentUrl":"https:\/\/www.macedoniapress.com\/wp-content\/uploads\/2026\/04\/IMG_3003.jpeg","width":767,"height":431},{"@type":"BreadcrumbList","@id":"https:\/\/www.macedoniapress.com\/?p=3521#breadcrumb","itemListElement":[{"@type":"ListItem","position":1,"name":"Home","item":"https:\/\/www.macedoniapress.com\/"},{"@type":"ListItem","position":2,"name":"Rikthehet n\u00eb ring Anthony Joshua, do t\u00eb p\u00ebrballet me boksierin shqiptar"}]},{"@type":"WebSite","@id":"https:\/\/www.macedoniapress.com\/#website","url":"https:\/\/www.macedoniapress.com\/","name":"Macedonia Press","description":"macedoniapress.com","publisher":{"@id":"https:\/\/www.macedoniapress.com\/#organization"},"potentialAction":[{"@type":"SearchAction","target":{"@type":"EntryPoint","urlTemplate":"https:\/\/www.macedoniapress.com\/?s={search_term_string}"},"query-input":{"@type":"PropertyValueSpecification","valueRequired":true,"valueName":"search_term_string"}}],"inLanguage":"en-US"},{"@type":"Organization","@id":"https:\/\/www.macedoniapress.com\/#organization","name":"Macedonia Press","url":"https:\/\/www.macedoniapress.com\/","logo":{"@type":"ImageObject","inLanguage":"en-US","@id":"https:\/\/www.macedoniapress.com\/#\/schema\/logo\/image\/","url":"https:\/\/www.macedoniapress.com\/wp-content\/uploads\/2025\/09\/21440B89-8EAC-4476-9403-469F5CA0CDC8.png","contentUrl":"https:\/\/www.macedoniapress.com\/wp-content\/uploads\/2025\/09\/21440B89-8EAC-4476-9403-469F5CA0CDC8.png","width":1536,"height":1024,"caption":"Macedonia Press"},"image":{"@id":"https:\/\/www.macedoniapress.com\/#\/schema\/logo\/image\/"}},{"@type":"Person","@id":"https:\/\/www.macedoniapress.com\/#\/schema\/person\/060101f54fa08b58b8847d6f8536f977","name":"Macedonia Press","url":"https:\/\/www.macedoniapress.com\/?author=2"}]}},"_links":{"self":[{"href":"https:\/\/www.macedoniapress.com\/index.php?rest_route=\/wp\/v2\/posts\/3521","targetHints":{"allow":["GET"]}}],"collection":[{"href":"https:\/\/www.macedoniapress.com\/index.php?rest_route=\/wp\/v2\/posts"}],"about":[{"href":"https:\/\/www.macedoniapress.com\/index.php?rest_route=\/wp\/v2\/types\/post"}],"author":[{"embeddable":true,"href":"https:\/\/www.macedoniapress.com\/index.php?rest_route=\/wp\/v2\/users\/2"}],"replies":[{"embeddable":true,"href":"https:\/\/www.macedoniapress.com\/index.php?rest_route=%2Fwp%2Fv2%2Fcomments&post=3521"}],"version-history":[{"count":1,"href":"https:\/\/www.macedoniapress.com\/index.php?rest_route=\/wp\/v2\/posts\/3521\/revisions"}],"predecessor-version":[{"id":3523,"href":"https:\/\/www.macedoniapress.com\/index.php?rest_route=\/wp\/v2\/posts\/3521\/revisions\/3523"}],"wp:featuredmedia":[{"embeddable":true,"href":"https:\/\/www.macedoniapress.com\/index.php?rest_route=\/wp\/v2\/media\/3522"}],"wp:attachment":[{"href":"https:\/\/www.macedoniapress.com\/index.php?rest_route=%2Fwp%2Fv2%2Fmedia&parent=3521"}],"wp:term":[{"taxonomy":"category","embeddable":true,"href":"https:\/\/www.macedoniapress.com\/index.php?rest_route=%2Fwp%2Fv2%2Fcategories&post=3521"},{"taxonomy":"post_tag","embeddable":true,"href":"https:\/\/www.macedoniapress.com\/index.php?rest_route=%2Fwp%2Fv2%2Ftags&post=3521"}],"curies":[{"name":"wp","href":"https:\/\/api.w.org\/{rel}","templated":true}]}}