{"id":3518,"date":"2026-04-27T15:09:14","date_gmt":"2026-04-27T13:09:14","guid":{"rendered":"https:\/\/www.macedoniapress.com\/?p=3518"},"modified":"2026-04-27T15:09:14","modified_gmt":"2026-04-27T13:09:14","slug":"fronti-evropian-me-nisme-per-ndryshimet-kushtetuese-vlen-parodi-e-radhes","status":"publish","type":"post","link":"https:\/\/www.macedoniapress.com\/?p=3518","title":{"rendered":"Fronti Evropian me nism\u00eb p\u00ebr ndryshimet kushtetuese, VLEN: Parodi e radh\u00ebs"},"content":{"rendered":"<p><strong>Deputet\u00ebt e Frontit Evropian opozitar kan\u00eb njoftuar fillimin e procedur\u00ebs p\u00ebr sigurimin e n\u00ebnshkrimeve t\u00eb nevojshme parlamentare p\u00ebr inicimin e ndryshimeve kushtetuese, si nj\u00eb hap i domosdosh\u00ebm dhe i p\u00ebrgjegjsh\u00ebm institucional p\u00ebr avancimin e procesit t\u00eb integrimit evropian t\u00eb Republik\u00ebs s\u00eb Maqedonis\u00eb s\u00eb Veriut. P\u00ebr VLEN-in n\u00eb pushtet, kjo paraqet nj\u00eb parodi t\u00eb radh\u00ebs nga BDI.<\/strong><\/p>\n<p>Deputeti <strong>Blerim<\/strong> <strong>Bexheti<\/strong> tha se kjo iniciativ\u00eb mb\u00ebshtetet n\u00eb mund\u00ebsin\u00eb kushtetuese t\u00eb parapar\u00eb n\u00eb nenin 130 t\u00eb Kushtetut\u00ebs, sipas t\u00eb cilit propozimi p\u00ebr ndryshimin e Kushtetut\u00ebs mund t\u00eb paraqitet nga s\u00eb paku 30 deputet\u00eb.<\/p>\n<p>\u201cPrandaj, duke filluar nga sot, u b\u00ebjm\u00eb thirrje t\u00eb gjith\u00eb deputet\u00ebve n\u00eb Kuvendin e Republik\u00ebs s\u00eb Maqedonis\u00eb s\u00eb Veriut, si t\u00eb shumic\u00ebs parlamentare, ashtu edhe t\u00eb opozit\u00ebs, p\u00ebrfshir\u00eb deputet\u00ebt e Aleanc\u00ebs p\u00ebr Shqiptar\u00ebt, deputet\u00ebt e pavarur, si dhe p\u00ebrfaq\u00ebsuesit e t\u00eb gjitha partive politike q\u00eb e shohin t\u00eb ardhmen e vendit n\u00eb Bashkimi Evropian, e sidomos deputet\u00ebt e VLEN-it, q\u00eb t\u00eb japin mb\u00ebshtetjen e tyre duke n\u00ebnshkruar k\u00ebt\u00eb iniciativ\u00eb\u201d, tha <strong>Bexheti<\/strong>.<\/p>\n<p>Ai tha se duke filluar nga sot, \u00e7do deputet ka mund\u00ebsin\u00eb t\u00eb p\u00ebrcaktohet qart\u00eb: p\u00ebr zhbllokimin e procesit apo p\u00ebr vazhdimin e bllokad\u00ebs; p\u00ebr rrug\u00ebn evropiane apo p\u00ebr izolim; p\u00ebr t\u00eb ardhmen e vendit apo p\u00ebr kalkulime t\u00eb ngushta partiake.<\/p>\n<p>Nga ana tjet\u00ebr, nga <strong>VLEN<\/strong> e konsiderojn\u00eb si joserioze dhe vet\u00ebsabotuese nism\u00ebn e sotme t\u00eb BDI-s\u00eb, si\u00e7 thon\u00eb, m\u00eb shum\u00eb i ngjan nj\u00eb parodie satirike sesa di\u00e7ka q\u00eb ia vlen t\u00eb trajtohet seriozisht.<\/p>\n<p>\u201cBDI ofendon r\u00ebnd\u00eb BE-n\u00eb dhe shqiptar\u00ebt kur Blerim Bexheti flet p\u00ebr vlera europiane. E rikujtojm\u00eb p\u00ebr opinionin se Blerim Bexheti, si funksionar i p\u00ebrjetsh\u00ebm i BDI-s\u00eb, \u00ebsht\u00eb sinonim i politik\u00ebs kund\u00ebr \u00e7do vlere europiane. Prandaj, konsiderojm\u00eb se BDI-ja tallet me opinionin kur b\u00ebn sikur shqet\u00ebsohet p\u00ebr eurointegrimet, nd\u00ebrsa zgjedh Blerim Bexhetin si personazh t\u00eb agjend\u00ebs s\u00eb saj \u201ceuropiane\u201d. VLEN nuk e ka nd\u00ebrmend t\u00eb b\u00ebhet pjes\u00eb e k\u00ebsaj parodie. Integrimi europian k\u00ebrkon qasje serioze dhe t\u00eb sinqert\u00eb. Qeveria \u00ebsht\u00eb e fokusuar n\u00eb Agjend\u00ebn Reformuese, e cila po zbatohet me shum\u00eb sukses dhe mir\u00ebnjohje nga Brukseli\u201d, thon\u00eb nga <strong>VLEN<\/strong>.<\/p>\n<p>Kujtojm\u00eb se s\u00eb fundmi, r<strong>aportuesi p\u00ebr Maqedonin\u00eb e Veriut n\u00eb Parlamentin Evropian, Thomas Waitz, n\u00eb nj\u00eb intervist\u00eb p\u00ebr\u00a0<a href=\"https:\/\/euronews.bg\/programs\/chlenstvoto-na-rsm-v-es-izuchavane-na-ukr\/\" target=\"_blank\" rel=\"noopener\">Euronews Bullgari<\/a> deklaroi se nuk <\/strong><span class=\"post-title\">sheh as p\u00ebrparim as reforma n\u00eb Maqedonin\u00eb e Veriut dhe se vendi rrezikon humbjen e 47 milion\u00eb eurove.<\/span><\/p>\n","protected":false},"excerpt":{"rendered":"<p>Deputet\u00ebt e Frontit Evropian opozitar kan\u00eb njoftuar fillimin e procedur\u00ebs p\u00ebr sigurimin e n\u00ebnshkrimeve t\u00eb nevojshme parlamentare p\u00ebr inicimin e ndryshimeve kushtetuese, si nj\u00eb hap i domosdosh\u00ebm dhe i p\u00ebrgjegjsh\u00ebm institucional p\u00ebr avancimin e procesit t\u00eb integrimit evropian t\u00eb Republik\u00ebs s\u00eb Maqedonis\u00eb s\u00eb Veriut. P\u00ebr VLEN-in n\u00eb pushtet, kjo paraqet nj\u00eb parodi t\u00eb radh\u00ebs nga&#8230;<\/p>\n","protected":false},"author":2,"featured_media":3519,"comment_status":"closed","ping_status":"open","sticky":false,"template":"","format":"standard","meta":{"footnotes":""},"categories":[1],"tags":[],"class_list":["post-3518","post","type-post","status-publish","format-standard","has-post-thumbnail","hentry","category-makedonija"],"yoast_head":"<!-- This site is optimized with the Yoast SEO plugin v27.2 - https:\/\/yoast.com\/product\/yoast-seo-wordpress\/ -->\n<title>Fronti Evropian me nism\u00eb p\u00ebr ndryshimet kushtetuese, VLEN: Parodi e radh\u00ebs - Macedonia Press<\/title>\n<meta name=\"robots\" content=\"index, follow, max-snippet:-1, max-image-preview:large, max-video-preview:-1\" \/>\n<link rel=\"canonical\" href=\"https:\/\/www.macedoniapress.com\/?p=3518\" \/>\n<meta property=\"og:locale\" content=\"en_US\" \/>\n<meta property=\"og:type\" content=\"article\" \/>\n<meta property=\"og:title\" content=\"Fronti Evropian me nism\u00eb p\u00ebr ndryshimet kushtetuese, VLEN: Parodi e radh\u00ebs - Macedonia Press\" \/>\n<meta property=\"og:description\" content=\"Deputet\u00ebt e Frontit Evropian opozitar kan\u00eb njoftuar fillimin e procedur\u00ebs p\u00ebr sigurimin e n\u00ebnshkrimeve t\u00eb nevojshme parlamentare p\u00ebr inicimin e ndryshimeve kushtetuese, si nj\u00eb hap i domosdosh\u00ebm dhe i p\u00ebrgjegjsh\u00ebm institucional p\u00ebr avancimin e procesit t\u00eb integrimit evropian t\u00eb Republik\u00ebs s\u00eb Maqedonis\u00eb s\u00eb Veriut. P\u00ebr VLEN-in n\u00eb pushtet, kjo paraqet nj\u00eb parodi t\u00eb radh\u00ebs nga...\" \/>\n<meta property=\"og:url\" content=\"https:\/\/www.macedoniapress.com\/?p=3518\" \/>\n<meta property=\"og:site_name\" content=\"Macedonia Press\" \/>\n<meta property=\"article:published_time\" content=\"2026-04-27T13:09:14+00:00\" \/>\n<meta property=\"og:image\" content=\"https:\/\/www.macedoniapress.com\/wp-content\/uploads\/2026\/04\/IMG_3001.jpeg\" \/>\n\t<meta property=\"og:image:width\" content=\"1600\" \/>\n\t<meta property=\"og:image:height\" content=\"1224\" \/>\n\t<meta property=\"og:image:type\" content=\"image\/jpeg\" \/>\n<meta name=\"author\" content=\"Macedonia Press\" \/>\n<meta name=\"twitter:card\" content=\"summary_large_image\" \/>\n<meta name=\"twitter:label1\" content=\"Written by\" \/>\n\t<meta name=\"twitter:data1\" content=\"Macedonia Press\" \/>\n\t<meta name=\"twitter:label2\" content=\"Est. reading time\" \/>\n\t<meta name=\"twitter:data2\" content=\"2 minutes\" \/>\n<script type=\"application\/ld+json\" class=\"yoast-schema-graph\">{\"@context\":\"https:\/\/schema.org\",\"@graph\":[{\"@type\":\"Article\",\"@id\":\"https:\/\/www.macedoniapress.com\/?p=3518#article\",\"isPartOf\":{\"@id\":\"https:\/\/www.macedoniapress.com\/?p=3518\"},\"author\":{\"name\":\"Macedonia Press\",\"@id\":\"https:\/\/www.macedoniapress.com\/#\/schema\/person\/060101f54fa08b58b8847d6f8536f977\"},\"headline\":\"Fronti Evropian me nism\u00eb p\u00ebr ndryshimet kushtetuese, VLEN: Parodi e radh\u00ebs\",\"datePublished\":\"2026-04-27T13:09:14+00:00\",\"mainEntityOfPage\":{\"@id\":\"https:\/\/www.macedoniapress.com\/?p=3518\"},\"wordCount\":453,\"publisher\":{\"@id\":\"https:\/\/www.macedoniapress.com\/#organization\"},\"image\":{\"@id\":\"https:\/\/www.macedoniapress.com\/?p=3518#primaryimage\"},\"thumbnailUrl\":\"https:\/\/www.macedoniapress.com\/wp-content\/uploads\/2026\/04\/IMG_3001.jpeg\",\"articleSection\":[\"MAQEDONI\"],\"inLanguage\":\"en-US\"},{\"@type\":\"WebPage\",\"@id\":\"https:\/\/www.macedoniapress.com\/?p=3518\",\"url\":\"https:\/\/www.macedoniapress.com\/?p=3518\",\"name\":\"Fronti Evropian me nism\u00eb p\u00ebr ndryshimet kushtetuese, VLEN: Parodi e radh\u00ebs - Macedonia Press\",\"isPartOf\":{\"@id\":\"https:\/\/www.macedoniapress.com\/#website\"},\"primaryImageOfPage\":{\"@id\":\"https:\/\/www.macedoniapress.com\/?p=3518#primaryimage\"},\"image\":{\"@id\":\"https:\/\/www.macedoniapress.com\/?p=3518#primaryimage\"},\"thumbnailUrl\":\"https:\/\/www.macedoniapress.com\/wp-content\/uploads\/2026\/04\/IMG_3001.jpeg\",\"datePublished\":\"2026-04-27T13:09:14+00:00\",\"breadcrumb\":{\"@id\":\"https:\/\/www.macedoniapress.com\/?p=3518#breadcrumb\"},\"inLanguage\":\"en-US\",\"potentialAction\":[{\"@type\":\"ReadAction\",\"target\":[\"https:\/\/www.macedoniapress.com\/?p=3518\"]}]},{\"@type\":\"ImageObject\",\"inLanguage\":\"en-US\",\"@id\":\"https:\/\/www.macedoniapress.com\/?p=3518#primaryimage\",\"url\":\"https:\/\/www.macedoniapress.com\/wp-content\/uploads\/2026\/04\/IMG_3001.jpeg\",\"contentUrl\":\"https:\/\/www.macedoniapress.com\/wp-content\/uploads\/2026\/04\/IMG_3001.jpeg\",\"width\":1600,\"height\":1224},{\"@type\":\"BreadcrumbList\",\"@id\":\"https:\/\/www.macedoniapress.com\/?p=3518#breadcrumb\",\"itemListElement\":[{\"@type\":\"ListItem\",\"position\":1,\"name\":\"Home\",\"item\":\"https:\/\/www.macedoniapress.com\/\"},{\"@type\":\"ListItem\",\"position\":2,\"name\":\"Fronti Evropian me nism\u00eb p\u00ebr ndryshimet kushtetuese, VLEN: Parodi e radh\u00ebs\"}]},{\"@type\":\"WebSite\",\"@id\":\"https:\/\/www.macedoniapress.com\/#website\",\"url\":\"https:\/\/www.macedoniapress.com\/\",\"name\":\"Macedonia Press\",\"description\":\"macedoniapress.com\",\"publisher\":{\"@id\":\"https:\/\/www.macedoniapress.com\/#organization\"},\"potentialAction\":[{\"@type\":\"SearchAction\",\"target\":{\"@type\":\"EntryPoint\",\"urlTemplate\":\"https:\/\/www.macedoniapress.com\/?s={search_term_string}\"},\"query-input\":{\"@type\":\"PropertyValueSpecification\",\"valueRequired\":true,\"valueName\":\"search_term_string\"}}],\"inLanguage\":\"en-US\"},{\"@type\":\"Organization\",\"@id\":\"https:\/\/www.macedoniapress.com\/#organization\",\"name\":\"Macedonia Press\",\"url\":\"https:\/\/www.macedoniapress.com\/\",\"logo\":{\"@type\":\"ImageObject\",\"inLanguage\":\"en-US\",\"@id\":\"https:\/\/www.macedoniapress.com\/#\/schema\/logo\/image\/\",\"url\":\"https:\/\/www.macedoniapress.com\/wp-content\/uploads\/2025\/09\/21440B89-8EAC-4476-9403-469F5CA0CDC8.png\",\"contentUrl\":\"https:\/\/www.macedoniapress.com\/wp-content\/uploads\/2025\/09\/21440B89-8EAC-4476-9403-469F5CA0CDC8.png\",\"width\":1536,\"height\":1024,\"caption\":\"Macedonia Press\"},\"image\":{\"@id\":\"https:\/\/www.macedoniapress.com\/#\/schema\/logo\/image\/\"}},{\"@type\":\"Person\",\"@id\":\"https:\/\/www.macedoniapress.com\/#\/schema\/person\/060101f54fa08b58b8847d6f8536f977\",\"name\":\"Macedonia Press\",\"url\":\"https:\/\/www.macedoniapress.com\/?author=2\"}]}<\/script>\n<!-- \/ Yoast SEO plugin. -->","yoast_head_json":{"title":"Fronti Evropian me nism\u00eb p\u00ebr ndryshimet kushtetuese, VLEN: Parodi e radh\u00ebs - Macedonia Press","robots":{"index":"index","follow":"follow","max-snippet":"max-snippet:-1","max-image-preview":"max-image-preview:large","max-video-preview":"max-video-preview:-1"},"canonical":"https:\/\/www.macedoniapress.com\/?p=3518","og_locale":"en_US","og_type":"article","og_title":"Fronti Evropian me nism\u00eb p\u00ebr ndryshimet kushtetuese, VLEN: Parodi e radh\u00ebs - Macedonia Press","og_description":"Deputet\u00ebt e Frontit Evropian opozitar kan\u00eb njoftuar fillimin e procedur\u00ebs p\u00ebr sigurimin e n\u00ebnshkrimeve t\u00eb nevojshme parlamentare p\u00ebr inicimin e ndryshimeve kushtetuese, si nj\u00eb hap i domosdosh\u00ebm dhe i p\u00ebrgjegjsh\u00ebm institucional p\u00ebr avancimin e procesit t\u00eb integrimit evropian t\u00eb Republik\u00ebs s\u00eb Maqedonis\u00eb s\u00eb Veriut. P\u00ebr VLEN-in n\u00eb pushtet, kjo paraqet nj\u00eb parodi t\u00eb radh\u00ebs nga...","og_url":"https:\/\/www.macedoniapress.com\/?p=3518","og_site_name":"Macedonia Press","article_published_time":"2026-04-27T13:09:14+00:00","og_image":[{"width":1600,"height":1224,"url":"https:\/\/www.macedoniapress.com\/wp-content\/uploads\/2026\/04\/IMG_3001.jpeg","type":"image\/jpeg"}],"author":"Macedonia Press","twitter_card":"summary_large_image","twitter_misc":{"Written by":"Macedonia Press","Est. reading time":"2 minutes"},"schema":{"@context":"https:\/\/schema.org","@graph":[{"@type":"Article","@id":"https:\/\/www.macedoniapress.com\/?p=3518#article","isPartOf":{"@id":"https:\/\/www.macedoniapress.com\/?p=3518"},"author":{"name":"Macedonia Press","@id":"https:\/\/www.macedoniapress.com\/#\/schema\/person\/060101f54fa08b58b8847d6f8536f977"},"headline":"Fronti Evropian me nism\u00eb p\u00ebr ndryshimet kushtetuese, VLEN: Parodi e radh\u00ebs","datePublished":"2026-04-27T13:09:14+00:00","mainEntityOfPage":{"@id":"https:\/\/www.macedoniapress.com\/?p=3518"},"wordCount":453,"publisher":{"@id":"https:\/\/www.macedoniapress.com\/#organization"},"image":{"@id":"https:\/\/www.macedoniapress.com\/?p=3518#primaryimage"},"thumbnailUrl":"https:\/\/www.macedoniapress.com\/wp-content\/uploads\/2026\/04\/IMG_3001.jpeg","articleSection":["MAQEDONI"],"inLanguage":"en-US"},{"@type":"WebPage","@id":"https:\/\/www.macedoniapress.com\/?p=3518","url":"https:\/\/www.macedoniapress.com\/?p=3518","name":"Fronti Evropian me nism\u00eb p\u00ebr ndryshimet kushtetuese, VLEN: Parodi e radh\u00ebs - Macedonia Press","isPartOf":{"@id":"https:\/\/www.macedoniapress.com\/#website"},"primaryImageOfPage":{"@id":"https:\/\/www.macedoniapress.com\/?p=3518#primaryimage"},"image":{"@id":"https:\/\/www.macedoniapress.com\/?p=3518#primaryimage"},"thumbnailUrl":"https:\/\/www.macedoniapress.com\/wp-content\/uploads\/2026\/04\/IMG_3001.jpeg","datePublished":"2026-04-27T13:09:14+00:00","breadcrumb":{"@id":"https:\/\/www.macedoniapress.com\/?p=3518#breadcrumb"},"inLanguage":"en-US","potentialAction":[{"@type":"ReadAction","target":["https:\/\/www.macedoniapress.com\/?p=3518"]}]},{"@type":"ImageObject","inLanguage":"en-US","@id":"https:\/\/www.macedoniapress.com\/?p=3518#primaryimage","url":"https:\/\/www.macedoniapress.com\/wp-content\/uploads\/2026\/04\/IMG_3001.jpeg","contentUrl":"https:\/\/www.macedoniapress.com\/wp-content\/uploads\/2026\/04\/IMG_3001.jpeg","width":1600,"height":1224},{"@type":"BreadcrumbList","@id":"https:\/\/www.macedoniapress.com\/?p=3518#breadcrumb","itemListElement":[{"@type":"ListItem","position":1,"name":"Home","item":"https:\/\/www.macedoniapress.com\/"},{"@type":"ListItem","position":2,"name":"Fronti Evropian me nism\u00eb p\u00ebr ndryshimet kushtetuese, VLEN: Parodi e radh\u00ebs"}]},{"@type":"WebSite","@id":"https:\/\/www.macedoniapress.com\/#website","url":"https:\/\/www.macedoniapress.com\/","name":"Macedonia Press","description":"macedoniapress.com","publisher":{"@id":"https:\/\/www.macedoniapress.com\/#organization"},"potentialAction":[{"@type":"SearchAction","target":{"@type":"EntryPoint","urlTemplate":"https:\/\/www.macedoniapress.com\/?s={search_term_string}"},"query-input":{"@type":"PropertyValueSpecification","valueRequired":true,"valueName":"search_term_string"}}],"inLanguage":"en-US"},{"@type":"Organization","@id":"https:\/\/www.macedoniapress.com\/#organization","name":"Macedonia Press","url":"https:\/\/www.macedoniapress.com\/","logo":{"@type":"ImageObject","inLanguage":"en-US","@id":"https:\/\/www.macedoniapress.com\/#\/schema\/logo\/image\/","url":"https:\/\/www.macedoniapress.com\/wp-content\/uploads\/2025\/09\/21440B89-8EAC-4476-9403-469F5CA0CDC8.png","contentUrl":"https:\/\/www.macedoniapress.com\/wp-content\/uploads\/2025\/09\/21440B89-8EAC-4476-9403-469F5CA0CDC8.png","width":1536,"height":1024,"caption":"Macedonia Press"},"image":{"@id":"https:\/\/www.macedoniapress.com\/#\/schema\/logo\/image\/"}},{"@type":"Person","@id":"https:\/\/www.macedoniapress.com\/#\/schema\/person\/060101f54fa08b58b8847d6f8536f977","name":"Macedonia Press","url":"https:\/\/www.macedoniapress.com\/?author=2"}]}},"_links":{"self":[{"href":"https:\/\/www.macedoniapress.com\/index.php?rest_route=\/wp\/v2\/posts\/3518","targetHints":{"allow":["GET"]}}],"collection":[{"href":"https:\/\/www.macedoniapress.com\/index.php?rest_route=\/wp\/v2\/posts"}],"about":[{"href":"https:\/\/www.macedoniapress.com\/index.php?rest_route=\/wp\/v2\/types\/post"}],"author":[{"embeddable":true,"href":"https:\/\/www.macedoniapress.com\/index.php?rest_route=\/wp\/v2\/users\/2"}],"replies":[{"embeddable":true,"href":"https:\/\/www.macedoniapress.com\/index.php?rest_route=%2Fwp%2Fv2%2Fcomments&post=3518"}],"version-history":[{"count":1,"href":"https:\/\/www.macedoniapress.com\/index.php?rest_route=\/wp\/v2\/posts\/3518\/revisions"}],"predecessor-version":[{"id":3520,"href":"https:\/\/www.macedoniapress.com\/index.php?rest_route=\/wp\/v2\/posts\/3518\/revisions\/3520"}],"wp:featuredmedia":[{"embeddable":true,"href":"https:\/\/www.macedoniapress.com\/index.php?rest_route=\/wp\/v2\/media\/3519"}],"wp:attachment":[{"href":"https:\/\/www.macedoniapress.com\/index.php?rest_route=%2Fwp%2Fv2%2Fmedia&parent=3518"}],"wp:term":[{"taxonomy":"category","embeddable":true,"href":"https:\/\/www.macedoniapress.com\/index.php?rest_route=%2Fwp%2Fv2%2Fcategories&post=3518"},{"taxonomy":"post_tag","embeddable":true,"href":"https:\/\/www.macedoniapress.com\/index.php?rest_route=%2Fwp%2Fv2%2Ftags&post=3518"}],"curies":[{"name":"wp","href":"https:\/\/api.w.org\/{rel}","templated":true}]}}