{"id":3512,"date":"2026-04-27T10:37:03","date_gmt":"2026-04-27T08:37:03","guid":{"rendered":"https:\/\/www.macedoniapress.com\/?p=3512"},"modified":"2026-04-27T10:37:03","modified_gmt":"2026-04-27T08:37:03","slug":"nente-vite-nga-dhuna-brutale-ne-kuvendin-e-maqedonise-se-veriut","status":"publish","type":"post","link":"https:\/\/www.macedoniapress.com\/?p=3512","title":{"rendered":"N\u00ebnt\u00eb vite nga dhuna brutale n\u00eb Kuvendin e Maqedonis\u00eb s\u00eb Veriut"},"content":{"rendered":"<p><strong>Sot b\u00ebhen n\u00ebnt\u00eb vjet nga\u00a0<a href=\"https:\/\/arkiv.portalb.mk\/397971-gjithcka-qe-ndodhi-gjate-sulmit-ne-kuvend-fotovideo\/\">ter<\/a><\/strong><strong><a href=\"https:\/\/arkiv.portalb.mk\/397971-gjithcka-qe-ndodhi-gjate-sulmit-ne-kuvend-fotovideo\/\">rori i 27-prillit n\u00eb Kuvendin e Republik\u00ebs s\u00eb Maqedonis\u00eb s\u00eb Veriut (RMV)<\/a>, kur nj\u00eb turm\u00eb huligan\u00ebsh u fut\u00ebn n\u00eb objektin e sht\u00ebpis\u00eb legjislative dhe rrah\u00ebn deputet\u00eb e gazetar\u00eb.<\/strong><\/p>\n<p>Gjykata e Apelit n\u00eb Shkup n\u00eb prill t\u00eb vitit 2025 mori vendim p\u00ebr refuzim t\u00eb ankesave t\u00eb gazetar\u00ebve t\u00eb sulmuar gjat\u00eb dhun\u00ebs n\u00eb Kuvendin e Maqedonis\u00eb m\u00eb 27 prill 2017. Nga\u00a0<a href=\"https:\/\/portalb.mk\/gazetaret-ende-pa-drejtesi-per-sulmet-e-27-prillit-shgm-me-reagim-ndaj-vendimeve-te-gjykates-se-apelit-shkup\/\" target=\"_blank\" rel=\"noopener\">Shoqata e Gazetar\u00ebve t\u00eb Maqedonis\u00eb<\/a>\u00a0(SHGM) shpreh\u00ebn shqet\u00ebsim serioz p\u00ebr vendimet e Gjykat\u00ebs s\u00eb Apelit.<\/p>\n<h4><strong>Si erdhi deri te sulmi i p\u00ebrgjaksh\u00ebm?<\/strong><\/h4>\n<p>M\u00eb 9 janar t\u00eb vitit 2017, presidenti\u00a0<a href=\"https:\/\/arkiv.portalb.mk\/355122-gruevski-e-mori-mandatin-per-formimin-e-qeverise\/\"><strong>Gjorge Ivanov,<\/strong>\u00a0ia dha mandatin p\u00ebr formimin e qeveris\u00eb liderit t\u00eb at\u00ebhersh\u00ebm t\u00eb VMRO-DPMNE-s\u00eb,\u00a0<strong>Nikolla Gruevski<\/strong><\/a>\u00a0q\u00eb t\u00eb formoj\u00eb qeveri, pasi q\u00eb n\u00eb zgjedhjet parlamentare t\u00eb vitit 2016-t\u00eb kishte fituar 51 mandate, gjegj\u00ebsisht 2 m\u00eb shum\u00eb se LSDM-ja. N\u00eb k\u00ebt\u00eb rast, VMRO-DPMNE-ja do t\u00eb duhej q\u00eb t\u00eb filloj\u00eb negociatat p\u00ebr formimin e Qeveris\u00eb me BDI-n\u00eb e bllokut shqiptar e cila i kishte marr\u00eb 9-t\u00eb mandate.<\/p>\n<p>Pas m\u00eb shum\u00eb se tre jav\u00eb negociata,\u00a0<a href=\"https:\/\/arkiv.portalb.mk\/?p=363288\">VMRO-DPMNE-ja dhe BDI-ja nuk arrit\u00ebn marr\u00ebveshje p\u00ebr formim t\u00eb Qeveris\u00eb<\/a>. N\u00eb k\u00ebt\u00eb rast, sipas Kushtetut\u00ebs, duhej t\u2019i jepet mund\u00ebsi LSDM-s\u00eb q\u00eb ajo ta marr\u00eb mandatin dhe t\u2019i filloj\u00eb bisedimet, megjithat\u00eb prej k\u00ebtu nis \u201cloja\u201d e cila p\u00ebrfundoi tragjikisht.<\/p>\n<p>Por, presidenti i at\u00ebhersh\u00ebm\u00a0<a href=\"https:\/\/arkiv.portalb.mk\/364295-presidenti-ivanov-tregon-se-kujt-do-tia-jep-mandatin-video\/\"><strong>Ivanov<\/strong>\u00a0i vendosi disa kushte liderit t\u00eb opozit\u00ebs,\u00a0<strong>Zoran Zaev<\/strong>\u00a0q\u00eb ai t\u2019ia n\u00ebnshkruaj\u00eb mandatin<\/a>, megjithat\u00eb edhe pas plot\u00ebsimit t\u00eb t\u00eb nj\u00ebjtave,\u00a0<strong>Ivanov<\/strong>\u00a0vazhdimisht gjente arsye p\u00ebr t\u00eb mos e dh\u00ebn\u00eb. Sipas tij,\u00a0<strong>Zaevit<\/strong>\u00a0nuk mundet t\u2019i jepej mandati pasi q\u00eb i nj\u00ebjti e ka pranuar \u201cPlatform\u00ebn e Tiran\u00ebs\u201d (<a href=\"https:\/\/arkiv.portalb.mk\/354506-deklarata-e-perbashket-e-partive-shqiptare-te-maqedonise-ja-cfare-shkruan\/\" target=\"_blank\" rel=\"noopener\">Deklarat\u00ebn e p\u00ebrbashk\u00ebt e partive politike shqiptare<\/a>) dhe me k\u00ebt\u00eb do t\u00eb vendoset dygjuh\u00ebsi n\u00eb Maqedoni. Presioni i brendsh\u00ebm dhe i nd\u00ebrkomb\u00ebtar\u00ebve vazhdimisht rritej, nd\u00ebrkaq presidenti\u00a0<strong>Ivanov<\/strong>\u00a0vazhdimisht p\u00ebrs\u00ebriste t\u00eb nj\u00ebjtat gj\u00ebra \u2013 nuk e jap mandatin.<\/p>\n<p>Derisa opinioni i gjer\u00eb merrej me \u00e7\u00ebshtjen e mandatit, n\u00eb Shkup dhe mbar\u00eb Maqedonin\u00eb n\u00ebn organizimin dhe udh\u00ebheqjen eksponent\u00ebve t\u00eb VMRO-DPMNE-s\u00eb mbaheshin protesta me p\u00ebrmbajtje nacionaliste, albanofobe dhe anti-evropiane.<\/p>\n<p>N\u00eb k\u00ebt\u00eb periudh\u00eb \u00ebsht\u00eb\u00a0<a href=\"https:\/\/arkiv.portalb.mk\/373159-marsh-protestues-ne-shkup\/\">paraqitur dhe organizata e ashtuquajtur qytetare \u201cTvrdokorni\u201d<\/a>\u00a0e cila m\u00eb von\u00eb u shnd\u00ebrrua n\u00eb iniciativ\u00eb \u201cP\u00ebr Maqedoni t\u00eb p\u00ebrbashk\u00ebt\u201d, pjes\u00ebtar\u00ebt e s\u00eb cil\u00ebs n\u00ebp\u00ebr rrug\u00ebt e Shkupit dhe Maqedonis\u00eb k\u00ebrkonin \u201cMaqedoni t\u00eb past\u00ebr etnike\u201d.<\/p>\n<p>N\u00eb nd\u00ebrkoh\u00eb, edhe pse mandatin nuk e kishte n\u00eb duar\u00a0<strong>Zaevi,<\/strong>\u00a0ai filloi bisedimet me partit\u00eb shqiptare, nd\u00ebrkaq m\u00eb 4 mars t\u00eb vitit 2017,\u00a0<a href=\"https:\/\/arkiv.portalb.mk\/376357-kryesia-e-bdi-se-sot-mblidhet-ne-recice\/\">BDI e pranoi ofert\u00ebn e LSDM-s\u00eb p\u00ebr koalicion qeveritar<\/a>.<\/p>\n<h4><strong>27 prill, dita e zgjedhjes s\u00eb kryetarit t\u00eb Kuvendit, u p\u00ebrgjak<\/strong><\/h4>\n<p>Pas arritjes s\u00eb marr\u00ebveshjes, partner\u00ebt e rinj, bashk\u00eb me partit\u00eb opozitare shqiptare, pavar\u00ebsisht se ende presidenti\u00a0<strong>Ivanov,<\/strong>\u00a0ende nuk ia kishte dh\u00ebn\u00eb mandatin\u00a0<strong>Zoran Zaevit,<\/strong>\u00a0vendos\u00ebn q\u00eb m\u00eb 27 prill ta zgjedhin kryetar t\u00eb Kuvendit,\u00a0<strong>Talat Xhaferin<\/strong>\u00a0n\u00ebn nj\u00eb atmosfer\u00eb t\u00eb tensionuar brenda dhe jasht\u00eb Kuvendit.<\/p>\n<p>Derisa kryetari i Kuvendit, pas zgjedhjes mbante fjalimin solemn n\u00eb sall\u00ebn p\u00ebr konferenca p\u00ebr shtyp, protestuesit, me ndihm\u00ebn e policis\u00eb (e cila ishte n\u00ebn udh\u00ebheqjen e\u00a0<strong>Mitko \u00c7avkovit<\/strong>\u00a0nga VMRO-DPMNE-ja) dhe disa deputet\u00eb t\u00eb VMRO-DPMNE-s\u00eb, u fut\u00ebn dhunsh\u00ebm n\u00eb objektin e Kuvendit. Me turm\u00ebn kan\u00eb udh\u00ebhequr persona me maska, por edhe t\u00eb arma<\/p>\n<p>Disa nga deputetet e VMRO-DPMNE-s\u00eb i kan\u00eb hapur portat dhe i kan\u00eb drejtuar protestuesit e dhunsh\u00ebm q\u00eb t\u00eb shkojn\u00eb drejt\u00eb vendit ku gjendeshin\u00a0<strong>Talat Xhaferi, Zoran Zaev, Ziadin Sela<\/strong>\u00a0dhe pjes\u00ebtar\u00eb t\u00eb tjer\u00eb t\u00eb shumic\u00ebs parlamentare. Me k\u00ebt\u00eb rast, policia fare nuk ka reaguar, duke i lejuar q\u00eb dhunuesit lirsh\u00ebm t\u00eb fut\u00ebn n\u00eb Kuvend dhe t\u00eb demolojn\u00eb gjith\u00e7ka q\u00eb shohin p\u00ebrpara.<\/p>\n<p>Protestuesit rrah\u00ebn deputet\u00eb, gazetar\u00eb dhe punonj\u00ebs t\u00eb Kuvendit. Me l\u00ebndime m\u00eb serioze nga ky sulm doli\u00a0<a href=\"https:\/\/arkiv.portalb.mk\/397809-protestuesit-sulmojne-rende-ziadin-selen\/\">deputeti i Aleanc\u00ebs p\u00ebr Shqiptar\u00ebt,\u00a0<\/a><strong><a href=\"https:\/\/arkiv.portalb.mk\/397809-protestuesit-sulmojne-rende-ziadin-selen\/\">Ziadin Sela<\/a>,<\/strong>\u00a0i cili \u00ebsht\u00eb rrahur brutalisht nga dhunuesit. Pos tij, t\u00eb sulmuar kan\u00eb qen\u00eb edhe lideri i LSDM-s\u00eb,\u00a0<strong>Zoran Zaev,<\/strong>\u00a0n\u00ebnkryetarja e LSDM-s\u00eb,\u00a0<strong>Radmilla Shekerinska,<\/strong>\u00a0por edhe deputet\u00eb tjer\u00eb. Skandaloze gjithashtu ishte fakti q\u00eb n\u00eb at\u00eb nat\u00eb, brenda Kuvendit \u00ebsht\u00eb fotografuar edhe nj\u00eb agjent i Sh\u00ebrbimit Sekret t\u00eb Serbis\u00eb,\u00a0<strong>Goran Zivlajeviq.<\/strong><\/p>\n<p>Pas k\u00ebsaj ngjarje,\u00a0<strong>Ivanov,<\/strong>\u00a0m\u00eb 17 maj, p\u00ebrfundimisht ia dha mandatin kryeministrit\u00a0<strong>Zaev,<\/strong>\u00a0i cili m\u00eb pas formoi Qeverin\u00eb me BDI-n\u00eb dhe Aleanc\u00ebn p\u00ebr Shqiptar\u00ebt.<\/p>\n<ul>\n<li><strong>LEXO:\u00a0<a href=\"https:\/\/arkiv.portalb.mk\/404505-si-e-nderroi-mendjen-gjorge-ivanov-per-dhenien-e-mandatit\/\" target=\"_blank\" rel=\"noopener\">Si e nd\u00ebrroi mendjen Gjorge Ivanov p\u00ebr dh\u00ebnien e mandatit?<\/a><\/strong><\/li>\n<\/ul>\n<h4><strong>Akuza, d\u00ebnime me burg p\u00ebr dhun\u00ebn dhe amnisti<\/strong><\/h4>\n<p>Prokuroria filloi me mbledhjen e materialeve, nd\u00ebrkaq\u00a0<a href=\"https:\/\/arkiv.portalb.mk\/514048-rasti-i-27-prillit-prokuroria-ngre-akuze-per-terrorizem-kunder-30-personave\/\">m\u00eb 27 mars 2018-t\u00eb<\/a>\u00a0ngriti akuz\u00eb kund\u00ebr 30 personave.<\/p>\n<p>\u201c28 persona akuzohen p\u00ebr rrezikim terrorist t\u00eb rendit kushtetues dhe siguris\u00eb, nd\u00ebrkaq dy ngarkohen p\u00ebr ndihm\u00eb p\u00ebr t\u00eb nj\u00ebjt\u00ebn vep\u00ebr penale. P\u00ebr sulmin n\u00eb Kuvend\u201d, tha n\u00eb konferenc\u00eb p\u00ebr shtyp kryeprokurori\u00a0<strong>Lubomir Joveski.<\/strong><\/p>\n<p><strong>T\u00eb akuzuarit:<\/strong><\/p>\n<ul>\n<li>K\u00ebrsto Mukoski, deputet n\u00eb Kuvendin e Maqedonis\u00eb nga radh\u00ebt e VMRO-DPMNE-s\u00eb<\/li>\n<li>Sasho Vasilevski, deputet n\u00eb Kuvendin e Maqedonis\u00eb nga radh\u00ebt e VMRO-DPMNE-s\u00eb<\/li>\n<li>Goran Gjoshevski \u2013 Levi, shef i sigurimit t\u00eb deputetit t\u00eb VMRO-DPMNE-s\u00eb dhe ish kryetarit t\u00eb Kuvendit, Trajko Veljanoski<\/li>\n<li>Oliver Popovski, ish shef n\u00eb Ministrin\u00eb e Pun\u00ebve t\u00eb Brendshme<\/li>\n<li>Oliver Radullov, ish agjent i Drejtoris\u00eb p\u00ebr Siguri dhe Kund\u00ebrzbulim<\/li>\n<li>Elena Docevska Bozhinovska, ish e pun\u00ebsuar n\u00eb Kuvend<\/li>\n<li>Ivan Cvetanovski, ish i pun\u00ebsuar n\u00eb kabinetin e deputetit t\u00eb VMRO-DPMNE-s\u00eb dhe ish kryetarit t\u00eb Kuvendit, Trajko Veljanoski<\/li>\n<li>Boris Damovski, udh\u00ebheq\u00ebs i protestave \u201cP\u00ebr Maqedoni t\u00eb p\u00ebrbashk\u00ebt\u201d<\/li>\n<li>Bogdan Ilievski, udh\u00ebheq\u00ebs i protestave \u201cP\u00ebr Maqedoni t\u00eb p\u00ebrbashk\u00ebt\u201d<\/li>\n<li>Vllado Jovanovski, udh\u00ebheq\u00ebs i protestave \u201cP\u00ebr Maqedoni t\u00eb p\u00ebrbashk\u00ebt\u201d<\/li>\n<li>Igor Durullovski, udh\u00ebheq\u00ebs i protestave \u201cP\u00ebr Maqedoni t\u00eb p\u00ebrbashk\u00ebt\u201d<\/li>\n<li>Stefan Mlladenoski, organizator i turm\u00ebs p\u00ebr sulm n\u00eb Kuvend<\/li>\n<li>Mihaill Mlladenosi, organizator i turm\u00ebs p\u00ebr sulm n\u00eb Kuvend<\/li>\n<li>Zaharie Simovski, organizator i turm\u00ebs p\u00ebr sulm n\u00eb Kuvend<\/li>\n<li>Mlladen Dodevski, organizator i turm\u00ebs p\u00ebr sulm n\u00eb Kuvend (n\u00eb arrati)<\/li>\n<li>Jane \u00c7ento, organizator i turm\u00ebs p\u00ebr sulm n\u00eb Kuvend<\/li>\n<li>Sasho Markovski, ish agjent n\u00eb Drejtorin\u00eb p\u00ebr Siguri dhe Kund\u00ebrzbulim<\/li>\n<li>Munir Pepiq, zyrtar policor<\/li>\n<li>Abdulfeta Alimi, sigurim i Kuvendit<\/li>\n<li>Luben Arnaudov, deputet n\u00eb Kuvendin e Maqedonis\u00eb nga radh\u00ebt e VMRO-DPMNE-s\u00eb<\/li>\n<li>Lup\u00e7o Dimovski, n\u00eb Kuvendin e Maqedonis\u00eb nga radh\u00ebt e VMRO-DPMNE-s\u00eb<\/li>\n<li>Johan Tar\u00e7ullovski, n\u00eb Kuvendin e Maqedonis\u00eb nga radh\u00ebt e VMRO-DPMNE-s\u00eb<\/li>\n<li>Mitko \u00c7avkov, nga radh\u00ebt e VMRO-DPMNE-s\u00eb, ish minist\u00ebr i Pun\u00ebve t\u00eb Brendshme dhe ish shef i Shtabit Operativ t\u00eb MPB-s\u00eb<\/li>\n<li>Mitko Peshov, udh\u00ebhq\u00ebs i nj\u00ebsitit special t\u00eb Policis\u00eb<\/li>\n<li>Dushko Llazarov, epror policor p\u00ebr operacione speciale<\/li>\n<li>Aleksandar Vasilevski \u2013 Ninxha, organizator i turm\u00ebs p\u00ebr sulm n\u00eb Kuvend (n\u00eb arrati)<\/li>\n<li>Nikolla Mitrevski \u2013 Kolo, organizator i turm\u00ebs p\u00ebr sulm n\u00eb Kuvend<\/li>\n<li>Dejan Davidovski, organizator i turm\u00ebs p\u00ebr sulm n\u00eb Kuvend (n\u00eb arrati)<\/li>\n<li>Mitre Pitropovski, organizator i turm\u00ebs p\u00ebr sulm n\u00eb Kuvend (n\u00eb arrati)<\/li>\n<li>Dhe dy ndihm\u00ebs tjer\u00eb.<\/li>\n<\/ul>\n<p>Sipas akuz\u00ebs, t\u00eb akuzuarit e kan\u00eb rrezikuar jet\u00ebn e deputet\u00ebve, gazetar\u00ebve dhe t\u00eb pun\u00ebsuarve t\u00eb cil\u00ebt n\u00eb ato momente kan\u00eb qen\u00eb brenda Kuvendit.<\/p>\n<p>\u201cOrganizator\u00ebt e protestave \u201cP\u00ebr Maqedoni t\u00eb p\u00ebrbashk\u00ebt\u201d i kan\u00eb ftuar qytetar\u00ebt e mbledhur p\u00ebrpara Kuvendit t\u00eb Maqedonis\u00eb dhe me fjalime ndez\u00ebse e kan\u00eb nxitur mosdurimin tek ata. Gjithashtu, nj\u00ebri nga deputet\u00ebt e organizuar ka realizuar edhe bised\u00eb telefonike me tani personin e akuzuar i cili ka pritur p\u00ebrpara der\u00ebs me \u00e7ka, sipas akuz\u00ebs, \u00ebsht\u00eb konstatuar koordinimi me telefon. Gjithashtu, pes\u00eb deputet\u00ebt e akuzuar bashk\u00eb me t\u00eb akuzuarit e tjer\u00eb nga sigurimi i Kuvendit i kan\u00eb hapur dyert e Kuvendit dhe me at\u00eb kan\u00eb mund\u00ebsuar q\u00eb t\u00eb hyjn\u00eb protestuesit dhe personat me maska t\u00eb cil\u00ebt kan\u00eb qen\u00eb p\u00ebrpara Kuvendit. Po k\u00ebsaj, personat e akuzuar nga sigurimi i kan\u00eb drejtuar turm\u00ebn deri n\u00eb sall\u00ebn plenare dhe n\u00eb at\u00eb t\u00eb konferencave p\u00ebr shtyp\u201d, than\u00eb nga Prokuroria.<\/p>\n<p>Sipas Prokuroris\u00eb p\u00ebr Krim t\u00eb Organizuar dhe Korrupsion, t\u00eb akuzuarit e dinin sakt\u00ebsisht se \u00e7far\u00eb po b\u00ebnin dhe vepruan me q\u00ebllimin e vet\u00ebm p\u00ebr t\u00eb parandaluar formimin e nj\u00eb qeverie nga shumica parlamentare e siguruar tashm\u00eb.<\/p>\n<p>Derisa gjykimi vazhdonte m\u00eb 18 dhjetor 2018-t\u00eb n\u00eb\u00a0<a href=\"https:\/\/arkiv.portalb.mk\/578033-kuvendi-e-votoi-nevojen-per-propozim-ligj-per-amnistine-e-27-prillit\/\">Kuvend u votua Ligji i Amnistis\u00eb<\/a>, sipas t\u00eb cilit disa prej t\u00eb akuzuarve, n\u00eb mesin e t\u00eb cil\u00ebve dhe deputet\u00eb nga opozitarja VMRO-DPMNE u amnistuan nga akuza.<\/p>\n<p>Sipas k\u00ebtij ligji nuk mund t\u00eb amnistohen:<\/p>\n<ul>\n<li>Organizator\u00ebt dhe ata q\u00eb e kan\u00eb p\u00ebrgatitur sulmin n\u00eb Kuvend p\u00ebr t\u00eb cil\u00ebt ka dyshime t\u00eb bazuara;<\/li>\n<li>Personat q\u00eb kan\u00eb ushtruar dhun\u00eb fizike;<\/li>\n<li>Peronat me maska;<\/li>\n<li>Personat q\u00eb kan\u00eb mbajtur arm\u00eb dhe materie eksplozive;<\/li>\n<li>Persona zyrtar q\u00eb nuk kan\u00eb realizuar obligimet e tyre t\u00eb pun\u00ebs.<\/li>\n<\/ul>\n<p>Me k\u00ebt\u00eb ligj u amnistuan: Luben Arnaudov, Sasho Vasilevski, K\u00ebrsto Mukoski, Lup\u00e7o Dimovski, Johan Tar\u00e7ullovski, Boris Damovski, Bogdan Ilievski \u2013 Betmen, Vllad Jovanovski, Stefan Mlladenovski, Mihail Mlladenovski, Zharie Simovski, Elena Docevska \u2013 Bozhinovska, Ivan Cvetanovski, Ilija Sllaveski dhe Mitre Pitropovski.\u00a0<strong>N\u00eb lidhje me amnistin\u00eb lexo m\u00eb shum\u00eb:\u00a0<a href=\"https:\/\/arkiv.portalb.mk\/583457-gjykata-e-apelit-vendosi-nuk-ka-amnisti-per-dhunuesit-me-27-prill-ninxha-qoseto-koljo\/\" target=\"_blank\" rel=\"noopener\">K\u00cbTU<\/a>.\u00a0<\/strong><\/p>\n<p>Disa prej deputet\u00ebve q\u00eb u amnistuan t\u00eb VMRO-DPMNE-s\u00eb, n\u00eb kund\u00ebrshtim me q\u00ebndrimin e partis\u00eb s\u00eb tyre m\u00eb\u00a0<a href=\"https:\/\/arkiv.portalb.mk\/564464-maqedoni-ndryshimet-kushtetuese-kaluan-leximin-e-pare-fotovideo\/\">19 tetor 2018, i votuan ndryshimet kushtetuese<\/a>\u00a0p\u00ebr nd\u00ebrrimin e emrit t\u00eb shtetit nga Maqedonia n\u00eb Maqedonin\u00eb e Veriut. P\u00ebr k\u00ebt\u00eb, menj\u00ebher\u00eb,\u00a0<a href=\"https:\/\/arkiv.portalb.mk\/564743-vmro-dpmne-i-perjashtoi-nga-partia-deputetet-e-saj-qe-votuan-per-ndryshimet-kushtetuese\/\">kryesia i p\u00ebrjashtoi nga partia<\/a>.<\/p>\n<p>T\u00eb akuzuarit q\u00eb nuk u amnistuan, n\u00eb seanc\u00ebn ku u than\u00eb fjal\u00ebt p\u00ebrfundimtare kan\u00eb theksuar se jan\u00eb t\u00eb gatsh\u00ebm t\u00eb marrin p\u00ebrgjegj\u00ebsi p\u00ebr at\u00eb q\u00eb e kan\u00eb b\u00ebr\u00eb, por se nuk jan\u00eb fajtor p\u00ebr rrezikim terrorist t\u00eb rendit kushtetues dhe siguris\u00eb, ashtu si\u00e7 i ngarkon Prokuroria p\u00ebr Krim t\u00eb Organizuar dhe Korrupsion. Pjesa m\u00eb e madhe tyre nuk kan\u00eb dh\u00ebn\u00eb mbrojtje, por pas m\u00eb shum\u00eb se nj\u00eb or\u00eb kan\u00eb dh\u00ebn\u00eb fjal\u00eb p\u00ebrfundimtare. Ata than\u00eb se paraprakisht\u00a0<a href=\"https:\/\/arkiv.portalb.mk\/583457-gjykata-e-apelit-vendosi-nuk-ka-amnisti-per-dhunuesit-me-27-prill-ninxha-qoseto-koljo\/\" target=\"_blank\" rel=\"noopener\">deputet\u00ebt e akuzuar, t\u00eb cil\u00ebt u amnistuan<\/a>, u kan\u00eb sugjeruar q\u00eb mos t\u00eb japin mbrojtje pasi q\u00eb do t\u00eb amnistohen.<\/p>\n<p>M\u00eb 15 mars t\u00eb vitit 2019-t\u00eb, Gjykata i d\u00ebnoi disa prej t\u00eb akuzuarve me gjithsej\u00a0<a href=\"https:\/\/arkiv.portalb.mk\/598066-te-akuzuarit-per-27-prillin-u-denuan-me-211-vjet-burg-video\/\">211 vjet burg<\/a>.<\/p>\n<h4><strong>T\u00eb d\u00ebnuarit:<\/strong><\/h4>\n<ul>\n<li>Mitko \u00c7avkov: 18 vjet burg<\/li>\n<li>Mitko Peshov: 15 vjet burg<\/li>\n<li>Dushko\u00a0 Llazarov: 15 vjet burg<\/li>\n<li>Goran Gjoshevski \u2013 Levi: 15 vjet burg<\/li>\n<li>Jane \u00c7ento: 15 vjet burg<\/li>\n<li>Vllatko Trajkovski: 15 vjet burg<\/li>\n<li>Munir Pepiq: 15 vjet burg<\/li>\n<li>Nikolla Mitrevski \u2013 Kolo: 15 vjet burg<\/li>\n<li>Vilijam Mihajllovski: 14 vjet burg<\/li>\n<li>Oliver Popovski: 13 vjet burg<\/li>\n<li>Goran\u00e7e Angellovski: 12 vjet burg<\/li>\n<li>Igor Jug: 12 vjet burg<\/li>\n<li>Mlladen Dodevski: 12 vjet burg<\/li>\n<li>Oliver Radullov: 10 vjet burg<\/li>\n<li>Aleksandar Vasilevski \u2013 Ninxha: 8 vjet burg<\/li>\n<li>Abdulfetah Alimi: 7 vjet burg<\/li>\n<\/ul>\n<p>T\u00eb akuzuarit u obliguan q\u00eb t\u2019i paguajn\u00eb harxhimet gjyq\u00ebsore n\u00eb vler\u00eb prej 18 mij\u00eb euro.<\/p>\n<p>Igor Durllovski \u00ebsht\u00eb liruar nga akuza dhe harxhimet gjyq\u00ebsore jan\u00eb n\u00eb llogari t\u00eb shtetit.<\/p>\n<h4><strong>Organizator\u00ebt, t\u00eb d\u00ebnuar dhe t\u00eb arratisur<\/strong><\/h4>\n<p>M\u00eb 20 shkurt t\u00eb vitit 2019,\u00a0<strong>Prokuroria Themelore Publike (PTHP)<\/strong>\u00a0p\u00ebr Ndjekjen e Krimit t\u00eb Organizuar dhe Korrupsionit, ka njoftuar se<a href=\"https:\/\/arkiv.portalb.mk\/592921-rasti-i-27-prillit-ne-kuvend-pthp-ja-eshte-duke-perndjekur-pese-persona-si-organizatore-te-ngjarjeve\/\" target=\"_blank\" rel=\"noopener\">\u00a0\u00ebsht\u00eb duke p\u00ebrndjekur pes\u00eb persona t\u00eb cil\u00ebt dyshohen se jan\u00eb organizator\u00eb t\u00eb ngjarjeve t\u00eb 27 prillit<\/a>\u00a0n\u00eb\u00a0<strong>Kuvendin e Maqedonis\u00eb s\u00eb Veriut.\u00a0<\/strong>N\u00eb mesin e t\u00eb akuzuarve jan\u00eb ish kryeministri\u00a0<strong>Nikolla Gruevski,<\/strong>\u00a0ish kryeparlamentari,\u00a0<strong>Trajko Veljanovski<\/strong>, ish ministrat\u00a0<strong>Mile Janakieski<\/strong>\u00a0dhe\u00a0<strong>Spiro Ristovski\u00a0<\/strong>dhe ish drejtori i Policis\u00eb Sekrete,\u00a0<strong>Vlladimir Atanasov<\/strong>\u00a0dhe ish agjenti\u00a0<strong>Nikolla Boshkovski.<\/strong>\u00a0Pas nj\u00eb gjykimi prej nj\u00eb vit e gjysm\u00eb,\u00a0<a href=\"https:\/\/arkiv.portalb.mk\/754016-gjykata-i-denoi-me-gjithsej-25-vjet-burg-ish-kryeparlamentarin-veljanovski-ish-ministrat-janakieski-dhe-ristovski-dhe-shefin-e-policise-sekrete-atanasov\/\">m\u00eb 26 korrik, Gjykata Penale e Shkupit i ka shpallur fajtor\u00eb t\u00eb akuzuarit<\/a>.<\/p>\n<ul>\n<li>Trajko Veljanovski (ish kryetar i Kuvendit) \u2013 6 vjet e 6 muaj<\/li>\n<li>Mile Janakieski (ish ministri i Transportit dhe Lidhjeve) \u2013 6 vjet e 3 muaj<\/li>\n<li>Spiro Ristoski (ish ministri i Arsimit dhe Shkenc\u00ebs) \u2013 6 vjet e 3 muaj<\/li>\n<li>Vlladimir Atanasov (ish drejtor i Policis\u00eb Sekrete) \u2013 6 vjet burg<\/li>\n<\/ul>\n<p>P\u00ebr Gruevskin dhe Boshkovskin u ndalua procedura pasi q\u00eb ata jan\u00eb n\u00eb arrati, gjegj\u00ebsisht nj\u00ebri n\u00eb Hungari e tjetri n\u00eb Greqi.<\/p>\n<p>Gjykat\u00ebsi\u00a0<strong>Ilija Trpkov,<\/strong> gjat\u00eb shqiptimit t\u00eb aktgjykimit tha se shteti nuk mbrohet me rrahje t\u00eb deputet\u00ebve, gjegj\u00ebsisht sipas tij shteti nuk nd\u00ebrtohet dhe mbrohet me dhun\u00eb. PORTALB<\/p>\n","protected":false},"excerpt":{"rendered":"<p>Sot b\u00ebhen n\u00ebnt\u00eb vjet nga\u00a0terrori i 27-prillit n\u00eb Kuvendin e Republik\u00ebs s\u00eb Maqedonis\u00eb s\u00eb Veriut (RMV), kur nj\u00eb turm\u00eb huligan\u00ebsh u fut\u00ebn n\u00eb objektin e sht\u00ebpis\u00eb legjislative dhe rrah\u00ebn deputet\u00eb e gazetar\u00eb. Gjykata e Apelit n\u00eb Shkup n\u00eb prill t\u00eb vitit 2025 mori vendim p\u00ebr refuzim t\u00eb ankesave t\u00eb gazetar\u00ebve t\u00eb sulmuar gjat\u00eb dhun\u00ebs n\u00eb&#8230;<\/p>\n","protected":false},"author":2,"featured_media":3513,"comment_status":"closed","ping_status":"open","sticky":false,"template":"","format":"standard","meta":{"footnotes":""},"categories":[1],"tags":[],"class_list":["post-3512","post","type-post","status-publish","format-standard","has-post-thumbnail","hentry","category-makedonija"],"yoast_head":"<!-- This site is optimized with the Yoast SEO plugin v27.2 - https:\/\/yoast.com\/product\/yoast-seo-wordpress\/ -->\n<title>N\u00ebnt\u00eb vite nga dhuna brutale n\u00eb Kuvendin e Maqedonis\u00eb s\u00eb Veriut - Macedonia Press<\/title>\n<meta name=\"robots\" content=\"index, follow, max-snippet:-1, max-image-preview:large, max-video-preview:-1\" \/>\n<link rel=\"canonical\" href=\"https:\/\/www.macedoniapress.com\/?p=3512\" \/>\n<meta property=\"og:locale\" content=\"en_US\" \/>\n<meta property=\"og:type\" content=\"article\" \/>\n<meta property=\"og:title\" content=\"N\u00ebnt\u00eb vite nga dhuna brutale n\u00eb Kuvendin e Maqedonis\u00eb s\u00eb Veriut - Macedonia Press\" \/>\n<meta property=\"og:description\" content=\"Sot b\u00ebhen n\u00ebnt\u00eb vjet nga\u00a0terrori i 27-prillit n\u00eb Kuvendin e Republik\u00ebs s\u00eb Maqedonis\u00eb s\u00eb Veriut (RMV), kur nj\u00eb turm\u00eb huligan\u00ebsh u fut\u00ebn n\u00eb objektin e sht\u00ebpis\u00eb legjislative dhe rrah\u00ebn deputet\u00eb e gazetar\u00eb. Gjykata e Apelit n\u00eb Shkup n\u00eb prill t\u00eb vitit 2025 mori vendim p\u00ebr refuzim t\u00eb ankesave t\u00eb gazetar\u00ebve t\u00eb sulmuar gjat\u00eb dhun\u00ebs n\u00eb...\" \/>\n<meta property=\"og:url\" content=\"https:\/\/www.macedoniapress.com\/?p=3512\" \/>\n<meta property=\"og:site_name\" content=\"Macedonia Press\" \/>\n<meta property=\"article:published_time\" content=\"2026-04-27T08:37:03+00:00\" \/>\n<meta property=\"og:image\" content=\"https:\/\/www.macedoniapress.com\/wp-content\/uploads\/2026\/04\/IMG_2990.jpeg\" \/>\n\t<meta property=\"og:image:width\" content=\"696\" \/>\n\t<meta property=\"og:image:height\" content=\"464\" \/>\n\t<meta property=\"og:image:type\" content=\"image\/jpeg\" \/>\n<meta name=\"author\" content=\"Macedonia Press\" \/>\n<meta name=\"twitter:card\" content=\"summary_large_image\" \/>\n<meta name=\"twitter:label1\" content=\"Written by\" \/>\n\t<meta name=\"twitter:data1\" content=\"Macedonia Press\" \/>\n\t<meta name=\"twitter:label2\" content=\"Est. reading time\" \/>\n\t<meta name=\"twitter:data2\" content=\"9 minutes\" \/>\n<script type=\"application\/ld+json\" class=\"yoast-schema-graph\">{\"@context\":\"https:\/\/schema.org\",\"@graph\":[{\"@type\":\"Article\",\"@id\":\"https:\/\/www.macedoniapress.com\/?p=3512#article\",\"isPartOf\":{\"@id\":\"https:\/\/www.macedoniapress.com\/?p=3512\"},\"author\":{\"name\":\"Macedonia Press\",\"@id\":\"https:\/\/www.macedoniapress.com\/#\/schema\/person\/060101f54fa08b58b8847d6f8536f977\"},\"headline\":\"N\u00ebnt\u00eb vite nga dhuna brutale n\u00eb Kuvendin e Maqedonis\u00eb s\u00eb Veriut\",\"datePublished\":\"2026-04-27T08:37:03+00:00\",\"mainEntityOfPage\":{\"@id\":\"https:\/\/www.macedoniapress.com\/?p=3512\"},\"wordCount\":2067,\"publisher\":{\"@id\":\"https:\/\/www.macedoniapress.com\/#organization\"},\"image\":{\"@id\":\"https:\/\/www.macedoniapress.com\/?p=3512#primaryimage\"},\"thumbnailUrl\":\"https:\/\/www.macedoniapress.com\/wp-content\/uploads\/2026\/04\/IMG_2990.jpeg\",\"articleSection\":[\"MAQEDONI\"],\"inLanguage\":\"en-US\"},{\"@type\":\"WebPage\",\"@id\":\"https:\/\/www.macedoniapress.com\/?p=3512\",\"url\":\"https:\/\/www.macedoniapress.com\/?p=3512\",\"name\":\"N\u00ebnt\u00eb vite nga dhuna brutale n\u00eb Kuvendin e Maqedonis\u00eb s\u00eb Veriut - Macedonia Press\",\"isPartOf\":{\"@id\":\"https:\/\/www.macedoniapress.com\/#website\"},\"primaryImageOfPage\":{\"@id\":\"https:\/\/www.macedoniapress.com\/?p=3512#primaryimage\"},\"image\":{\"@id\":\"https:\/\/www.macedoniapress.com\/?p=3512#primaryimage\"},\"thumbnailUrl\":\"https:\/\/www.macedoniapress.com\/wp-content\/uploads\/2026\/04\/IMG_2990.jpeg\",\"datePublished\":\"2026-04-27T08:37:03+00:00\",\"breadcrumb\":{\"@id\":\"https:\/\/www.macedoniapress.com\/?p=3512#breadcrumb\"},\"inLanguage\":\"en-US\",\"potentialAction\":[{\"@type\":\"ReadAction\",\"target\":[\"https:\/\/www.macedoniapress.com\/?p=3512\"]}]},{\"@type\":\"ImageObject\",\"inLanguage\":\"en-US\",\"@id\":\"https:\/\/www.macedoniapress.com\/?p=3512#primaryimage\",\"url\":\"https:\/\/www.macedoniapress.com\/wp-content\/uploads\/2026\/04\/IMG_2990.jpeg\",\"contentUrl\":\"https:\/\/www.macedoniapress.com\/wp-content\/uploads\/2026\/04\/IMG_2990.jpeg\",\"width\":696,\"height\":464},{\"@type\":\"BreadcrumbList\",\"@id\":\"https:\/\/www.macedoniapress.com\/?p=3512#breadcrumb\",\"itemListElement\":[{\"@type\":\"ListItem\",\"position\":1,\"name\":\"Home\",\"item\":\"https:\/\/www.macedoniapress.com\/\"},{\"@type\":\"ListItem\",\"position\":2,\"name\":\"N\u00ebnt\u00eb vite nga dhuna brutale n\u00eb Kuvendin e Maqedonis\u00eb s\u00eb Veriut\"}]},{\"@type\":\"WebSite\",\"@id\":\"https:\/\/www.macedoniapress.com\/#website\",\"url\":\"https:\/\/www.macedoniapress.com\/\",\"name\":\"Macedonia Press\",\"description\":\"macedoniapress.com\",\"publisher\":{\"@id\":\"https:\/\/www.macedoniapress.com\/#organization\"},\"potentialAction\":[{\"@type\":\"SearchAction\",\"target\":{\"@type\":\"EntryPoint\",\"urlTemplate\":\"https:\/\/www.macedoniapress.com\/?s={search_term_string}\"},\"query-input\":{\"@type\":\"PropertyValueSpecification\",\"valueRequired\":true,\"valueName\":\"search_term_string\"}}],\"inLanguage\":\"en-US\"},{\"@type\":\"Organization\",\"@id\":\"https:\/\/www.macedoniapress.com\/#organization\",\"name\":\"Macedonia Press\",\"url\":\"https:\/\/www.macedoniapress.com\/\",\"logo\":{\"@type\":\"ImageObject\",\"inLanguage\":\"en-US\",\"@id\":\"https:\/\/www.macedoniapress.com\/#\/schema\/logo\/image\/\",\"url\":\"https:\/\/www.macedoniapress.com\/wp-content\/uploads\/2025\/09\/21440B89-8EAC-4476-9403-469F5CA0CDC8.png\",\"contentUrl\":\"https:\/\/www.macedoniapress.com\/wp-content\/uploads\/2025\/09\/21440B89-8EAC-4476-9403-469F5CA0CDC8.png\",\"width\":1536,\"height\":1024,\"caption\":\"Macedonia Press\"},\"image\":{\"@id\":\"https:\/\/www.macedoniapress.com\/#\/schema\/logo\/image\/\"}},{\"@type\":\"Person\",\"@id\":\"https:\/\/www.macedoniapress.com\/#\/schema\/person\/060101f54fa08b58b8847d6f8536f977\",\"name\":\"Macedonia Press\",\"url\":\"https:\/\/www.macedoniapress.com\/?author=2\"}]}<\/script>\n<!-- \/ Yoast SEO plugin. -->","yoast_head_json":{"title":"N\u00ebnt\u00eb vite nga dhuna brutale n\u00eb Kuvendin e Maqedonis\u00eb s\u00eb Veriut - Macedonia Press","robots":{"index":"index","follow":"follow","max-snippet":"max-snippet:-1","max-image-preview":"max-image-preview:large","max-video-preview":"max-video-preview:-1"},"canonical":"https:\/\/www.macedoniapress.com\/?p=3512","og_locale":"en_US","og_type":"article","og_title":"N\u00ebnt\u00eb vite nga dhuna brutale n\u00eb Kuvendin e Maqedonis\u00eb s\u00eb Veriut - Macedonia Press","og_description":"Sot b\u00ebhen n\u00ebnt\u00eb vjet nga\u00a0terrori i 27-prillit n\u00eb Kuvendin e Republik\u00ebs s\u00eb Maqedonis\u00eb s\u00eb Veriut (RMV), kur nj\u00eb turm\u00eb huligan\u00ebsh u fut\u00ebn n\u00eb objektin e sht\u00ebpis\u00eb legjislative dhe rrah\u00ebn deputet\u00eb e gazetar\u00eb. Gjykata e Apelit n\u00eb Shkup n\u00eb prill t\u00eb vitit 2025 mori vendim p\u00ebr refuzim t\u00eb ankesave t\u00eb gazetar\u00ebve t\u00eb sulmuar gjat\u00eb dhun\u00ebs n\u00eb...","og_url":"https:\/\/www.macedoniapress.com\/?p=3512","og_site_name":"Macedonia Press","article_published_time":"2026-04-27T08:37:03+00:00","og_image":[{"width":696,"height":464,"url":"https:\/\/www.macedoniapress.com\/wp-content\/uploads\/2026\/04\/IMG_2990.jpeg","type":"image\/jpeg"}],"author":"Macedonia Press","twitter_card":"summary_large_image","twitter_misc":{"Written by":"Macedonia Press","Est. reading time":"9 minutes"},"schema":{"@context":"https:\/\/schema.org","@graph":[{"@type":"Article","@id":"https:\/\/www.macedoniapress.com\/?p=3512#article","isPartOf":{"@id":"https:\/\/www.macedoniapress.com\/?p=3512"},"author":{"name":"Macedonia Press","@id":"https:\/\/www.macedoniapress.com\/#\/schema\/person\/060101f54fa08b58b8847d6f8536f977"},"headline":"N\u00ebnt\u00eb vite nga dhuna brutale n\u00eb Kuvendin e Maqedonis\u00eb s\u00eb Veriut","datePublished":"2026-04-27T08:37:03+00:00","mainEntityOfPage":{"@id":"https:\/\/www.macedoniapress.com\/?p=3512"},"wordCount":2067,"publisher":{"@id":"https:\/\/www.macedoniapress.com\/#organization"},"image":{"@id":"https:\/\/www.macedoniapress.com\/?p=3512#primaryimage"},"thumbnailUrl":"https:\/\/www.macedoniapress.com\/wp-content\/uploads\/2026\/04\/IMG_2990.jpeg","articleSection":["MAQEDONI"],"inLanguage":"en-US"},{"@type":"WebPage","@id":"https:\/\/www.macedoniapress.com\/?p=3512","url":"https:\/\/www.macedoniapress.com\/?p=3512","name":"N\u00ebnt\u00eb vite nga dhuna brutale n\u00eb Kuvendin e Maqedonis\u00eb s\u00eb Veriut - Macedonia Press","isPartOf":{"@id":"https:\/\/www.macedoniapress.com\/#website"},"primaryImageOfPage":{"@id":"https:\/\/www.macedoniapress.com\/?p=3512#primaryimage"},"image":{"@id":"https:\/\/www.macedoniapress.com\/?p=3512#primaryimage"},"thumbnailUrl":"https:\/\/www.macedoniapress.com\/wp-content\/uploads\/2026\/04\/IMG_2990.jpeg","datePublished":"2026-04-27T08:37:03+00:00","breadcrumb":{"@id":"https:\/\/www.macedoniapress.com\/?p=3512#breadcrumb"},"inLanguage":"en-US","potentialAction":[{"@type":"ReadAction","target":["https:\/\/www.macedoniapress.com\/?p=3512"]}]},{"@type":"ImageObject","inLanguage":"en-US","@id":"https:\/\/www.macedoniapress.com\/?p=3512#primaryimage","url":"https:\/\/www.macedoniapress.com\/wp-content\/uploads\/2026\/04\/IMG_2990.jpeg","contentUrl":"https:\/\/www.macedoniapress.com\/wp-content\/uploads\/2026\/04\/IMG_2990.jpeg","width":696,"height":464},{"@type":"BreadcrumbList","@id":"https:\/\/www.macedoniapress.com\/?p=3512#breadcrumb","itemListElement":[{"@type":"ListItem","position":1,"name":"Home","item":"https:\/\/www.macedoniapress.com\/"},{"@type":"ListItem","position":2,"name":"N\u00ebnt\u00eb vite nga dhuna brutale n\u00eb Kuvendin e Maqedonis\u00eb s\u00eb Veriut"}]},{"@type":"WebSite","@id":"https:\/\/www.macedoniapress.com\/#website","url":"https:\/\/www.macedoniapress.com\/","name":"Macedonia Press","description":"macedoniapress.com","publisher":{"@id":"https:\/\/www.macedoniapress.com\/#organization"},"potentialAction":[{"@type":"SearchAction","target":{"@type":"EntryPoint","urlTemplate":"https:\/\/www.macedoniapress.com\/?s={search_term_string}"},"query-input":{"@type":"PropertyValueSpecification","valueRequired":true,"valueName":"search_term_string"}}],"inLanguage":"en-US"},{"@type":"Organization","@id":"https:\/\/www.macedoniapress.com\/#organization","name":"Macedonia Press","url":"https:\/\/www.macedoniapress.com\/","logo":{"@type":"ImageObject","inLanguage":"en-US","@id":"https:\/\/www.macedoniapress.com\/#\/schema\/logo\/image\/","url":"https:\/\/www.macedoniapress.com\/wp-content\/uploads\/2025\/09\/21440B89-8EAC-4476-9403-469F5CA0CDC8.png","contentUrl":"https:\/\/www.macedoniapress.com\/wp-content\/uploads\/2025\/09\/21440B89-8EAC-4476-9403-469F5CA0CDC8.png","width":1536,"height":1024,"caption":"Macedonia Press"},"image":{"@id":"https:\/\/www.macedoniapress.com\/#\/schema\/logo\/image\/"}},{"@type":"Person","@id":"https:\/\/www.macedoniapress.com\/#\/schema\/person\/060101f54fa08b58b8847d6f8536f977","name":"Macedonia Press","url":"https:\/\/www.macedoniapress.com\/?author=2"}]}},"_links":{"self":[{"href":"https:\/\/www.macedoniapress.com\/index.php?rest_route=\/wp\/v2\/posts\/3512","targetHints":{"allow":["GET"]}}],"collection":[{"href":"https:\/\/www.macedoniapress.com\/index.php?rest_route=\/wp\/v2\/posts"}],"about":[{"href":"https:\/\/www.macedoniapress.com\/index.php?rest_route=\/wp\/v2\/types\/post"}],"author":[{"embeddable":true,"href":"https:\/\/www.macedoniapress.com\/index.php?rest_route=\/wp\/v2\/users\/2"}],"replies":[{"embeddable":true,"href":"https:\/\/www.macedoniapress.com\/index.php?rest_route=%2Fwp%2Fv2%2Fcomments&post=3512"}],"version-history":[{"count":1,"href":"https:\/\/www.macedoniapress.com\/index.php?rest_route=\/wp\/v2\/posts\/3512\/revisions"}],"predecessor-version":[{"id":3514,"href":"https:\/\/www.macedoniapress.com\/index.php?rest_route=\/wp\/v2\/posts\/3512\/revisions\/3514"}],"wp:featuredmedia":[{"embeddable":true,"href":"https:\/\/www.macedoniapress.com\/index.php?rest_route=\/wp\/v2\/media\/3513"}],"wp:attachment":[{"href":"https:\/\/www.macedoniapress.com\/index.php?rest_route=%2Fwp%2Fv2%2Fmedia&parent=3512"}],"wp:term":[{"taxonomy":"category","embeddable":true,"href":"https:\/\/www.macedoniapress.com\/index.php?rest_route=%2Fwp%2Fv2%2Fcategories&post=3512"},{"taxonomy":"post_tag","embeddable":true,"href":"https:\/\/www.macedoniapress.com\/index.php?rest_route=%2Fwp%2Fv2%2Ftags&post=3512"}],"curies":[{"name":"wp","href":"https:\/\/api.w.org\/{rel}","templated":true}]}}