{"id":3509,"date":"2026-04-26T16:48:40","date_gmt":"2026-04-26T14:48:40","guid":{"rendered":"https:\/\/www.macedoniapress.com\/?p=3509"},"modified":"2026-04-26T16:48:40","modified_gmt":"2026-04-26T14:48:40","slug":"skandali-nuk-eshte-fjala-e-ferit-hoxhes","status":"publish","type":"post","link":"https:\/\/www.macedoniapress.com\/?p=3509","title":{"rendered":"Skandali nuk \u00ebsht\u00eb fjala e Ferit Hoxh\u00ebs"},"content":{"rendered":"<p><em>\u00c7far\u00eb shkroi Nova Makedonija, dhe pse askush nuk e lexoi<\/em><\/p>\n<p><strong>Albatros Rexhaj<\/strong><em> (Tiran\u00eb)<\/em><\/p>\n<p>&nbsp;<\/p>\n<p>Le ta supozojm\u00eb, p\u00ebr nj\u00eb moment, q\u00eb screenshots e publikuara nga deputeti Belind K\u00eblli\u00e7i jan\u00eb autentike. Le t\u2019i l\u00ebm\u00eb m\u00ebnjan\u00eb mosp\u00ebrputhjet e dukshme n\u00eb vulat kohore mes postimit t\u00eb par\u00eb dhe atij t\u00eb dyt\u00eb. Le ta l\u00ebm\u00eb m\u00ebnjan\u00eb diskutimin n\u00ebse \u201cgrupi i Ambasador\u00ebve\u201d ekziston si\u00e7 pretendohet. Le ta marrim mesazhin ashtu si\u00e7 \u00ebsht\u00eb paraqitur, dhe le ta lexojm\u00eb jo si fjal\u00eb t\u00eb nj\u00eb ministri ndaj nj\u00eb populli, por si fjal\u00eb t\u00eb nj\u00eb ministri ndaj nj\u00eb inerci politike q\u00eb e ka d\u00ebshp\u00ebruar.<\/p>\n<p>Sepse n\u00ebse mesazhi \u00ebsht\u00eb autentik, ai nuk ka dal\u00eb nga hi\u00e7i. Ai ka pasur nj\u00eb shkak. Dhe shkaku \u00ebsht\u00eb teksti q\u00eb ambasadori shqiptar n\u00eb Shkup, Denion Mejdani, kishte sapo postuar n\u00eb grup: <strong><a href=\"https:\/\/novamakedonija.com.mk\/pecateno-izdanie\/padna-ushte-edna-maska-od-kolektivnite-ambicii-na-tiranskata-platforma\/\">analiza e Nova Makedonija e dat\u00ebs 16 prill, e n\u00ebnshkruar nga \u201cNM<\/a><\/strong>,\u201d e cila titullohet \u201cBie edhe nj\u00eb mask\u00eb tjet\u00ebr nga ambiciet kolektive t\u00eb Platform\u00ebs s\u00eb Tiran\u00ebs.\u201d<\/p>\n<p>Ky \u00ebsht\u00eb dokumenti q\u00eb duhej t\u00eb ishte n\u00eb qend\u00ebr t\u00eb skandalit. Ky \u00ebsht\u00eb dokumenti q\u00eb Belind K\u00eblli\u00e7i nuk e ka lexuar.<\/p>\n<p><strong>\u00c7far\u00eb shkruan Nova Makedonija<\/strong><\/p>\n<p>Dhe ja \u00e7far\u00eb shkruan ky tekst, q\u00eb asnj\u00eb nga akuzuesit e Hoxh\u00ebs nuk e ka cituar, nuk e ka diskutuar, nuk e ka prekur as me nj\u00eb fjali t\u00eb vetme n\u00eb kat\u00ebr dit\u00ebt q\u00eb kan\u00eb kaluar.<\/p>\n<p>Shkruan se Edi Rama dhe Ali Ahmeti, n\u00eb nj\u00eb m\u00ebnyr\u00eb t\u00eb koordinuar, po p\u00ebrpiqen t\u00eb rikthejn\u00eb \u201cPlatform\u00ebn e Tiran\u00ebs\u201d t\u00eb vitit 2017 si baz\u00eb veprimi kund\u00ebr rendit kushtetues t\u00eb Maqedonis\u00eb. Shkruan se deklarata e Ram\u00ebs q\u00eb shqiptar\u00ebt n\u00eb Maqedonin\u00eb e Veriut jan\u00eb popull shtetformues p\u00ebrb\u00ebn, citoj, \u201cnj\u00eb sfidim t\u00eb sovranitetit dhe integritetit territorial t\u00eb nj\u00eb shteti tjet\u00ebr.\u201d Shkruan se kjo \u00ebsht\u00eb nj\u00eb \u201cpresion p\u00ebr dualiz\u00ebm kushtetues,\u201d nj\u00eb tentativ\u00eb p\u00ebr ta kthyer Maqedonin\u00eb n\u00eb \u201cnj\u00eb federat\u00eb dykantonale, territorialisht t\u00eb riorganizuar.\u201d<\/p>\n<p>Q\u00eb t\u00eb mos lihet asnj\u00eb m\u00ebdyshje, autori th\u00ebrret n\u00eb ndihm\u00eb Agnia Grigas, eksperten e Atlantic Council, p\u00ebr ta paketuar tez\u00ebn si \u201cparalajm\u00ebrim europian.\u201d E mbyll tekstin duke shtuar Sali Berish\u00ebn si d\u00ebshmitar moral, me citimin e tij q\u00eb Edi Rama \u00ebsht\u00eb \u201carmiku m\u00eb i t\u00ebrbuar dhe m\u00eb brutal i kombit shqiptar pas Enver Hoxh\u00ebs.\u201d<\/p>\n<p>Le t\u00eb ndalemi k\u00ebtu, sepse pik\u00ebrisht k\u00ebtu duhet ndalur. Nj\u00eb gazet\u00eb e Shkupit, q\u00eb fshihet pas inicialesh, citon udh\u00ebheq\u00ebsin e opozit\u00ebs shqiptare p\u00ebr t\u00eb d\u00ebshmuar se kryeministri shqiptar \u00ebsht\u00eb rrezik p\u00ebr kombin shqiptar. Kjo \u00ebsht\u00eb arkitektura e tekstit. Kjo \u00ebsht\u00eb substanca q\u00eb Mejdani po ia paraqiste ministrit. Kjo \u00ebsht\u00eb substanca q\u00eb, sipas screenshots-it t\u00eb K\u00eblli\u00e7it, e shtyu Hoxh\u00ebn t\u00eb reagonte.<\/p>\n<p><strong>Pse Rama \u00ebsht\u00eb objekt, jo subjekt<\/strong><\/p>\n<p>Edi Rama, n\u00eb k\u00ebt\u00eb tekst, nuk \u00ebsht\u00eb subjekt politik. Ai \u00ebsht\u00eb objekt. \u00cbsht\u00eb mjeti me t\u00eb cilin nd\u00ebrtohet nj\u00eb narrativ\u00eb anti-shqiptare q\u00eb ka funksione t\u00eb tjera, n\u00eb koh\u00eb t\u00eb tjera.<\/p>\n<p>Sepse fakti \u00ebsht\u00eb ky, dhe \u00ebsht\u00eb fakt q\u00eb mund t\u00eb kontrollohet pa paragjykim. Shqip\u00ebria, prej dekadash, ka ndjekur ndaj fqinj\u00ebve t\u00eb saj politik\u00ebn m\u00eb dashamir\u00ebse q\u00eb ndonj\u00eb shtet i vog\u00ebl ka mundur t\u00eb ndjek\u00eb n\u00eb k\u00ebt\u00eb rajon. Ka q\u00ebndruar e p\u00ebrmbajtur ndaj shteteve q\u00eb historikisht kan\u00eb kryer krime kund\u00ebr shqiptar\u00ebve. Ka mb\u00ebshtetur formate rajonale ku partneri i par\u00eb ka qen\u00eb Beogradi. Ka pranuar kosto politike t\u00eb brendshme p\u00ebr t\u2019i mbajtur kanalet e dialogut t\u00eb hapura. Vet\u00ebm dikush n\u00eb keqbesim t\u00eb skajsh\u00ebm, ose dikush q\u00eb nuk e ka lexuar fare \u00e7far\u00eb ka th\u00ebn\u00eb Tirana zyrtare n\u00eb nj\u00ebzet vitet e fundit, mund ta akuzoj\u00eb Edi Ram\u00ebn sot p\u00ebr nacionaliz\u00ebm primitiv ose p\u00ebr, citoj, \u201cskenar\u00eb t\u00eb \u00ebnd\u00ebrruar prej nj\u00eb shekulli e gjysm\u00eb.\u201d<\/p>\n<p>\u00c7\u00ebshtja, pra, nuk \u00ebsht\u00eb Rama. \u00c7\u00ebshtja jan\u00eb ata q\u00eb kan\u00eb nevoj\u00eb p\u00ebr nj\u00eb Rama t\u00eb till\u00eb.<\/p>\n<p>Dhe ata jan\u00eb nacionalist\u00ebt maqedonas q\u00eb fshihen pas inicialesh dhe pas portaleve si Nova Makedonija. Nuk \u00ebsht\u00eb nj\u00eb problem retorik. \u00cbsht\u00eb nj\u00eb problem politik. Ata e kan\u00eb t\u00eb pamundur ta pranojn\u00eb shqiptarin si t\u00eb barabart\u00eb n\u00eb Maqedonin\u00eb e Veriut. Kjo \u00ebsht\u00eb thelbi. \u00c7do gj\u00eb tjet\u00ebr ndodh sepse kjo nuk pranohet.<\/p>\n<p>Dhe veprimet e tyre konkrete e d\u00ebshmojn\u00eb k\u00ebt\u00eb jo n\u00eb fjal\u00ebt, por n\u00eb politikat. Heqja e Mekanizmit t\u00eb Balancuesit nga Gjykata Kushtetuese. Sulmet ligjore ndaj Ligjit t\u00eb Gjuh\u00ebve t\u00eb vitit 2019. P\u00ebrjashtimi i jurist\u00ebve shqiptar\u00eb nga provimi i jurisprudenc\u00ebs. Mosrespektimi sistematik i kuotave t\u00eb pun\u00ebsimit, i ilustruar nga rasti i ministres s\u00eb Arsimit Vesna Janevska. Heshtja e q\u00ebllimshme mbi standardet e Marr\u00ebveshjes s\u00eb Ohrit. \u00c7montimi i ngadalt\u00eb i k\u00ebsaj marr\u00ebveshjeje nuk \u00ebsht\u00eb teori. \u00cbsht\u00eb realitet q\u00eb ndodh shkronj\u00eb p\u00ebr shkronj\u00eb, paragraf p\u00ebr paragraf, dit\u00eb p\u00ebr dit\u00eb.<\/p>\n<p><strong>\u00c7far\u00eb p\u00ebrmban \u201cPlatforma e Tiran\u00ebs\u201d q\u00eb po e demonizojn\u00eb<\/strong><\/p>\n<p>Dhe tani duhet ta hapim mir\u00eb k\u00ebt\u00eb \u00e7\u00ebshtje, sepse Nova Makedonija nuk i fshehu pikat. Vet\u00eb teksti i renditi ato. Vet\u00eb teksti pretendoi se ato jan\u00eb rrezik p\u00ebr shtetin maqedonas. E lejuam at\u00eb formulim t\u00eb kaloj\u00eb pa u prekur p\u00ebr n\u00ebnt\u00eb vjet. Por le ta lexojm\u00eb sot, fjali p\u00ebr fjali, \u00e7far\u00eb konkretisht p\u00ebrmban kjo \u201cplatform\u00eb\u201d q\u00eb u prezantohet maqedonasve si komplot kund\u00ebr rendit kushtetues.<\/p>\n<p>Pika e par\u00eb: zbatimi i drejt\u00eb i parimit t\u00eb shumetnicitetit n\u00eb Kushtetut\u00eb, ku shqiptar\u00ebt trajtohen si komb shtetformues. \u00c7far\u00eb ka t\u00eb diskutueshme k\u00ebtu? Maqedonia \u00ebsht\u00eb shtet me dy popuj kryesor\u00eb konstituiv\u00eb. Kjo nuk \u00ebsht\u00eb platform\u00eb. Kjo \u00ebsht\u00eb realitet demografik, juridik, dhe historik.<\/p>\n<p>Pika e dyt\u00eb: barazia e plot\u00eb gjuh\u00ebsore. P\u00ebrdorimi i gjuh\u00ebs shqipe n\u00eb t\u00eb gjitha nivelet e qeverisjes. Garantimi i zbatimit t\u00eb saj si e drejt\u00eb themelore kushtetuese. \u00c7far\u00eb ka t\u00eb diskutueshme k\u00ebtu? Marr\u00ebveshja e Ohrit e ka parashikuar k\u00ebt\u00eb. Ligji i Gjuh\u00ebve i vitit 2019 e ka kodifikuar k\u00ebt\u00eb. Student\u00ebt shqiptar\u00eb t\u00eb juridikut q\u00eb protestuan n\u00eb Shkup n\u00eb prill po k\u00ebrkonin pik\u00ebrisht k\u00ebt\u00eb. Pra, \u00e7far\u00eb sakt\u00ebsisht \u00ebsht\u00eb \u201ck\u00ebrc\u00ebnimi\u201d k\u00ebtu, p\u00ebrve\u00e7 realizimit t\u00eb nj\u00eb t\u00eb drejte tashm\u00eb t\u00eb garantuar?<\/p>\n<p>Pika e tret\u00eb: nj\u00eb diskutim i hapur p\u00ebr flamurin, himnin, dhe stem\u00ebn e shtetit, q\u00eb simbolet shtet\u00ebrore t\u00eb reflektojn\u00eb shumetnicitetin. \u00c7far\u00eb ka t\u00eb diskutueshme k\u00ebtu? Kjo \u00ebsht\u00eb praktik\u00eb normale n\u00eb \u00e7do shtet shumetnik europian. Diskutimi nuk \u00ebsht\u00eb agresion. Mungesa e diskutimit \u00ebsht\u00eb agresion.<\/p>\n<p>Pika e kat\u00ebrt, dhe tani duhet t\u00eb ndalemi gjat\u00eb: miratimi i nj\u00eb rezolute parlamentare q\u00eb d\u00ebnon gjenocidin ndaj popullit shqiptar n\u00eb Maqedoni n\u00eb periudh\u00ebn 1912-1956.<\/p>\n<p>K\u00ebtu, vet\u00ebm k\u00ebtu, do t\u00eb doja ta pyesja secilin shqiptar q\u00eb ka mbajtur edhe nj\u00eb her\u00eb t\u00eb vetme n\u00eb dor\u00eb nj\u00eb tekst historik p\u00ebr k\u00ebt\u00eb rajon. Cili \u00ebsht\u00eb ai shqiptar q\u00eb e ka problem d\u00ebnimin e gjenocidit ndaj shqiptar\u00ebve t\u00eb vitit 1912 e tutje? Cili \u00ebsht\u00eb ai shqiptar q\u00eb ka harruar masakrat e ushtris\u00eb serbe gjat\u00eb Luft\u00ebrave Ballkanike? Q\u00eb ka harruar Manastirin, Shkupin, Tetov\u00ebn, Gostivarin? Q\u00eb ka harruar fshatrat e djegur, popullat\u00ebn e zhvendosur me forc\u00eb, kishat dhe xhamit\u00eb e shnd\u00ebrruara n\u00eb kazerma? Q\u00eb ka harruar lumenjt\u00eb me gjak p\u00ebr t\u00eb cil\u00ebt kan\u00eb shkruar Leon Trocki si korrespondent lufte, Carnegie Endowment n\u00eb raportin e tij t\u00eb vitit 1914, dhe diplomat\u00ebt europian\u00eb t\u00eb koh\u00ebs?<\/p>\n<p>Cili \u00ebsht\u00eb ai shqiptar q\u00eb sot, n\u00eb vitin 2026, e quan \u201cplatform\u00eb subversive\u201d k\u00ebrkes\u00ebn q\u00eb ato krime t\u00eb d\u00ebnohen me nj\u00eb rezolut\u00eb parlamentare? Sepse n\u00ebse ekziston nj\u00eb shqiptar i till\u00eb, ai duhet ta thot\u00eb haptas. Dhe ai shqiptar nuk \u00ebsht\u00eb i Nova Makedonija. Ai shqiptar \u00ebsht\u00eb brenda klas\u00ebs politike shqiptare q\u00eb sot heshti, ose m\u00eb keq, q\u00eb sot u rreshtua kund\u00ebr Tiran\u00ebs bash sepse Tirana e kujton k\u00ebt\u00eb histori dhe Shkupi nuk d\u00ebshiron ta kujtoj\u00eb.<\/p>\n<p>Pika e pest\u00eb: krijimi i nj\u00eb mekanizmi t\u00eb ri, n\u00eb form\u00ebn e nj\u00eb komisioni shtet\u00ebror p\u00ebr financimin e komunave, q\u00eb t\u00eb vendos\u00eb mbi grantet qeveritare. \u00c7far\u00eb ka t\u00eb diskutueshme k\u00ebtu? Kjo \u00ebsht\u00eb reform\u00eb teknike e financimit lokal. Bashkimi Europian k\u00ebrkon transparenc\u00eb n\u00eb shp\u00ebrndarjen e granteve. Kjo \u00ebsht\u00eb praktik\u00eb standarde.<\/p>\n<p>Pika e gjasht\u00eb: krijimi i nj\u00eb institucioni qendror p\u00ebr avancimin e gjuh\u00ebve t\u00eb komuniteteve, q\u00eb t\u00eb garantoj\u00eb trajnimin e p\u00ebrkthyesve, redaktor\u00ebve, dhe lektor\u00ebve. \u00c7far\u00eb ka t\u00eb diskutueshme k\u00ebtu? Ky \u00ebsht\u00eb funksion i zakonsh\u00ebm i nj\u00eb shteti q\u00eb pretendon se respekton diversitetin e tij gjuh\u00ebsor.<\/p>\n<p>Pra, le ta themi qart\u00eb. Edhe sikur secila pik\u00eb e k\u00ebsaj \u201cplatforme\u201d t\u00eb jet\u00eb e v\u00ebrtet\u00eb sakt\u00ebsisht ashtu si\u00e7 \u00ebsht\u00eb paraqitur, asnj\u00ebra prej tyre nuk \u00ebsht\u00eb komplot kund\u00ebr shtetit maqedonas. Asnj\u00ebra. T\u00eb gjitha jan\u00eb ose detyrime kushtetuese ekzistuese, ose praktika standarde europiane, ose kujtesa elementare historike q\u00eb asnj\u00eb komb i vet\u00ebdijsh\u00ebm nuk ka t\u00eb drejt\u00eb t\u2019ia mohoj\u00eb vetes.<\/p>\n<p>Ajo q\u00eb Nova Makedonija e quan \u201cplatform\u00eb\u201d \u00ebsht\u00eb thjesht lista minimale e asaj q\u00eb nj\u00eb shtet bikomunitar duhej ta kishte zbatuar prej vitesh. Ajo q\u00eb Nova Makedonija e quan \u201crrezik\u201d \u00ebsht\u00eb thjesht barazia.<\/p>\n<p>Dhe pik\u00ebrisht p\u00ebr k\u00ebt\u00eb arsye, kushdo q\u00eb sot e sulmon Hoxh\u00ebn n\u00eb vend q\u00eb ta sulmoj\u00eb k\u00ebt\u00eb tekst, po d\u00ebshmon se cil\u00ebn an\u00eb po mban realisht.<\/p>\n<p><strong>Reagimi i VLEN-it: kur heshtja do t\u00eb ishte m\u00eb dinjitoze<\/strong><\/p>\n<p>Reagimi i ministrit t\u00eb Ekonomis\u00eb n\u00eb Qeverin\u00eb e Maqedonis\u00eb, Besar Durmishi, dhe <strong><a href=\"https:\/\/koha.mk\/vlen-bdi-po-mbron-fyerjen-ndaj-shqiptareve-jo-shqiperine\/\">komunikata e m\u00ebvonshme zyrtare e koalicionit VLEN<\/a><\/strong>, na sjellin te nj\u00eb e v\u00ebrtet\u00eb e thjesht\u00eb por e v\u00ebshtir\u00eb: ndonj\u00ebher\u00eb heshtja \u00ebsht\u00eb m\u00eb dinjitoze sesa reagimi i gabuar.<\/p>\n<p>Sepse \u00e7\u2019kan\u00eb b\u00ebr\u00eb Durmishi dhe VLEN-i? Jan\u00eb kapur pas nj\u00eb fjale. Kan\u00eb k\u00ebrkuar falje publike. Kan\u00eb sulmuar ambasadorin Mejdani. Kan\u00eb akuzuar Tiran\u00ebn zyrtare. Asgj\u00eb nga ajo q\u00eb kan\u00eb th\u00ebn\u00eb nuk e prek faktin q\u00eb duhej ta prekte: tekstin e Nova Makedonija, narrativ\u00ebn q\u00eb po nd\u00ebrtohet kund\u00ebr shqiptar\u00ebve, sulmin sistematik ndaj \u00e7do z\u00ebri q\u00eb mbron pozit\u00ebn e barabart\u00eb t\u00eb shqiptar\u00ebve n\u00eb Maqedoni.<\/p>\n<p>Subjekti i kritik\u00ebs s\u00eb tyre duhej t\u00eb ishte ai tekst. Aty \u00ebsht\u00eb realisht problemi. Por VLEN nuk e kritikoi at\u00eb tekst. VLEN nuk e p\u00ebrmendi at\u00eb tekst. VLEN, n\u00eb nj\u00eb koh\u00eb rekord, gjeti se shqet\u00ebsimi i tij m\u00eb i ngutsh\u00ebm ishte nj\u00eb fjal\u00eb e ministrit shqiptar t\u00eb Pun\u00ebve t\u00eb Jashtme, jo skema politike e Shkupit q\u00eb e prodhoi situat\u00ebn.<\/p>\n<p>Kjo \u00ebsht\u00eb nj\u00eb zgjedhje politike. Kjo \u00ebsht\u00eb nj\u00eb zgjedhje q\u00eb k\u00ebrkon shpjegim.<\/p>\n<p><strong>Reagimi i Hoxh\u00ebs<\/strong><\/p>\n<p>Reagimi institucional i <strong><a href=\"https:\/\/albanianpost.com\/hoxha-reagon-per-akuzat-mbi-mesazhet-qendrimet-e-politikes-se-jashtme-nuk-komunikohen-me-whatsapp\/?fbclid=IwY2xjawRa0tRleHRuA2FlbQIxMQBzcnRjBmFwcF9pZBAyMjIwMzkxNzg4MjAwODkyAAEeRnLgt00gwhuDGPYyUAuNr4N5iWoUsHM-b5ml-hKAuF4DrpKJr12u_YDQNSo_aem_aghjfpYZMrdFNfcE8C50VQ\">ministrit Hoxha p\u00ebrmes Albanian Post<\/a><\/strong> mori dy vendime t\u00eb r\u00ebnd\u00ebsishme. I pari ishte teknik, dhe i drejt\u00eb: politika e jashtme e Shqip\u00ebris\u00eb nuk komunikohet me WhatsApp. Q\u00ebndrimet zyrtare nd\u00ebrtohen p\u00ebrmes kanaleve institucionale, jo p\u00ebrmes interpretimeve t\u00eb fabrikuara p\u00ebr konsum politik t\u00eb brendsh\u00ebm.<\/p>\n<p>I dyti ishte substantiv. Ai nuk u t\u00ebrhoq n\u00eb mbrojtje. Ai p\u00ebrs\u00ebriti, me qart\u00ebsi institucionale, at\u00eb q\u00eb dy jav\u00eb m\u00eb par\u00eb e kishte th\u00ebn\u00eb publikisht n\u00eb lidhje me protest\u00ebn e student\u00ebve t\u00eb juridikut n\u00eb Shkup: shqiptar\u00ebt n\u00eb Maqedonin\u00eb e Veriut jan\u00eb faktor shtetformues, dhe uniteti i tyre \u00ebsht\u00eb jetik p\u00ebr pozit\u00ebn e tyre politike, p\u00ebr stabilitetin e vendit, dhe p\u00ebr perspektiv\u00ebn europiane t\u00eb rajonit.<\/p>\n<p>Ky \u00ebsht\u00eb q\u00ebndrimi i shtetit shqiptar. Ky ishte q\u00ebndrimi i shtetit shqiptar para \u201cskandalit.\u201d Ky \u00ebsht\u00eb q\u00ebndrimi i shtetit shqiptar pas tij.<\/p>\n<p>Dhe pik\u00ebrisht k\u00ebtu del n\u00eb pah ironia q\u00eb duhet em\u00ebruar. Linja q\u00eb Nova Makedonija po sulmonte n\u00eb tekstin e dat\u00ebs 16 prill ishte pik\u00ebrisht kjo linj\u00eb. Pohimi q\u00eb shqiptar\u00ebt jan\u00eb popull shtetformues. At\u00eb e quanin \u201csfidim sovraniteti.\u201d At\u00eb e quanin \u201cPlatform\u00eb e Tiran\u00ebs.\u201d At\u00eb e quanin krim nacionalist.<\/p>\n<p>Dhe nj\u00eb pjes\u00eb e politik\u00ebs shqiptare n\u00eb Maqedoni, p\u00ebrfshir\u00eb pjes\u00eb t\u00eb r\u00ebnd\u00ebsishme t\u00eb VLEN-it, ende nuk e ka th\u00ebn\u00eb haptas se ku q\u00ebndron n\u00eb k\u00ebt\u00eb \u00e7\u00ebshtje themelore.<\/p>\n<p><strong>Pyetja q\u00eb nuk i \u00ebsht\u00eb b\u00ebr\u00eb askujt<\/strong><\/p>\n<p>Tani, kur zhurma t\u00eb ulet dhe kur fjala \u201cidiot\u201d t\u00eb dal\u00eb nga titujt e mediave, mbetet nj\u00eb pyetje. Ajo pyetje nuk i drejtohet nj\u00eb ministrie apo nj\u00eb komunikate. Ajo u drejtohet konkretisht VLEN-it, ministrit Durmishi, dhe deputetit Belind K\u00eblli\u00e7i n\u00eb Tiran\u00eb.<\/p>\n<p>Pyetja \u00ebsht\u00eb kjo: a jan\u00eb apo nuk jan\u00eb shqiptar\u00ebt faktor shtetformues n\u00eb Maqedonin\u00eb e Veriut?<\/p>\n<p>Sepse kjo \u00ebsht\u00eb pyetja e vetme q\u00eb ka r\u00ebnd\u00ebsi. \u00c7do gj\u00eb tjet\u00ebr \u00ebsht\u00eb zhurm\u00eb.<\/p>\n<p>Para se t\u00eb akuzohet Shqip\u00ebria p\u00ebr \u00e7far\u00ebdo gj\u00ebje, kjo p\u00ebrgjigje duhet dh\u00ebn\u00eb publikisht, me firm\u00eb, pa dykuptim\u00ebsi, pa \u201cpo, por.\u201d Sepse kushdo q\u00eb, qoft\u00eb edhe t\u00ebrthorazi, e mbron tez\u00ebn e Nova Makedonija, kushdo q\u00eb e zhvendos debatin politik shqiptar duke iu kushtuar nj\u00eb fjale dhe jo nj\u00eb teksti, kushdo q\u00eb e gjen m\u00eb t\u00eb leht\u00eb t\u00eb sulmoj\u00eb Tiran\u00ebn sesa t\u00eb mbroj\u00eb vet\u00eb Maqedonin\u00eb e Veriut nga ata q\u00eb duan ta kthejn\u00eb n\u00eb nj\u00eb shtet etnikisht hierarkik,\u00a0po pranon n\u00eb heshtje at\u00eb q\u00eb Nova Makedonija e shkroi: q\u00eb shqiptar\u00ebt n\u00eb Maqedoni nuk jan\u00eb faktor shtetformues. Dhe n\u00ebse nuk jan\u00eb faktor shtetformues, at\u00ebher\u00eb \u00e7far\u00eb jan\u00eb? P\u00ebrgjigjen e ka dh\u00ebn\u00eb vet\u00eb skandali q\u00eb k\u00ebta vet\u00eb e ndez\u00ebn. Jan\u00eb idiot\u00ebt m\u00eb t\u00eb m\u00ebdhenj q\u00eb ekzistojn\u00eb.<\/p>\n<p>Belind K\u00eblli\u00e7i, q\u00eb e b\u00ebri k\u00ebt\u00eb histori nj\u00eb arm\u00eb opozitare n\u00eb Tiran\u00eb, dhe VLEN-i, q\u00eb e b\u00ebri k\u00ebt\u00eb histori nj\u00eb kazan presioni n\u00eb Shkup, kan\u00eb t\u00eb dy detyrim ta thon\u00eb se ku q\u00ebndrojn\u00eb. Sepse Ferit Hoxha, qoft\u00eb edhe i zem\u00ebruar n\u00eb nj\u00eb grup chat-i, e tha qart\u00eb se ku q\u00ebndron Tirana zyrtare.<\/p>\n<p>Tani \u00ebsht\u00eb radha e tyre.<\/p>\n","protected":false},"excerpt":{"rendered":"<p>\u00c7far\u00eb shkroi Nova Makedonija, dhe pse askush nuk e lexoi Albatros Rexhaj (Tiran\u00eb) &nbsp; Le ta supozojm\u00eb, p\u00ebr nj\u00eb moment, q\u00eb screenshots e publikuara nga deputeti Belind K\u00eblli\u00e7i jan\u00eb autentike. Le t\u2019i l\u00ebm\u00eb m\u00ebnjan\u00eb mosp\u00ebrputhjet e dukshme n\u00eb vulat kohore mes postimit t\u00eb par\u00eb dhe atij t\u00eb dyt\u00eb. Le ta l\u00ebm\u00eb m\u00ebnjan\u00eb diskutimin n\u00ebse \u201cgrupi&#8230;<\/p>\n","protected":false},"author":2,"featured_media":3510,"comment_status":"closed","ping_status":"open","sticky":false,"template":"","format":"standard","meta":{"footnotes":""},"categories":[1,5],"tags":[],"class_list":["post-3509","post","type-post","status-publish","format-standard","has-post-thumbnail","hentry","category-makedonija","category-rajoni"],"yoast_head":"<!-- This site is optimized with the Yoast SEO plugin v27.2 - https:\/\/yoast.com\/product\/yoast-seo-wordpress\/ -->\n<title>Skandali nuk \u00ebsht\u00eb fjala e Ferit Hoxh\u00ebs - Macedonia Press<\/title>\n<meta name=\"robots\" content=\"index, follow, max-snippet:-1, max-image-preview:large, max-video-preview:-1\" \/>\n<link rel=\"canonical\" href=\"https:\/\/www.macedoniapress.com\/?p=3509\" \/>\n<meta property=\"og:locale\" content=\"en_US\" \/>\n<meta property=\"og:type\" content=\"article\" \/>\n<meta property=\"og:title\" content=\"Skandali nuk \u00ebsht\u00eb fjala e Ferit Hoxh\u00ebs - Macedonia Press\" \/>\n<meta property=\"og:description\" content=\"\u00c7far\u00eb shkroi Nova Makedonija, dhe pse askush nuk e lexoi Albatros Rexhaj (Tiran\u00eb) &nbsp; Le ta supozojm\u00eb, p\u00ebr nj\u00eb moment, q\u00eb screenshots e publikuara nga deputeti Belind K\u00eblli\u00e7i jan\u00eb autentike. Le t\u2019i l\u00ebm\u00eb m\u00ebnjan\u00eb mosp\u00ebrputhjet e dukshme n\u00eb vulat kohore mes postimit t\u00eb par\u00eb dhe atij t\u00eb dyt\u00eb. Le ta l\u00ebm\u00eb m\u00ebnjan\u00eb diskutimin n\u00ebse \u201cgrupi...\" \/>\n<meta property=\"og:url\" content=\"https:\/\/www.macedoniapress.com\/?p=3509\" \/>\n<meta property=\"og:site_name\" content=\"Macedonia Press\" \/>\n<meta property=\"article:published_time\" content=\"2026-04-26T14:48:40+00:00\" \/>\n<meta property=\"og:image\" content=\"https:\/\/www.macedoniapress.com\/wp-content\/uploads\/2026\/04\/IMG_2981.webp\" \/>\n\t<meta property=\"og:image:width\" content=\"1200\" \/>\n\t<meta property=\"og:image:height\" content=\"525\" \/>\n\t<meta property=\"og:image:type\" content=\"image\/webp\" \/>\n<meta name=\"author\" content=\"Macedonia Press\" \/>\n<meta name=\"twitter:card\" content=\"summary_large_image\" \/>\n<meta name=\"twitter:label1\" content=\"Written by\" \/>\n\t<meta name=\"twitter:data1\" content=\"Macedonia Press\" \/>\n\t<meta name=\"twitter:label2\" content=\"Est. reading time\" \/>\n\t<meta name=\"twitter:data2\" content=\"9 minutes\" \/>\n<script type=\"application\/ld+json\" class=\"yoast-schema-graph\">{\"@context\":\"https:\/\/schema.org\",\"@graph\":[{\"@type\":\"Article\",\"@id\":\"https:\/\/www.macedoniapress.com\/?p=3509#article\",\"isPartOf\":{\"@id\":\"https:\/\/www.macedoniapress.com\/?p=3509\"},\"author\":{\"name\":\"Macedonia Press\",\"@id\":\"https:\/\/www.macedoniapress.com\/#\/schema\/person\/060101f54fa08b58b8847d6f8536f977\"},\"headline\":\"Skandali nuk \u00ebsht\u00eb fjala e Ferit Hoxh\u00ebs\",\"datePublished\":\"2026-04-26T14:48:40+00:00\",\"mainEntityOfPage\":{\"@id\":\"https:\/\/www.macedoniapress.com\/?p=3509\"},\"wordCount\":2308,\"publisher\":{\"@id\":\"https:\/\/www.macedoniapress.com\/#organization\"},\"image\":{\"@id\":\"https:\/\/www.macedoniapress.com\/?p=3509#primaryimage\"},\"thumbnailUrl\":\"https:\/\/www.macedoniapress.com\/wp-content\/uploads\/2026\/04\/IMG_2981.webp\",\"articleSection\":[\"MAQEDONI\",\"RAJONI\"],\"inLanguage\":\"en-US\"},{\"@type\":\"WebPage\",\"@id\":\"https:\/\/www.macedoniapress.com\/?p=3509\",\"url\":\"https:\/\/www.macedoniapress.com\/?p=3509\",\"name\":\"Skandali nuk \u00ebsht\u00eb fjala e Ferit Hoxh\u00ebs - Macedonia Press\",\"isPartOf\":{\"@id\":\"https:\/\/www.macedoniapress.com\/#website\"},\"primaryImageOfPage\":{\"@id\":\"https:\/\/www.macedoniapress.com\/?p=3509#primaryimage\"},\"image\":{\"@id\":\"https:\/\/www.macedoniapress.com\/?p=3509#primaryimage\"},\"thumbnailUrl\":\"https:\/\/www.macedoniapress.com\/wp-content\/uploads\/2026\/04\/IMG_2981.webp\",\"datePublished\":\"2026-04-26T14:48:40+00:00\",\"breadcrumb\":{\"@id\":\"https:\/\/www.macedoniapress.com\/?p=3509#breadcrumb\"},\"inLanguage\":\"en-US\",\"potentialAction\":[{\"@type\":\"ReadAction\",\"target\":[\"https:\/\/www.macedoniapress.com\/?p=3509\"]}]},{\"@type\":\"ImageObject\",\"inLanguage\":\"en-US\",\"@id\":\"https:\/\/www.macedoniapress.com\/?p=3509#primaryimage\",\"url\":\"https:\/\/www.macedoniapress.com\/wp-content\/uploads\/2026\/04\/IMG_2981.webp\",\"contentUrl\":\"https:\/\/www.macedoniapress.com\/wp-content\/uploads\/2026\/04\/IMG_2981.webp\",\"width\":1200,\"height\":525},{\"@type\":\"BreadcrumbList\",\"@id\":\"https:\/\/www.macedoniapress.com\/?p=3509#breadcrumb\",\"itemListElement\":[{\"@type\":\"ListItem\",\"position\":1,\"name\":\"Home\",\"item\":\"https:\/\/www.macedoniapress.com\/\"},{\"@type\":\"ListItem\",\"position\":2,\"name\":\"Skandali nuk \u00ebsht\u00eb fjala e Ferit Hoxh\u00ebs\"}]},{\"@type\":\"WebSite\",\"@id\":\"https:\/\/www.macedoniapress.com\/#website\",\"url\":\"https:\/\/www.macedoniapress.com\/\",\"name\":\"Macedonia Press\",\"description\":\"macedoniapress.com\",\"publisher\":{\"@id\":\"https:\/\/www.macedoniapress.com\/#organization\"},\"potentialAction\":[{\"@type\":\"SearchAction\",\"target\":{\"@type\":\"EntryPoint\",\"urlTemplate\":\"https:\/\/www.macedoniapress.com\/?s={search_term_string}\"},\"query-input\":{\"@type\":\"PropertyValueSpecification\",\"valueRequired\":true,\"valueName\":\"search_term_string\"}}],\"inLanguage\":\"en-US\"},{\"@type\":\"Organization\",\"@id\":\"https:\/\/www.macedoniapress.com\/#organization\",\"name\":\"Macedonia Press\",\"url\":\"https:\/\/www.macedoniapress.com\/\",\"logo\":{\"@type\":\"ImageObject\",\"inLanguage\":\"en-US\",\"@id\":\"https:\/\/www.macedoniapress.com\/#\/schema\/logo\/image\/\",\"url\":\"https:\/\/www.macedoniapress.com\/wp-content\/uploads\/2025\/09\/21440B89-8EAC-4476-9403-469F5CA0CDC8.png\",\"contentUrl\":\"https:\/\/www.macedoniapress.com\/wp-content\/uploads\/2025\/09\/21440B89-8EAC-4476-9403-469F5CA0CDC8.png\",\"width\":1536,\"height\":1024,\"caption\":\"Macedonia Press\"},\"image\":{\"@id\":\"https:\/\/www.macedoniapress.com\/#\/schema\/logo\/image\/\"}},{\"@type\":\"Person\",\"@id\":\"https:\/\/www.macedoniapress.com\/#\/schema\/person\/060101f54fa08b58b8847d6f8536f977\",\"name\":\"Macedonia Press\",\"url\":\"https:\/\/www.macedoniapress.com\/?author=2\"}]}<\/script>\n<!-- \/ Yoast SEO plugin. -->","yoast_head_json":{"title":"Skandali nuk \u00ebsht\u00eb fjala e Ferit Hoxh\u00ebs - Macedonia Press","robots":{"index":"index","follow":"follow","max-snippet":"max-snippet:-1","max-image-preview":"max-image-preview:large","max-video-preview":"max-video-preview:-1"},"canonical":"https:\/\/www.macedoniapress.com\/?p=3509","og_locale":"en_US","og_type":"article","og_title":"Skandali nuk \u00ebsht\u00eb fjala e Ferit Hoxh\u00ebs - Macedonia Press","og_description":"\u00c7far\u00eb shkroi Nova Makedonija, dhe pse askush nuk e lexoi Albatros Rexhaj (Tiran\u00eb) &nbsp; Le ta supozojm\u00eb, p\u00ebr nj\u00eb moment, q\u00eb screenshots e publikuara nga deputeti Belind K\u00eblli\u00e7i jan\u00eb autentike. Le t\u2019i l\u00ebm\u00eb m\u00ebnjan\u00eb mosp\u00ebrputhjet e dukshme n\u00eb vulat kohore mes postimit t\u00eb par\u00eb dhe atij t\u00eb dyt\u00eb. Le ta l\u00ebm\u00eb m\u00ebnjan\u00eb diskutimin n\u00ebse \u201cgrupi...","og_url":"https:\/\/www.macedoniapress.com\/?p=3509","og_site_name":"Macedonia Press","article_published_time":"2026-04-26T14:48:40+00:00","og_image":[{"width":1200,"height":525,"url":"https:\/\/www.macedoniapress.com\/wp-content\/uploads\/2026\/04\/IMG_2981.webp","type":"image\/webp"}],"author":"Macedonia Press","twitter_card":"summary_large_image","twitter_misc":{"Written by":"Macedonia Press","Est. reading time":"9 minutes"},"schema":{"@context":"https:\/\/schema.org","@graph":[{"@type":"Article","@id":"https:\/\/www.macedoniapress.com\/?p=3509#article","isPartOf":{"@id":"https:\/\/www.macedoniapress.com\/?p=3509"},"author":{"name":"Macedonia Press","@id":"https:\/\/www.macedoniapress.com\/#\/schema\/person\/060101f54fa08b58b8847d6f8536f977"},"headline":"Skandali nuk \u00ebsht\u00eb fjala e Ferit Hoxh\u00ebs","datePublished":"2026-04-26T14:48:40+00:00","mainEntityOfPage":{"@id":"https:\/\/www.macedoniapress.com\/?p=3509"},"wordCount":2308,"publisher":{"@id":"https:\/\/www.macedoniapress.com\/#organization"},"image":{"@id":"https:\/\/www.macedoniapress.com\/?p=3509#primaryimage"},"thumbnailUrl":"https:\/\/www.macedoniapress.com\/wp-content\/uploads\/2026\/04\/IMG_2981.webp","articleSection":["MAQEDONI","RAJONI"],"inLanguage":"en-US"},{"@type":"WebPage","@id":"https:\/\/www.macedoniapress.com\/?p=3509","url":"https:\/\/www.macedoniapress.com\/?p=3509","name":"Skandali nuk \u00ebsht\u00eb fjala e Ferit Hoxh\u00ebs - Macedonia Press","isPartOf":{"@id":"https:\/\/www.macedoniapress.com\/#website"},"primaryImageOfPage":{"@id":"https:\/\/www.macedoniapress.com\/?p=3509#primaryimage"},"image":{"@id":"https:\/\/www.macedoniapress.com\/?p=3509#primaryimage"},"thumbnailUrl":"https:\/\/www.macedoniapress.com\/wp-content\/uploads\/2026\/04\/IMG_2981.webp","datePublished":"2026-04-26T14:48:40+00:00","breadcrumb":{"@id":"https:\/\/www.macedoniapress.com\/?p=3509#breadcrumb"},"inLanguage":"en-US","potentialAction":[{"@type":"ReadAction","target":["https:\/\/www.macedoniapress.com\/?p=3509"]}]},{"@type":"ImageObject","inLanguage":"en-US","@id":"https:\/\/www.macedoniapress.com\/?p=3509#primaryimage","url":"https:\/\/www.macedoniapress.com\/wp-content\/uploads\/2026\/04\/IMG_2981.webp","contentUrl":"https:\/\/www.macedoniapress.com\/wp-content\/uploads\/2026\/04\/IMG_2981.webp","width":1200,"height":525},{"@type":"BreadcrumbList","@id":"https:\/\/www.macedoniapress.com\/?p=3509#breadcrumb","itemListElement":[{"@type":"ListItem","position":1,"name":"Home","item":"https:\/\/www.macedoniapress.com\/"},{"@type":"ListItem","position":2,"name":"Skandali nuk \u00ebsht\u00eb fjala e Ferit Hoxh\u00ebs"}]},{"@type":"WebSite","@id":"https:\/\/www.macedoniapress.com\/#website","url":"https:\/\/www.macedoniapress.com\/","name":"Macedonia Press","description":"macedoniapress.com","publisher":{"@id":"https:\/\/www.macedoniapress.com\/#organization"},"potentialAction":[{"@type":"SearchAction","target":{"@type":"EntryPoint","urlTemplate":"https:\/\/www.macedoniapress.com\/?s={search_term_string}"},"query-input":{"@type":"PropertyValueSpecification","valueRequired":true,"valueName":"search_term_string"}}],"inLanguage":"en-US"},{"@type":"Organization","@id":"https:\/\/www.macedoniapress.com\/#organization","name":"Macedonia Press","url":"https:\/\/www.macedoniapress.com\/","logo":{"@type":"ImageObject","inLanguage":"en-US","@id":"https:\/\/www.macedoniapress.com\/#\/schema\/logo\/image\/","url":"https:\/\/www.macedoniapress.com\/wp-content\/uploads\/2025\/09\/21440B89-8EAC-4476-9403-469F5CA0CDC8.png","contentUrl":"https:\/\/www.macedoniapress.com\/wp-content\/uploads\/2025\/09\/21440B89-8EAC-4476-9403-469F5CA0CDC8.png","width":1536,"height":1024,"caption":"Macedonia Press"},"image":{"@id":"https:\/\/www.macedoniapress.com\/#\/schema\/logo\/image\/"}},{"@type":"Person","@id":"https:\/\/www.macedoniapress.com\/#\/schema\/person\/060101f54fa08b58b8847d6f8536f977","name":"Macedonia Press","url":"https:\/\/www.macedoniapress.com\/?author=2"}]}},"_links":{"self":[{"href":"https:\/\/www.macedoniapress.com\/index.php?rest_route=\/wp\/v2\/posts\/3509","targetHints":{"allow":["GET"]}}],"collection":[{"href":"https:\/\/www.macedoniapress.com\/index.php?rest_route=\/wp\/v2\/posts"}],"about":[{"href":"https:\/\/www.macedoniapress.com\/index.php?rest_route=\/wp\/v2\/types\/post"}],"author":[{"embeddable":true,"href":"https:\/\/www.macedoniapress.com\/index.php?rest_route=\/wp\/v2\/users\/2"}],"replies":[{"embeddable":true,"href":"https:\/\/www.macedoniapress.com\/index.php?rest_route=%2Fwp%2Fv2%2Fcomments&post=3509"}],"version-history":[{"count":1,"href":"https:\/\/www.macedoniapress.com\/index.php?rest_route=\/wp\/v2\/posts\/3509\/revisions"}],"predecessor-version":[{"id":3511,"href":"https:\/\/www.macedoniapress.com\/index.php?rest_route=\/wp\/v2\/posts\/3509\/revisions\/3511"}],"wp:featuredmedia":[{"embeddable":true,"href":"https:\/\/www.macedoniapress.com\/index.php?rest_route=\/wp\/v2\/media\/3510"}],"wp:attachment":[{"href":"https:\/\/www.macedoniapress.com\/index.php?rest_route=%2Fwp%2Fv2%2Fmedia&parent=3509"}],"wp:term":[{"taxonomy":"category","embeddable":true,"href":"https:\/\/www.macedoniapress.com\/index.php?rest_route=%2Fwp%2Fv2%2Fcategories&post=3509"},{"taxonomy":"post_tag","embeddable":true,"href":"https:\/\/www.macedoniapress.com\/index.php?rest_route=%2Fwp%2Fv2%2Ftags&post=3509"}],"curies":[{"name":"wp","href":"https:\/\/api.w.org\/{rel}","templated":true}]}}