{"id":3506,"date":"2026-04-26T13:12:26","date_gmt":"2026-04-26T11:12:26","guid":{"rendered":"https:\/\/www.macedoniapress.com\/?p=3506"},"modified":"2026-04-26T13:12:26","modified_gmt":"2026-04-26T11:12:26","slug":"hoxha-u-pergjigjet-akuzave-politika-e-jashtme-nuk-behet-me-whatsapp-shqiptaret-ne-rmv-jane-faktor-shtetformues","status":"publish","type":"post","link":"https:\/\/www.macedoniapress.com\/?p=3506","title":{"rendered":"Hoxha u p\u00ebrgjigjet akuzave: Politika e jashtme nuk b\u00ebhet me WhatsApp, shqiptar\u00ebt n\u00eb RMV jan\u00eb faktor shtetformues"},"content":{"rendered":"<p>Ministri p\u00ebr Evrop\u00ebn dhe Pun\u00ebt e Jashtme, Ferit Hoxha, ka reaguar pas val\u00ebs s\u00eb sulmeve politike t\u00eb ngritura me statuse n\u00eb rrjete sociale mbi disa mesazhe t\u00eb pretenduara, t\u00eb cilat jan\u00eb p\u00ebrdorur nga p\u00ebrfaq\u00ebsues t\u00eb VLEN-it dhe zyrtar\u00eb t\u00eb tyre n\u00eb Qeverin\u00eb e Maqedonis\u00eb s\u00eb Veriut p\u00ebr t\u00eb nd\u00ebrtuar nj\u00eb narrativ\u00eb t\u00eb r\u00ebnd\u00eb kund\u00ebr tij, Ministris\u00eb s\u00eb Jashtme t\u00eb Shqip\u00ebris\u00eb dhe Ambasadorit shqiptar n\u00eb Shkup, Denion Meidani.<\/p>\n<p>N\u00eb p\u00ebrgjigjen e tij p\u00ebr Albanian Post, Hoxha e ka b\u00ebr\u00eb t\u00eb qart\u00eb vij\u00ebn ndar\u00ebse mes komunikimeve t\u00eb pretenduara e t\u00eb instrumentalizuara politikisht, dhe q\u00ebndrimeve zyrtare t\u00eb shtetit shqiptar.<\/p>\n<p>\u201cQ\u00ebndrimet e politik\u00ebs s\u00eb jashtme nuk komunikohen me WhatsApp\u201d, \u00ebsht\u00eb thelbi i p\u00ebrgjigjes s\u00eb ministrit Hoxha, duke n\u00ebnvizuar se politika e jashtme e Shqip\u00ebris\u00eb nd\u00ebrtohet dhe artikulohet p\u00ebrmes kanaleve zyrtare, institucionale dhe transparente, jo p\u00ebrmes interpretimeve t\u00eb fabrikuara p\u00ebr konsum t\u00eb brendsh\u00ebm politik.<\/p>\n<p>Reagimi vjen pas akuzave t\u00eb ashpra nga ministri i Ekonomis\u00eb n\u00eb Maqedonin\u00eb e Veriut, p\u00ebrfaq\u00ebsues i VLEN-it, i cili e akuzoi Hoxh\u00ebn p\u00ebr gjuh\u00eb fyese ndaj shqiptar\u00ebve t\u00eb Maqedonis\u00eb s\u00eb Veriut, si dhe pas nj\u00eb komunikate zyrtare t\u00eb VLEN-it sot ku k\u00ebrkohej falje publike nga ministri shqiptar dhe ku sulmohej s\u00ebrisht edhe ambasadori Meidani.<\/p>\n<p>Por p\u00ebrgjigjja e Hoxh\u00ebs rr\u00ebzon pik\u00ebrisht baz\u00ebn politike mbi t\u00eb cil\u00ebn \u00ebsht\u00eb ngritur kjo akuz\u00eb: p\u00ebrpjekjen p\u00ebr ta paraqitur nj\u00eb insinuat\u00eb si q\u00ebndrim shtet\u00ebror dhe p\u00ebr ta kthyer nj\u00eb debat t\u00eb brendsh\u00ebm partiak n\u00eb konflikt artificial me Tiran\u00ebn zyrtare.<\/p>\n<p>N\u00eb q\u00ebndrimin e tij, ministri Hoxha jo vet\u00ebm q\u00eb nuk ka relativizuar rolin e shqiptar\u00ebve n\u00eb Maqedonin\u00eb e Veriut, por e ka theksuar at\u00eb me qart\u00ebsi: shqiptar\u00ebt n\u00eb Maqedonin\u00eb e Veriut jan\u00eb faktor shtetformues dhe uniteti i tyre \u00ebsht\u00eb jetik p\u00ebr pozit\u00ebn e tyre politike, p\u00ebr stabilitetin e vendit dhe p\u00ebr perspektiv\u00ebn evropiane t\u00eb rajonit.<\/p>\n<p>Kjo \u00ebsht\u00eb p\u00ebrgjigjja m\u00eb e drejtp\u00ebrdrejt\u00eb ndaj akuz\u00ebs se Tirana zyrtare apo diplomacia shqiptare do t\u00eb mund t\u00eb shihnin shqiptar\u00ebt e Maqedonis\u00eb s\u00eb Veriut si periferi politike. P\u00ebrkundrazi, linja e artikuluar nga Hoxha \u00ebsht\u00eb se shqiptar\u00ebt atje jan\u00eb pjes\u00eb thelb\u00ebsore e arkitektur\u00ebs politike, kushtetuese dhe demokratike t\u00eb Maqedonis\u00eb s\u00eb Veriut.<\/p>\n<p>Sulmet ndaj ambasadorit shqiptar n\u00eb Shkup, Denion Meidani, jan\u00eb po aq t\u00eb lexueshme n\u00eb k\u00ebt\u00eb kontekst. N\u00eb vend q\u00eb t\u00eb trajtohet diplomacia shqiptare si ur\u00eb komunikimi institucional, ajo po tentohet t\u00eb futet n\u00eb betejat e brendshme partiake t\u00eb shqiptar\u00ebve n\u00eb Maqedonin\u00eb e Veriut. Akuza se ambasadori \u00ebsht\u00eb \u201cz\u00ebdh\u00ebn\u00ebs i disa partive politike\u201d nuk mb\u00ebshtetet n\u00eb ndonj\u00eb fakt konkret publik, por n\u00eb nj\u00eb p\u00ebrpjekje p\u00ebr t\u00eb politizuar rolin e p\u00ebrfaq\u00ebsuesit diplomatik t\u00eb Shqip\u00ebris\u00eb.<\/p>\n<p>N\u00eb fakt, ambasada shqiptare n\u00eb Shkup ka detyrimin t\u00eb ndjek\u00eb me v\u00ebmendje zhvillimet q\u00eb prekin shqiptar\u00ebt, zbatimin e Marr\u00ebveshjes s\u00eb Ohrit, p\u00ebrfaq\u00ebsimin e drejt\u00eb, p\u00ebrdorimin e gjuh\u00ebs shqipe, procesin e integrimit evropian dhe stabilitetin nd\u00ebretnik. K\u00ebto nuk jan\u00eb interesa partiake. Jan\u00eb interesa shtet\u00ebrore, komb\u00ebtare dhe euroatlantike.<\/p>\n<p>Prandaj, p\u00ebrpjekja p\u00ebr t\u00eb paraqitur \u00e7do q\u00ebndrim institucional t\u00eb Tiran\u00ebs si nd\u00ebrhyrje partiake \u00ebsht\u00eb e rrezikshme dhe e padrejt\u00eb. Shqip\u00ebria nuk ka luksin t\u00eb hesht\u00eb kur preken \u00e7\u00ebshtje q\u00eb lidhen me pozit\u00ebn e shqiptar\u00ebve n\u00eb rajon, por po aq nuk mund t\u00eb lejoj\u00eb q\u00eb diplomacia e saj t\u00eb p\u00ebrdoret si sh\u00ebnjest\u00ebr n\u00eb luft\u00ebra elektorale t\u00eb brendshme.<\/p>\n<p>VLEN-i, n\u00eb komunikat\u00ebn e tij, tenton ta zhvendos\u00eb debatin nga substanca te viktimizimi politik. N\u00eb vend q\u00eb t\u00eb merret me sfidat reale t\u00eb shqiptar\u00ebve n\u00eb Maqedonin\u00eb e Veriut \u2014 p\u00ebrfaq\u00ebsimin institucional, zbatimin e plot\u00eb t\u00eb Marr\u00ebveshjes s\u00eb Ohrit, ruajtjen e balancave nd\u00ebretnike dhe avancimin e integrimit evropian \u2014 zgjedh t\u00eb nd\u00ebrtoj\u00eb nj\u00eb kauz\u00eb mbi nj\u00eb episod t\u00eb paqart\u00eb komunikimi, t\u00eb cilit i jep pesh\u00eb diplomatike pa baz\u00eb institucionale.<\/p>\n<p>Ministri Hoxha, p\u00ebrkundrazi, e kthen debatin n\u00eb vendin e duhur: te institucionet, te kanalet zyrtare, te roli shtetformues i shqiptar\u00ebve n\u00eb Maqedonin\u00eb e Veriut dhe te nevoja p\u00ebr unitet politik p\u00ebrtej interesave t\u00eb dit\u00ebs.<\/p>\n<p>N\u00eb fund, pyetja nuk \u00ebsht\u00eb n\u00ebse politika e jashtme b\u00ebhet me WhatsApp. Hoxha e dha p\u00ebrgjigjen: jo, nuk b\u00ebhet. Pyetja e v\u00ebrtet\u00eb \u00ebsht\u00eb pse nj\u00eb pjes\u00eb e politik\u00ebs shqiptare n\u00eb Maqedonin\u00eb e Veriut po k\u00ebrkon ta z\u00ebvend\u00ebsoj\u00eb debatin strategjik p\u00ebr t\u00eb drejtat, p\u00ebrfaq\u00ebsimin dhe integrimin evropian me nj\u00eb fushat\u00eb akuzash n\u00eb rrjete sociale ndaj Tiran\u00ebs zyrtare.<\/p>\n<p>N\u00eb k\u00ebt\u00eb pik\u00eb, reagimi i Hoxh\u00ebs nuk \u00ebsht\u00eb thjesht mbrojtje personale. \u00cbsht\u00eb rikthim i debatit n\u00eb nivel institucional: Shqip\u00ebria i sheh shqiptar\u00ebt n\u00eb Maqedonin\u00eb e Veriut si faktor shtetformues, si pjes\u00eb t\u00eb pandashme t\u00eb interesit komb\u00ebtar dhe si aktor\u00eb ky\u00e7 t\u00eb stabilitetit rajonal.<\/p>\n<p>Dhe ky \u00ebsht\u00eb mesazhi politik q\u00eb nuk fshihet dot me asnj\u00eb zhurm\u00eb partiake.<\/p>\n","protected":false},"excerpt":{"rendered":"<p>Ministri p\u00ebr Evrop\u00ebn dhe Pun\u00ebt e Jashtme, Ferit Hoxha, ka reaguar pas val\u00ebs s\u00eb sulmeve politike t\u00eb ngritura me statuse n\u00eb rrjete sociale mbi disa mesazhe t\u00eb pretenduara, t\u00eb cilat jan\u00eb p\u00ebrdorur nga p\u00ebrfaq\u00ebsues t\u00eb VLEN-it dhe zyrtar\u00eb t\u00eb tyre n\u00eb Qeverin\u00eb e Maqedonis\u00eb s\u00eb Veriut p\u00ebr t\u00eb nd\u00ebrtuar nj\u00eb narrativ\u00eb t\u00eb r\u00ebnd\u00eb kund\u00ebr tij,&#8230;<\/p>\n","protected":false},"author":2,"featured_media":3507,"comment_status":"closed","ping_status":"open","sticky":false,"template":"","format":"standard","meta":{"footnotes":""},"categories":[1],"tags":[],"class_list":["post-3506","post","type-post","status-publish","format-standard","has-post-thumbnail","hentry","category-makedonija"],"yoast_head":"<!-- This site is optimized with the Yoast SEO plugin v27.2 - https:\/\/yoast.com\/product\/yoast-seo-wordpress\/ -->\n<title>Hoxha u p\u00ebrgjigjet akuzave: Politika e jashtme nuk b\u00ebhet me WhatsApp, shqiptar\u00ebt n\u00eb RMV jan\u00eb faktor shtetformues - Macedonia Press<\/title>\n<meta name=\"robots\" content=\"index, follow, max-snippet:-1, max-image-preview:large, max-video-preview:-1\" \/>\n<link rel=\"canonical\" href=\"https:\/\/www.macedoniapress.com\/?p=3506\" \/>\n<meta property=\"og:locale\" content=\"en_US\" \/>\n<meta property=\"og:type\" content=\"article\" \/>\n<meta property=\"og:title\" content=\"Hoxha u p\u00ebrgjigjet akuzave: Politika e jashtme nuk b\u00ebhet me WhatsApp, shqiptar\u00ebt n\u00eb RMV jan\u00eb faktor shtetformues - Macedonia Press\" \/>\n<meta property=\"og:description\" content=\"Ministri p\u00ebr Evrop\u00ebn dhe Pun\u00ebt e Jashtme, Ferit Hoxha, ka reaguar pas val\u00ebs s\u00eb sulmeve politike t\u00eb ngritura me statuse n\u00eb rrjete sociale mbi disa mesazhe t\u00eb pretenduara, t\u00eb cilat jan\u00eb p\u00ebrdorur nga p\u00ebrfaq\u00ebsues t\u00eb VLEN-it dhe zyrtar\u00eb t\u00eb tyre n\u00eb Qeverin\u00eb e Maqedonis\u00eb s\u00eb Veriut p\u00ebr t\u00eb nd\u00ebrtuar nj\u00eb narrativ\u00eb t\u00eb r\u00ebnd\u00eb kund\u00ebr tij,...\" \/>\n<meta property=\"og:url\" content=\"https:\/\/www.macedoniapress.com\/?p=3506\" \/>\n<meta property=\"og:site_name\" content=\"Macedonia Press\" \/>\n<meta property=\"article:published_time\" content=\"2026-04-26T11:12:26+00:00\" \/>\n<meta property=\"og:image\" content=\"https:\/\/www.macedoniapress.com\/wp-content\/uploads\/2026\/04\/IMG_2977.jpeg\" \/>\n\t<meta property=\"og:image:width\" content=\"460\" \/>\n\t<meta property=\"og:image:height\" content=\"300\" \/>\n\t<meta property=\"og:image:type\" content=\"image\/jpeg\" \/>\n<meta name=\"author\" content=\"Macedonia Press\" \/>\n<meta name=\"twitter:card\" content=\"summary_large_image\" \/>\n<meta name=\"twitter:label1\" content=\"Written by\" \/>\n\t<meta name=\"twitter:data1\" content=\"Macedonia Press\" \/>\n\t<meta name=\"twitter:label2\" content=\"Est. reading time\" \/>\n\t<meta name=\"twitter:data2\" content=\"4 minutes\" \/>\n<script type=\"application\/ld+json\" class=\"yoast-schema-graph\">{\"@context\":\"https:\/\/schema.org\",\"@graph\":[{\"@type\":\"Article\",\"@id\":\"https:\/\/www.macedoniapress.com\/?p=3506#article\",\"isPartOf\":{\"@id\":\"https:\/\/www.macedoniapress.com\/?p=3506\"},\"author\":{\"name\":\"Macedonia Press\",\"@id\":\"https:\/\/www.macedoniapress.com\/#\/schema\/person\/060101f54fa08b58b8847d6f8536f977\"},\"headline\":\"Hoxha u p\u00ebrgjigjet akuzave: Politika e jashtme nuk b\u00ebhet me WhatsApp, shqiptar\u00ebt n\u00eb RMV jan\u00eb faktor shtetformues\",\"datePublished\":\"2026-04-26T11:12:26+00:00\",\"mainEntityOfPage\":{\"@id\":\"https:\/\/www.macedoniapress.com\/?p=3506\"},\"wordCount\":873,\"publisher\":{\"@id\":\"https:\/\/www.macedoniapress.com\/#organization\"},\"image\":{\"@id\":\"https:\/\/www.macedoniapress.com\/?p=3506#primaryimage\"},\"thumbnailUrl\":\"https:\/\/www.macedoniapress.com\/wp-content\/uploads\/2026\/04\/IMG_2977.jpeg\",\"articleSection\":[\"MAQEDONI\"],\"inLanguage\":\"en-US\"},{\"@type\":\"WebPage\",\"@id\":\"https:\/\/www.macedoniapress.com\/?p=3506\",\"url\":\"https:\/\/www.macedoniapress.com\/?p=3506\",\"name\":\"Hoxha u p\u00ebrgjigjet akuzave: Politika e jashtme nuk b\u00ebhet me WhatsApp, shqiptar\u00ebt n\u00eb RMV jan\u00eb faktor shtetformues - Macedonia Press\",\"isPartOf\":{\"@id\":\"https:\/\/www.macedoniapress.com\/#website\"},\"primaryImageOfPage\":{\"@id\":\"https:\/\/www.macedoniapress.com\/?p=3506#primaryimage\"},\"image\":{\"@id\":\"https:\/\/www.macedoniapress.com\/?p=3506#primaryimage\"},\"thumbnailUrl\":\"https:\/\/www.macedoniapress.com\/wp-content\/uploads\/2026\/04\/IMG_2977.jpeg\",\"datePublished\":\"2026-04-26T11:12:26+00:00\",\"breadcrumb\":{\"@id\":\"https:\/\/www.macedoniapress.com\/?p=3506#breadcrumb\"},\"inLanguage\":\"en-US\",\"potentialAction\":[{\"@type\":\"ReadAction\",\"target\":[\"https:\/\/www.macedoniapress.com\/?p=3506\"]}]},{\"@type\":\"ImageObject\",\"inLanguage\":\"en-US\",\"@id\":\"https:\/\/www.macedoniapress.com\/?p=3506#primaryimage\",\"url\":\"https:\/\/www.macedoniapress.com\/wp-content\/uploads\/2026\/04\/IMG_2977.jpeg\",\"contentUrl\":\"https:\/\/www.macedoniapress.com\/wp-content\/uploads\/2026\/04\/IMG_2977.jpeg\",\"width\":460,\"height\":300},{\"@type\":\"BreadcrumbList\",\"@id\":\"https:\/\/www.macedoniapress.com\/?p=3506#breadcrumb\",\"itemListElement\":[{\"@type\":\"ListItem\",\"position\":1,\"name\":\"Home\",\"item\":\"https:\/\/www.macedoniapress.com\/\"},{\"@type\":\"ListItem\",\"position\":2,\"name\":\"Hoxha u p\u00ebrgjigjet akuzave: Politika e jashtme nuk b\u00ebhet me WhatsApp, shqiptar\u00ebt n\u00eb RMV jan\u00eb faktor shtetformues\"}]},{\"@type\":\"WebSite\",\"@id\":\"https:\/\/www.macedoniapress.com\/#website\",\"url\":\"https:\/\/www.macedoniapress.com\/\",\"name\":\"Macedonia Press\",\"description\":\"macedoniapress.com\",\"publisher\":{\"@id\":\"https:\/\/www.macedoniapress.com\/#organization\"},\"potentialAction\":[{\"@type\":\"SearchAction\",\"target\":{\"@type\":\"EntryPoint\",\"urlTemplate\":\"https:\/\/www.macedoniapress.com\/?s={search_term_string}\"},\"query-input\":{\"@type\":\"PropertyValueSpecification\",\"valueRequired\":true,\"valueName\":\"search_term_string\"}}],\"inLanguage\":\"en-US\"},{\"@type\":\"Organization\",\"@id\":\"https:\/\/www.macedoniapress.com\/#organization\",\"name\":\"Macedonia Press\",\"url\":\"https:\/\/www.macedoniapress.com\/\",\"logo\":{\"@type\":\"ImageObject\",\"inLanguage\":\"en-US\",\"@id\":\"https:\/\/www.macedoniapress.com\/#\/schema\/logo\/image\/\",\"url\":\"https:\/\/www.macedoniapress.com\/wp-content\/uploads\/2025\/09\/21440B89-8EAC-4476-9403-469F5CA0CDC8.png\",\"contentUrl\":\"https:\/\/www.macedoniapress.com\/wp-content\/uploads\/2025\/09\/21440B89-8EAC-4476-9403-469F5CA0CDC8.png\",\"width\":1536,\"height\":1024,\"caption\":\"Macedonia Press\"},\"image\":{\"@id\":\"https:\/\/www.macedoniapress.com\/#\/schema\/logo\/image\/\"}},{\"@type\":\"Person\",\"@id\":\"https:\/\/www.macedoniapress.com\/#\/schema\/person\/060101f54fa08b58b8847d6f8536f977\",\"name\":\"Macedonia Press\",\"url\":\"https:\/\/www.macedoniapress.com\/?author=2\"}]}<\/script>\n<!-- \/ Yoast SEO plugin. -->","yoast_head_json":{"title":"Hoxha u p\u00ebrgjigjet akuzave: Politika e jashtme nuk b\u00ebhet me WhatsApp, shqiptar\u00ebt n\u00eb RMV jan\u00eb faktor shtetformues - Macedonia Press","robots":{"index":"index","follow":"follow","max-snippet":"max-snippet:-1","max-image-preview":"max-image-preview:large","max-video-preview":"max-video-preview:-1"},"canonical":"https:\/\/www.macedoniapress.com\/?p=3506","og_locale":"en_US","og_type":"article","og_title":"Hoxha u p\u00ebrgjigjet akuzave: Politika e jashtme nuk b\u00ebhet me WhatsApp, shqiptar\u00ebt n\u00eb RMV jan\u00eb faktor shtetformues - Macedonia Press","og_description":"Ministri p\u00ebr Evrop\u00ebn dhe Pun\u00ebt e Jashtme, Ferit Hoxha, ka reaguar pas val\u00ebs s\u00eb sulmeve politike t\u00eb ngritura me statuse n\u00eb rrjete sociale mbi disa mesazhe t\u00eb pretenduara, t\u00eb cilat jan\u00eb p\u00ebrdorur nga p\u00ebrfaq\u00ebsues t\u00eb VLEN-it dhe zyrtar\u00eb t\u00eb tyre n\u00eb Qeverin\u00eb e Maqedonis\u00eb s\u00eb Veriut p\u00ebr t\u00eb nd\u00ebrtuar nj\u00eb narrativ\u00eb t\u00eb r\u00ebnd\u00eb kund\u00ebr tij,...","og_url":"https:\/\/www.macedoniapress.com\/?p=3506","og_site_name":"Macedonia Press","article_published_time":"2026-04-26T11:12:26+00:00","og_image":[{"width":460,"height":300,"url":"https:\/\/www.macedoniapress.com\/wp-content\/uploads\/2026\/04\/IMG_2977.jpeg","type":"image\/jpeg"}],"author":"Macedonia Press","twitter_card":"summary_large_image","twitter_misc":{"Written by":"Macedonia Press","Est. reading time":"4 minutes"},"schema":{"@context":"https:\/\/schema.org","@graph":[{"@type":"Article","@id":"https:\/\/www.macedoniapress.com\/?p=3506#article","isPartOf":{"@id":"https:\/\/www.macedoniapress.com\/?p=3506"},"author":{"name":"Macedonia Press","@id":"https:\/\/www.macedoniapress.com\/#\/schema\/person\/060101f54fa08b58b8847d6f8536f977"},"headline":"Hoxha u p\u00ebrgjigjet akuzave: Politika e jashtme nuk b\u00ebhet me WhatsApp, shqiptar\u00ebt n\u00eb RMV jan\u00eb faktor shtetformues","datePublished":"2026-04-26T11:12:26+00:00","mainEntityOfPage":{"@id":"https:\/\/www.macedoniapress.com\/?p=3506"},"wordCount":873,"publisher":{"@id":"https:\/\/www.macedoniapress.com\/#organization"},"image":{"@id":"https:\/\/www.macedoniapress.com\/?p=3506#primaryimage"},"thumbnailUrl":"https:\/\/www.macedoniapress.com\/wp-content\/uploads\/2026\/04\/IMG_2977.jpeg","articleSection":["MAQEDONI"],"inLanguage":"en-US"},{"@type":"WebPage","@id":"https:\/\/www.macedoniapress.com\/?p=3506","url":"https:\/\/www.macedoniapress.com\/?p=3506","name":"Hoxha u p\u00ebrgjigjet akuzave: Politika e jashtme nuk b\u00ebhet me WhatsApp, shqiptar\u00ebt n\u00eb RMV jan\u00eb faktor shtetformues - Macedonia Press","isPartOf":{"@id":"https:\/\/www.macedoniapress.com\/#website"},"primaryImageOfPage":{"@id":"https:\/\/www.macedoniapress.com\/?p=3506#primaryimage"},"image":{"@id":"https:\/\/www.macedoniapress.com\/?p=3506#primaryimage"},"thumbnailUrl":"https:\/\/www.macedoniapress.com\/wp-content\/uploads\/2026\/04\/IMG_2977.jpeg","datePublished":"2026-04-26T11:12:26+00:00","breadcrumb":{"@id":"https:\/\/www.macedoniapress.com\/?p=3506#breadcrumb"},"inLanguage":"en-US","potentialAction":[{"@type":"ReadAction","target":["https:\/\/www.macedoniapress.com\/?p=3506"]}]},{"@type":"ImageObject","inLanguage":"en-US","@id":"https:\/\/www.macedoniapress.com\/?p=3506#primaryimage","url":"https:\/\/www.macedoniapress.com\/wp-content\/uploads\/2026\/04\/IMG_2977.jpeg","contentUrl":"https:\/\/www.macedoniapress.com\/wp-content\/uploads\/2026\/04\/IMG_2977.jpeg","width":460,"height":300},{"@type":"BreadcrumbList","@id":"https:\/\/www.macedoniapress.com\/?p=3506#breadcrumb","itemListElement":[{"@type":"ListItem","position":1,"name":"Home","item":"https:\/\/www.macedoniapress.com\/"},{"@type":"ListItem","position":2,"name":"Hoxha u p\u00ebrgjigjet akuzave: Politika e jashtme nuk b\u00ebhet me WhatsApp, shqiptar\u00ebt n\u00eb RMV jan\u00eb faktor shtetformues"}]},{"@type":"WebSite","@id":"https:\/\/www.macedoniapress.com\/#website","url":"https:\/\/www.macedoniapress.com\/","name":"Macedonia Press","description":"macedoniapress.com","publisher":{"@id":"https:\/\/www.macedoniapress.com\/#organization"},"potentialAction":[{"@type":"SearchAction","target":{"@type":"EntryPoint","urlTemplate":"https:\/\/www.macedoniapress.com\/?s={search_term_string}"},"query-input":{"@type":"PropertyValueSpecification","valueRequired":true,"valueName":"search_term_string"}}],"inLanguage":"en-US"},{"@type":"Organization","@id":"https:\/\/www.macedoniapress.com\/#organization","name":"Macedonia Press","url":"https:\/\/www.macedoniapress.com\/","logo":{"@type":"ImageObject","inLanguage":"en-US","@id":"https:\/\/www.macedoniapress.com\/#\/schema\/logo\/image\/","url":"https:\/\/www.macedoniapress.com\/wp-content\/uploads\/2025\/09\/21440B89-8EAC-4476-9403-469F5CA0CDC8.png","contentUrl":"https:\/\/www.macedoniapress.com\/wp-content\/uploads\/2025\/09\/21440B89-8EAC-4476-9403-469F5CA0CDC8.png","width":1536,"height":1024,"caption":"Macedonia Press"},"image":{"@id":"https:\/\/www.macedoniapress.com\/#\/schema\/logo\/image\/"}},{"@type":"Person","@id":"https:\/\/www.macedoniapress.com\/#\/schema\/person\/060101f54fa08b58b8847d6f8536f977","name":"Macedonia Press","url":"https:\/\/www.macedoniapress.com\/?author=2"}]}},"_links":{"self":[{"href":"https:\/\/www.macedoniapress.com\/index.php?rest_route=\/wp\/v2\/posts\/3506","targetHints":{"allow":["GET"]}}],"collection":[{"href":"https:\/\/www.macedoniapress.com\/index.php?rest_route=\/wp\/v2\/posts"}],"about":[{"href":"https:\/\/www.macedoniapress.com\/index.php?rest_route=\/wp\/v2\/types\/post"}],"author":[{"embeddable":true,"href":"https:\/\/www.macedoniapress.com\/index.php?rest_route=\/wp\/v2\/users\/2"}],"replies":[{"embeddable":true,"href":"https:\/\/www.macedoniapress.com\/index.php?rest_route=%2Fwp%2Fv2%2Fcomments&post=3506"}],"version-history":[{"count":1,"href":"https:\/\/www.macedoniapress.com\/index.php?rest_route=\/wp\/v2\/posts\/3506\/revisions"}],"predecessor-version":[{"id":3508,"href":"https:\/\/www.macedoniapress.com\/index.php?rest_route=\/wp\/v2\/posts\/3506\/revisions\/3508"}],"wp:featuredmedia":[{"embeddable":true,"href":"https:\/\/www.macedoniapress.com\/index.php?rest_route=\/wp\/v2\/media\/3507"}],"wp:attachment":[{"href":"https:\/\/www.macedoniapress.com\/index.php?rest_route=%2Fwp%2Fv2%2Fmedia&parent=3506"}],"wp:term":[{"taxonomy":"category","embeddable":true,"href":"https:\/\/www.macedoniapress.com\/index.php?rest_route=%2Fwp%2Fv2%2Fcategories&post=3506"},{"taxonomy":"post_tag","embeddable":true,"href":"https:\/\/www.macedoniapress.com\/index.php?rest_route=%2Fwp%2Fv2%2Ftags&post=3506"}],"curies":[{"name":"wp","href":"https:\/\/api.w.org\/{rel}","templated":true}]}}