{"id":3485,"date":"2026-04-25T08:54:40","date_gmt":"2026-04-25T06:54:40","guid":{"rendered":"https:\/\/www.macedoniapress.com\/?p=3485"},"modified":"2026-04-25T08:54:40","modified_gmt":"2026-04-25T06:54:40","slug":"trump-rifillon-negociatat-me-iranin-dergon-witkoff-dhe-kushner-ne-pakistan-per-bisedime","status":"publish","type":"post","link":"https:\/\/www.macedoniapress.com\/?p=3485","title":{"rendered":"Trump rifillon negociatat me Iranin, d\u00ebrgon Witkoff dhe Kushner n\u00eb Pakistan p\u00ebr bisedime"},"content":{"rendered":"<p>Presidenti amerikan Donald Trump ka vendosur t\u00eb rifilloj\u00eb p\u00ebrpjekjet diplomatike p\u00ebr t\u2019i dh\u00ebn\u00eb fund konfliktit me Iranin, duke d\u00ebrguar dy nga t\u00eb d\u00ebrguarit e tij n\u00eb Pakistan.<\/p>\n<p>Sipas Sht\u00ebpis\u00eb s\u00eb Bardh\u00eb, Steve Witkoff dhe Jared Kushner do t\u00eb zhvillojn\u00eb bisedime n\u00eb Islamabad me ministrin e Jasht\u00ebm iranian, Abbas Araghchi.<\/p>\n<p>Zyrtar\u00ebt amerikan\u00eb shpresojn\u00eb q\u00eb ky takim t\u00eb sh\u00ebnoj\u00eb nj\u00eb hap p\u00ebrpara drejt nj\u00eb marr\u00ebveshjeje, pas nj\u00eb konflikti q\u00eb ka zgjatur prej afro tet\u00eb jav\u00ebsh. Nd\u00ebrkoh\u00eb, z\u00ebvend\u00ebspresidenti JD Vance nuk do t\u00eb marr\u00eb pjes\u00eb n\u00eb k\u00ebt\u00eb raund, por do t\u00eb q\u00ebndroj\u00eb n\u00eb gatishm\u00ebri n\u00eb rast t\u00eb ndonj\u00eb p\u00ebrparimi t\u00eb mundsh\u00ebm n\u00eb negociata.<\/p>\n<div class=\"adGroupWrapper\"><\/div>\n<p>Irani ka vendosur disa kushte p\u00ebr rifillimin e plot\u00eb t\u00eb bisedimeve, p\u00ebrfshir\u00eb heqjen e sanksioneve dhe ndalimin e sulmeve nga SHBA dhe Izraeli. Nga ana tjet\u00ebr, SHBA k\u00ebrkon garanci t\u00eb verifikueshme p\u00ebr ndalimin e programit b\u00ebrthamor iranian<\/p>\n<p>Nj\u00eb nga pikat m\u00eb t\u00eb ndjeshme mbetet Ngushtica e Hormuzit, nj\u00eb korridor jetik p\u00ebr transportin global t\u00eb naft\u00ebs, ku tensionet ushtarake jan\u00eb rritur ndjesh\u00ebm. Sipas Pentagonit, SHBA ka forcuar pranin\u00eb ushtarake n\u00eb zon\u00eb dhe ka vendosur nj\u00eb bllokad\u00eb detare, nd\u00ebrsa Irani akuzohet p\u00ebr sulme ndaj anijeve dhe vendosje minash.<\/p>\n<p>N\u00eb p\u00ebrpjekje p\u00ebr kompromis, Teherani po shqyrton mund\u00ebsin\u00eb e uljes graduale t\u00eb nivelit t\u00eb pasurimit t\u00eb uraniumit dhe ndarjen e rezervave t\u00eb tij, n\u00eb k\u00ebmbim t\u00eb leht\u00ebsimit t\u00eb sanksioneve. Gjithashtu, jan\u00eb duke u diskutuar role t\u00eb mundshme p\u00ebr vende t\u00eb tjera si China dhe Russia si garantuese t\u00eb nj\u00eb marr\u00ebveshjeje t\u00eb mundshme.<\/p>\n<p>Sekretari amerikan i Mbrojtjes, Pete Hegseth, deklaroi se SHBA \u00ebsht\u00eb e gatshme t\u00eb p\u00ebrshkall\u00ebzoj\u00eb veprimet ushtarake n\u00ebse situata p\u00ebrkeq\u00ebsohet. Nd\u00ebrkoh\u00eb, zyrtar\u00eb nga rajoni i Gjirit paralajm\u00ebrojn\u00eb se besimi ndaj Iranit \u00ebsht\u00eb d\u00ebmtuar r\u00ebnd\u00eb dhe se kriza mund t\u00eb ket\u00eb pasoja afatgjata p\u00ebr stabilitetin n\u00eb Lindjen e Mesme.<\/p>\n<p>Megjithat\u00eb, t\u00eb dyja pal\u00ebt duket se jan\u00eb t\u00eb interesuara p\u00ebr rikthimin n\u00eb tryez\u00ebn e bisedimeve, nd\u00ebrsa p\u00ebrpjekjet diplomatike vijojn\u00eb n\u00eb nj\u00eb klim\u00eb t\u00eb brisht\u00eb dhe t\u00eb pasigurt.<\/p>\n","protected":false},"excerpt":{"rendered":"<p>Presidenti amerikan Donald Trump ka vendosur t\u00eb rifilloj\u00eb p\u00ebrpjekjet diplomatike p\u00ebr t\u2019i dh\u00ebn\u00eb fund konfliktit me Iranin, duke d\u00ebrguar dy nga t\u00eb d\u00ebrguarit e tij n\u00eb Pakistan. Sipas Sht\u00ebpis\u00eb s\u00eb Bardh\u00eb, Steve Witkoff dhe Jared Kushner do t\u00eb zhvillojn\u00eb bisedime n\u00eb Islamabad me ministrin e Jasht\u00ebm iranian, Abbas Araghchi. Zyrtar\u00ebt amerikan\u00eb shpresojn\u00eb q\u00eb ky takim&#8230;<\/p>\n","protected":false},"author":2,"featured_media":3486,"comment_status":"closed","ping_status":"open","sticky":false,"template":"","format":"standard","meta":{"footnotes":""},"categories":[6],"tags":[],"class_list":["post-3485","post","type-post","status-publish","format-standard","has-post-thumbnail","hentry","category-bota"],"yoast_head":"<!-- This site is optimized with the Yoast SEO plugin v27.2 - https:\/\/yoast.com\/product\/yoast-seo-wordpress\/ -->\n<title>Trump rifillon negociatat me Iranin, d\u00ebrgon Witkoff dhe Kushner n\u00eb Pakistan p\u00ebr bisedime - Macedonia Press<\/title>\n<meta name=\"robots\" content=\"index, follow, max-snippet:-1, max-image-preview:large, max-video-preview:-1\" \/>\n<link rel=\"canonical\" href=\"https:\/\/www.macedoniapress.com\/?p=3485\" \/>\n<meta property=\"og:locale\" content=\"en_US\" \/>\n<meta property=\"og:type\" content=\"article\" \/>\n<meta property=\"og:title\" content=\"Trump rifillon negociatat me Iranin, d\u00ebrgon Witkoff dhe Kushner n\u00eb Pakistan p\u00ebr bisedime - Macedonia Press\" \/>\n<meta property=\"og:description\" content=\"Presidenti amerikan Donald Trump ka vendosur t\u00eb rifilloj\u00eb p\u00ebrpjekjet diplomatike p\u00ebr t\u2019i dh\u00ebn\u00eb fund konfliktit me Iranin, duke d\u00ebrguar dy nga t\u00eb d\u00ebrguarit e tij n\u00eb Pakistan. Sipas Sht\u00ebpis\u00eb s\u00eb Bardh\u00eb, Steve Witkoff dhe Jared Kushner do t\u00eb zhvillojn\u00eb bisedime n\u00eb Islamabad me ministrin e Jasht\u00ebm iranian, Abbas Araghchi. Zyrtar\u00ebt amerikan\u00eb shpresojn\u00eb q\u00eb ky takim...\" \/>\n<meta property=\"og:url\" content=\"https:\/\/www.macedoniapress.com\/?p=3485\" \/>\n<meta property=\"og:site_name\" content=\"Macedonia Press\" \/>\n<meta property=\"article:published_time\" content=\"2026-04-25T06:54:40+00:00\" \/>\n<meta property=\"og:image\" content=\"https:\/\/www.macedoniapress.com\/wp-content\/uploads\/2026\/04\/IMG_2942.webp\" \/>\n\t<meta property=\"og:image:width\" content=\"1280\" \/>\n\t<meta property=\"og:image:height\" content=\"720\" \/>\n\t<meta property=\"og:image:type\" content=\"image\/webp\" \/>\n<meta name=\"author\" content=\"Macedonia Press\" \/>\n<meta name=\"twitter:card\" content=\"summary_large_image\" \/>\n<meta name=\"twitter:label1\" content=\"Written by\" \/>\n\t<meta name=\"twitter:data1\" content=\"Macedonia Press\" \/>\n\t<meta name=\"twitter:label2\" content=\"Est. reading time\" \/>\n\t<meta name=\"twitter:data2\" content=\"2 minutes\" \/>\n<script type=\"application\/ld+json\" class=\"yoast-schema-graph\">{\"@context\":\"https:\/\/schema.org\",\"@graph\":[{\"@type\":\"Article\",\"@id\":\"https:\/\/www.macedoniapress.com\/?p=3485#article\",\"isPartOf\":{\"@id\":\"https:\/\/www.macedoniapress.com\/?p=3485\"},\"author\":{\"name\":\"Macedonia Press\",\"@id\":\"https:\/\/www.macedoniapress.com\/#\/schema\/person\/060101f54fa08b58b8847d6f8536f977\"},\"headline\":\"Trump rifillon negociatat me Iranin, d\u00ebrgon Witkoff dhe Kushner n\u00eb Pakistan p\u00ebr bisedime\",\"datePublished\":\"2026-04-25T06:54:40+00:00\",\"mainEntityOfPage\":{\"@id\":\"https:\/\/www.macedoniapress.com\/?p=3485\"},\"wordCount\":381,\"publisher\":{\"@id\":\"https:\/\/www.macedoniapress.com\/#organization\"},\"image\":{\"@id\":\"https:\/\/www.macedoniapress.com\/?p=3485#primaryimage\"},\"thumbnailUrl\":\"https:\/\/www.macedoniapress.com\/wp-content\/uploads\/2026\/04\/IMG_2942.webp\",\"articleSection\":[\"BOTA\"],\"inLanguage\":\"en-US\"},{\"@type\":\"WebPage\",\"@id\":\"https:\/\/www.macedoniapress.com\/?p=3485\",\"url\":\"https:\/\/www.macedoniapress.com\/?p=3485\",\"name\":\"Trump rifillon negociatat me Iranin, d\u00ebrgon Witkoff dhe Kushner n\u00eb Pakistan p\u00ebr bisedime - Macedonia Press\",\"isPartOf\":{\"@id\":\"https:\/\/www.macedoniapress.com\/#website\"},\"primaryImageOfPage\":{\"@id\":\"https:\/\/www.macedoniapress.com\/?p=3485#primaryimage\"},\"image\":{\"@id\":\"https:\/\/www.macedoniapress.com\/?p=3485#primaryimage\"},\"thumbnailUrl\":\"https:\/\/www.macedoniapress.com\/wp-content\/uploads\/2026\/04\/IMG_2942.webp\",\"datePublished\":\"2026-04-25T06:54:40+00:00\",\"breadcrumb\":{\"@id\":\"https:\/\/www.macedoniapress.com\/?p=3485#breadcrumb\"},\"inLanguage\":\"en-US\",\"potentialAction\":[{\"@type\":\"ReadAction\",\"target\":[\"https:\/\/www.macedoniapress.com\/?p=3485\"]}]},{\"@type\":\"ImageObject\",\"inLanguage\":\"en-US\",\"@id\":\"https:\/\/www.macedoniapress.com\/?p=3485#primaryimage\",\"url\":\"https:\/\/www.macedoniapress.com\/wp-content\/uploads\/2026\/04\/IMG_2942.webp\",\"contentUrl\":\"https:\/\/www.macedoniapress.com\/wp-content\/uploads\/2026\/04\/IMG_2942.webp\",\"width\":1280,\"height\":720},{\"@type\":\"BreadcrumbList\",\"@id\":\"https:\/\/www.macedoniapress.com\/?p=3485#breadcrumb\",\"itemListElement\":[{\"@type\":\"ListItem\",\"position\":1,\"name\":\"Home\",\"item\":\"https:\/\/www.macedoniapress.com\/\"},{\"@type\":\"ListItem\",\"position\":2,\"name\":\"Trump rifillon negociatat me Iranin, d\u00ebrgon Witkoff dhe Kushner n\u00eb Pakistan p\u00ebr bisedime\"}]},{\"@type\":\"WebSite\",\"@id\":\"https:\/\/www.macedoniapress.com\/#website\",\"url\":\"https:\/\/www.macedoniapress.com\/\",\"name\":\"Macedonia Press\",\"description\":\"macedoniapress.com\",\"publisher\":{\"@id\":\"https:\/\/www.macedoniapress.com\/#organization\"},\"potentialAction\":[{\"@type\":\"SearchAction\",\"target\":{\"@type\":\"EntryPoint\",\"urlTemplate\":\"https:\/\/www.macedoniapress.com\/?s={search_term_string}\"},\"query-input\":{\"@type\":\"PropertyValueSpecification\",\"valueRequired\":true,\"valueName\":\"search_term_string\"}}],\"inLanguage\":\"en-US\"},{\"@type\":\"Organization\",\"@id\":\"https:\/\/www.macedoniapress.com\/#organization\",\"name\":\"Macedonia Press\",\"url\":\"https:\/\/www.macedoniapress.com\/\",\"logo\":{\"@type\":\"ImageObject\",\"inLanguage\":\"en-US\",\"@id\":\"https:\/\/www.macedoniapress.com\/#\/schema\/logo\/image\/\",\"url\":\"https:\/\/www.macedoniapress.com\/wp-content\/uploads\/2025\/09\/21440B89-8EAC-4476-9403-469F5CA0CDC8.png\",\"contentUrl\":\"https:\/\/www.macedoniapress.com\/wp-content\/uploads\/2025\/09\/21440B89-8EAC-4476-9403-469F5CA0CDC8.png\",\"width\":1536,\"height\":1024,\"caption\":\"Macedonia Press\"},\"image\":{\"@id\":\"https:\/\/www.macedoniapress.com\/#\/schema\/logo\/image\/\"}},{\"@type\":\"Person\",\"@id\":\"https:\/\/www.macedoniapress.com\/#\/schema\/person\/060101f54fa08b58b8847d6f8536f977\",\"name\":\"Macedonia Press\",\"url\":\"https:\/\/www.macedoniapress.com\/?author=2\"}]}<\/script>\n<!-- \/ Yoast SEO plugin. -->","yoast_head_json":{"title":"Trump rifillon negociatat me Iranin, d\u00ebrgon Witkoff dhe Kushner n\u00eb Pakistan p\u00ebr bisedime - Macedonia Press","robots":{"index":"index","follow":"follow","max-snippet":"max-snippet:-1","max-image-preview":"max-image-preview:large","max-video-preview":"max-video-preview:-1"},"canonical":"https:\/\/www.macedoniapress.com\/?p=3485","og_locale":"en_US","og_type":"article","og_title":"Trump rifillon negociatat me Iranin, d\u00ebrgon Witkoff dhe Kushner n\u00eb Pakistan p\u00ebr bisedime - Macedonia Press","og_description":"Presidenti amerikan Donald Trump ka vendosur t\u00eb rifilloj\u00eb p\u00ebrpjekjet diplomatike p\u00ebr t\u2019i dh\u00ebn\u00eb fund konfliktit me Iranin, duke d\u00ebrguar dy nga t\u00eb d\u00ebrguarit e tij n\u00eb Pakistan. Sipas Sht\u00ebpis\u00eb s\u00eb Bardh\u00eb, Steve Witkoff dhe Jared Kushner do t\u00eb zhvillojn\u00eb bisedime n\u00eb Islamabad me ministrin e Jasht\u00ebm iranian, Abbas Araghchi. Zyrtar\u00ebt amerikan\u00eb shpresojn\u00eb q\u00eb ky takim...","og_url":"https:\/\/www.macedoniapress.com\/?p=3485","og_site_name":"Macedonia Press","article_published_time":"2026-04-25T06:54:40+00:00","og_image":[{"width":1280,"height":720,"url":"https:\/\/www.macedoniapress.com\/wp-content\/uploads\/2026\/04\/IMG_2942.webp","type":"image\/webp"}],"author":"Macedonia Press","twitter_card":"summary_large_image","twitter_misc":{"Written by":"Macedonia Press","Est. reading time":"2 minutes"},"schema":{"@context":"https:\/\/schema.org","@graph":[{"@type":"Article","@id":"https:\/\/www.macedoniapress.com\/?p=3485#article","isPartOf":{"@id":"https:\/\/www.macedoniapress.com\/?p=3485"},"author":{"name":"Macedonia Press","@id":"https:\/\/www.macedoniapress.com\/#\/schema\/person\/060101f54fa08b58b8847d6f8536f977"},"headline":"Trump rifillon negociatat me Iranin, d\u00ebrgon Witkoff dhe Kushner n\u00eb Pakistan p\u00ebr bisedime","datePublished":"2026-04-25T06:54:40+00:00","mainEntityOfPage":{"@id":"https:\/\/www.macedoniapress.com\/?p=3485"},"wordCount":381,"publisher":{"@id":"https:\/\/www.macedoniapress.com\/#organization"},"image":{"@id":"https:\/\/www.macedoniapress.com\/?p=3485#primaryimage"},"thumbnailUrl":"https:\/\/www.macedoniapress.com\/wp-content\/uploads\/2026\/04\/IMG_2942.webp","articleSection":["BOTA"],"inLanguage":"en-US"},{"@type":"WebPage","@id":"https:\/\/www.macedoniapress.com\/?p=3485","url":"https:\/\/www.macedoniapress.com\/?p=3485","name":"Trump rifillon negociatat me Iranin, d\u00ebrgon Witkoff dhe Kushner n\u00eb Pakistan p\u00ebr bisedime - Macedonia Press","isPartOf":{"@id":"https:\/\/www.macedoniapress.com\/#website"},"primaryImageOfPage":{"@id":"https:\/\/www.macedoniapress.com\/?p=3485#primaryimage"},"image":{"@id":"https:\/\/www.macedoniapress.com\/?p=3485#primaryimage"},"thumbnailUrl":"https:\/\/www.macedoniapress.com\/wp-content\/uploads\/2026\/04\/IMG_2942.webp","datePublished":"2026-04-25T06:54:40+00:00","breadcrumb":{"@id":"https:\/\/www.macedoniapress.com\/?p=3485#breadcrumb"},"inLanguage":"en-US","potentialAction":[{"@type":"ReadAction","target":["https:\/\/www.macedoniapress.com\/?p=3485"]}]},{"@type":"ImageObject","inLanguage":"en-US","@id":"https:\/\/www.macedoniapress.com\/?p=3485#primaryimage","url":"https:\/\/www.macedoniapress.com\/wp-content\/uploads\/2026\/04\/IMG_2942.webp","contentUrl":"https:\/\/www.macedoniapress.com\/wp-content\/uploads\/2026\/04\/IMG_2942.webp","width":1280,"height":720},{"@type":"BreadcrumbList","@id":"https:\/\/www.macedoniapress.com\/?p=3485#breadcrumb","itemListElement":[{"@type":"ListItem","position":1,"name":"Home","item":"https:\/\/www.macedoniapress.com\/"},{"@type":"ListItem","position":2,"name":"Trump rifillon negociatat me Iranin, d\u00ebrgon Witkoff dhe Kushner n\u00eb Pakistan p\u00ebr bisedime"}]},{"@type":"WebSite","@id":"https:\/\/www.macedoniapress.com\/#website","url":"https:\/\/www.macedoniapress.com\/","name":"Macedonia Press","description":"macedoniapress.com","publisher":{"@id":"https:\/\/www.macedoniapress.com\/#organization"},"potentialAction":[{"@type":"SearchAction","target":{"@type":"EntryPoint","urlTemplate":"https:\/\/www.macedoniapress.com\/?s={search_term_string}"},"query-input":{"@type":"PropertyValueSpecification","valueRequired":true,"valueName":"search_term_string"}}],"inLanguage":"en-US"},{"@type":"Organization","@id":"https:\/\/www.macedoniapress.com\/#organization","name":"Macedonia Press","url":"https:\/\/www.macedoniapress.com\/","logo":{"@type":"ImageObject","inLanguage":"en-US","@id":"https:\/\/www.macedoniapress.com\/#\/schema\/logo\/image\/","url":"https:\/\/www.macedoniapress.com\/wp-content\/uploads\/2025\/09\/21440B89-8EAC-4476-9403-469F5CA0CDC8.png","contentUrl":"https:\/\/www.macedoniapress.com\/wp-content\/uploads\/2025\/09\/21440B89-8EAC-4476-9403-469F5CA0CDC8.png","width":1536,"height":1024,"caption":"Macedonia Press"},"image":{"@id":"https:\/\/www.macedoniapress.com\/#\/schema\/logo\/image\/"}},{"@type":"Person","@id":"https:\/\/www.macedoniapress.com\/#\/schema\/person\/060101f54fa08b58b8847d6f8536f977","name":"Macedonia Press","url":"https:\/\/www.macedoniapress.com\/?author=2"}]}},"_links":{"self":[{"href":"https:\/\/www.macedoniapress.com\/index.php?rest_route=\/wp\/v2\/posts\/3485","targetHints":{"allow":["GET"]}}],"collection":[{"href":"https:\/\/www.macedoniapress.com\/index.php?rest_route=\/wp\/v2\/posts"}],"about":[{"href":"https:\/\/www.macedoniapress.com\/index.php?rest_route=\/wp\/v2\/types\/post"}],"author":[{"embeddable":true,"href":"https:\/\/www.macedoniapress.com\/index.php?rest_route=\/wp\/v2\/users\/2"}],"replies":[{"embeddable":true,"href":"https:\/\/www.macedoniapress.com\/index.php?rest_route=%2Fwp%2Fv2%2Fcomments&post=3485"}],"version-history":[{"count":1,"href":"https:\/\/www.macedoniapress.com\/index.php?rest_route=\/wp\/v2\/posts\/3485\/revisions"}],"predecessor-version":[{"id":3487,"href":"https:\/\/www.macedoniapress.com\/index.php?rest_route=\/wp\/v2\/posts\/3485\/revisions\/3487"}],"wp:featuredmedia":[{"embeddable":true,"href":"https:\/\/www.macedoniapress.com\/index.php?rest_route=\/wp\/v2\/media\/3486"}],"wp:attachment":[{"href":"https:\/\/www.macedoniapress.com\/index.php?rest_route=%2Fwp%2Fv2%2Fmedia&parent=3485"}],"wp:term":[{"taxonomy":"category","embeddable":true,"href":"https:\/\/www.macedoniapress.com\/index.php?rest_route=%2Fwp%2Fv2%2Fcategories&post=3485"},{"taxonomy":"post_tag","embeddable":true,"href":"https:\/\/www.macedoniapress.com\/index.php?rest_route=%2Fwp%2Fv2%2Ftags&post=3485"}],"curies":[{"name":"wp","href":"https:\/\/api.w.org\/{rel}","templated":true}]}}